{"id":1648,"date":"2023-09-14T13:02:53","date_gmt":"2023-09-14T13:02:53","guid":{"rendered":"https:\/\/www.grancanariastays.com\/blog\/?p=1648"},"modified":"2025-05-29T10:48:43","modified_gmt":"2025-05-29T10:48:43","slug":"winter-pride-maspalomas","status":"publish","type":"post","link":"https:\/\/www.grancanariastays.com\/blog\/de\/winter-pride-maspalomas\/","title":{"rendered":"Winter Pride Maspalomas 2023: ein Fest des Stolzes, der den Winter erleuchtet"},"content":{"rendered":"\t\t<div data-elementor-type=\"wp-post\" data-elementor-id=\"1648\" class=\"elementor elementor-1648 elementor-1564\" data-elementor-post-type=\"post\">\n\t\t\t\t\t\t<section class=\"elementor-section elementor-top-section elementor-element elementor-element-7ea00ca2 elementor-section-boxed elementor-section-height-default elementor-section-height-default\" data-id=\"7ea00ca2\" data-element_type=\"section\">\n\t\t\t\t\t\t<div class=\"elementor-container elementor-column-gap-default\">\n\t\t\t\t\t<div class=\"elementor-column elementor-col-100 elementor-top-column elementor-element elementor-element-1fa273d4\" data-id=\"1fa273d4\" data-element_type=\"column\">\n\t\t\t<div class=\"elementor-widget-wrap elementor-element-populated\">\n\t\t\t\t\t\t<div class=\"elementor-element elementor-element-76336708 elementor-widget elementor-widget-text-editor\" data-id=\"76336708\" data-element_type=\"widget\" data-widget_type=\"text-editor.default\">\n\t\t\t\t<div class=\"elementor-widget-container\">\n\t\t\t\t\t\t\t\t\t<p><span style=\"font-weight: 400;\">Auch wenn die Temperaturen in anderen Gegenden langsam fallen, beh\u00e4lt Maspalomas auf Gran Canaria sein warmes, angenehmes Klima und ist daher der ideale Austragungsort f\u00fcr die <\/span><b>Winter Pride Maspalomas 2023<\/b><span style=\"font-weight: 400;\">. Dieses Event ist viel mehr als eine Party \u2013 es ist ein wichtiges Datum im LGBT+ Kalender, der die Stadt in einen Regenbogen der Lebensfreude, Toleranz und Spa\u00df verwandelt.<\/span><\/p>\t\t\t\t\t\t\t\t<\/div>\n\t\t\t\t<\/div>\n\t\t\t\t\t<\/div>\n\t\t<\/div>\n\t\t\t\t\t<\/div>\n\t\t<\/section>\n\t\t\t\t<section class=\"elementor-section elementor-top-section elementor-element elementor-element-52d27ea elementor-section-boxed elementor-section-height-default elementor-section-height-default\" data-id=\"52d27ea\" data-element_type=\"section\">\n\t\t\t\t\t\t<div class=\"elementor-container elementor-column-gap-default\">\n\t\t\t\t\t<div class=\"elementor-column elementor-col-100 elementor-top-column elementor-element elementor-element-fe70941\" data-id=\"fe70941\" data-element_type=\"column\">\n\t\t\t<div class=\"elementor-widget-wrap elementor-element-populated\">\n\t\t\t\t\t\t<div class=\"elementor-element elementor-element-6880476 elementor-blockquote--skin-border elementor-blockquote--button-color-official elementor-widget elementor-widget-blockquote\" data-id=\"6880476\" data-element_type=\"widget\" data-widget_type=\"blockquote.default\">\n\t\t\t\t<div class=\"elementor-widget-container\">\n\t\t\t\t\t\t\t<blockquote class=\"elementor-blockquote\">\n\t\t\t<p class=\"elementor-blockquote__content\">\n\t\t\t\tWir erwarten dich vom 6. bis 12. November, um den Winter Pride in Maspalomas zu feiern.\n\t\t\t<\/p>\n\t\t\t\t\t<\/blockquote>\n\t\t\t\t\t\t<\/div>\n\t\t\t\t<\/div>\n\t\t\t\t\t<\/div>\n\t\t<\/div>\n\t\t\t\t\t<\/div>\n\t\t<\/section>\n\t\t\t\t<section class=\"elementor-section elementor-top-section elementor-element elementor-element-e2cdd5f elementor-section-boxed elementor-section-height-default elementor-section-height-default\" data-id=\"e2cdd5f\" data-element_type=\"section\">\n\t\t\t\t\t\t<div class=\"elementor-container elementor-column-gap-default\">\n\t\t\t\t\t<div class=\"elementor-column elementor-col-100 elementor-top-column elementor-element elementor-element-e670215\" data-id=\"e670215\" data-element_type=\"column\">\n\t\t\t<div class=\"elementor-widget-wrap elementor-element-populated\">\n\t\t\t\t\t\t<div class=\"elementor-element elementor-element-54473ca elementor-widget elementor-widget-heading\" data-id=\"54473ca\" data-element_type=\"widget\" data-widget_type=\"heading.default\">\n\t\t\t\t<div class=\"elementor-widget-container\">\n\t\t\t\t\t<h2 class=\"elementor-heading-title elementor-size-default\">Veranstaltungen der Winter Pride in Maspalomas\n<\/h2>\t\t\t\t<\/div>\n\t\t\t\t<\/div>\n\t\t\t\t<div class=\"elementor-element elementor-element-2e55ff3 elementor-widget elementor-widget-text-editor\" data-id=\"2e55ff3\" data-element_type=\"widget\" data-widget_type=\"text-editor.default\">\n\t\t\t\t<div class=\"elementor-widget-container\">\n\t\t\t\t\t\t\t\t\t<p><span style=\"font-weight: 400;\">Der Veranstaltungskalender der<\/span><b><a href=\"https:\/\/www.winterpride.com\/de\/\"> Winter Pride Maspalomas<\/a> 2023<\/b><span style=\"font-weight: 400;\"> ist eindrucksvoll und garantiert Tage voller Emotionen und Unterhaltung. Die ganze Woche \u00fcber gibt es verschiedene Events und Ereignisse f\u00fcr jeden Geschmack und jedes Alter.<\/span><\/p><ul><li>Montag, 6. November: BBQ und Poolparty im AxelBeach Hotel<\/li><li>Dienstag, 7. November: Club Tropicana Poolparty im Hotel Ritual + XXX Men Only Bootsfahrt<\/li><li>Mittwoch, 8. November: Wet &amp; White \u2013 Amadores Beach Club + Gay Boat Cruise<\/li><li>Donnerstag, 9. November: CrossFit am Playa del Ingl\u00e9s<\/li><li>Freitag, 10. November: Ultra Pride Edition<\/li><li>Samstag, 11. November: Pride Walk Truck<\/li><li>Sonntag, 12. November: T-Dance<\/li><\/ul><p><span style=\"font-weight: 400;\">Die <\/span><b>Pride Parade<\/b><span style=\"font-weight: 400;\">, der pulsierende H\u00f6hepunkt der Feiern, ist das am hei\u00dfesten erwartete Ereignis der Woche. Farbenfroh geschm\u00fcckte Umzugswagen, stimmungsvolle Musik und unz\u00e4hlige Fans treffen sich auf den Stra\u00dfen von Maspalomas, um eine wirkungsvolle Botschaft der Akzeptanz und Liebe zu verbreiten.<\/span><\/p><p><span style=\"background-color: transparent;\">Neben den Feiern und der Musik werden auch <\/span><b style=\"background-color: transparent;\">kulturelle und soziale Veranstaltungen<\/b><span style=\"background-color: transparent;\"> organisiert. Sie k\u00f6nnen an Gespr\u00e4chen, Workshops und Treffen rund um die LGBT+ Community teilnehmen, bei denen aktuelle Themen diskutiert und Erfahrungen ausgetauscht werden und die Vielfalt gefeiert wird.<\/span><\/p><p><span style=\"background-color: transparent;\">Wenn Sie die Feiern mit etwas Entspannung verbinden m\u00f6chten, darf die <\/span><b style=\"background-color: transparent;\">Party am Strand<\/b><span style=\"background-color: transparent;\"> in Ihrem Kalender nicht fehlen. Genie\u00dfen Sie einen Tag mit Sonne, Sand und Meer, im Rhythmus der besten Musik.<\/span><\/p><p><span style=\"background-color: transparent;\">Auch <\/span><b style=\"background-color: transparent;\">sportliche Ereignisse<\/b><span style=\"background-color: transparent;\"> wie Rennen und Tourniere stehen auf dem Programm. Diese Veranstaltungen werben nicht nur f\u00fcr einen gesunden Lebensstil, sondern sie f\u00f6rdern auch die Freundschaft und den Teamgeist bei den Teilnehmern.<\/span><\/p>\t\t\t\t\t\t\t\t<\/div>\n\t\t\t\t<\/div>\n\t\t\t\t\t<\/div>\n\t\t<\/div>\n\t\t\t\t\t<\/div>\n\t\t<\/section>\n\t\t\t\t<section class=\"elementor-section elementor-top-section elementor-element elementor-element-52b24b6 elementor-section-boxed elementor-section-height-default elementor-section-height-default\" data-id=\"52b24b6\" data-element_type=\"section\">\n\t\t\t\t\t\t<div class=\"elementor-container elementor-column-gap-default\">\n\t\t\t\t\t<div class=\"elementor-column elementor-col-100 elementor-top-column elementor-element elementor-element-321753e\" data-id=\"321753e\" data-element_type=\"column\">\n\t\t\t<div class=\"elementor-widget-wrap elementor-element-populated\">\n\t\t\t\t\t\t<div class=\"elementor-element elementor-element-dcef3a9 elementor-widget__width-initial elementor-widget elementor-widget-image\" data-id=\"dcef3a9\" data-element_type=\"widget\" data-widget_type=\"image.default\">\n\t\t\t\t<div class=\"elementor-widget-container\">\n\t\t\t\t\t\t\t\t\t\t\t\t\t\t\t<img decoding=\"async\" src=\"https:\/\/www.grancanariastays.com\/blog\/wp-content\/uploads\/elementor\/thumbs\/festival-winter-pride-canarias-qc1uc97ozk5i5h3lzo724bb4pvuu3knsoxw5agbgr8.jpg\" title=\"festival winter pride canarias\" alt=\"festival winter pride canarias\" loading=\"lazy\" \/>\t\t\t\t\t\t\t\t\t\t\t\t\t\t\t<\/div>\n\t\t\t\t<\/div>\n\t\t\t\t\t<\/div>\n\t\t<\/div>\n\t\t\t\t\t<\/div>\n\t\t<\/section>\n\t\t\t\t<section class=\"elementor-section elementor-top-section elementor-element elementor-element-2d2f907 elementor-section-boxed elementor-section-height-default elementor-section-height-default\" data-id=\"2d2f907\" data-element_type=\"section\">\n\t\t\t\t\t\t<div class=\"elementor-container elementor-column-gap-default\">\n\t\t\t\t\t<div class=\"elementor-column elementor-col-100 elementor-top-column elementor-element elementor-element-12878c7\" data-id=\"12878c7\" data-element_type=\"column\">\n\t\t\t<div class=\"elementor-widget-wrap elementor-element-populated\">\n\t\t\t\t\t\t<div class=\"elementor-element elementor-element-a655973 elementor-widget elementor-widget-heading\" data-id=\"a655973\" data-element_type=\"widget\" data-widget_type=\"heading.default\">\n\t\t\t\t<div class=\"elementor-widget-container\">\n\t\t\t\t\t<h2 class=\"elementor-heading-title elementor-size-default\">Das Ambiente bei der Maspalomas Winter Pride<\/h2>\t\t\t\t<\/div>\n\t\t\t\t<\/div>\n\t\t\t\t<div class=\"elementor-element elementor-element-d89e0cd elementor-widget elementor-widget-text-editor\" data-id=\"d89e0cd\" data-element_type=\"widget\" data-widget_type=\"text-editor.default\">\n\t\t\t\t<div class=\"elementor-widget-container\">\n\t\t\t\t\t\t\t\t\t<p><span style=\"font-weight: 400;\">Die Stimmung bei der <\/span><b>Maspalomas Winter Pride 2023<\/b><span style=\"font-weight: 400;\"> ist zweifellos einer der fesselndsten Aspekte des Events. W\u00e4hrend der gesamten Woche verwandelt sich die Insel in ein Spektakel der Farben, Musik und Lebensfreude, das in jedem Winkel der Stadt zu sp\u00fcren ist.<\/span><\/p>\n<p><span style=\"background-color: transparent;\">Die lebenspr\u00fchende Energie der Festlichkeiten ist vom Sonnenauf- bis -untergang sp\u00fcrbar. Die Stadt ist \u00fcbers\u00e4t mit Fahnen in den Farben des Regenbogens, Glitzer und Lachen, und verwandelt sich in ein Ambiente, das sowohl Besucher als auch Einheimische in seinen Bann zieht.<\/span><br><\/p>\n<p><span style=\"background-color: transparent;\">Auf den Pl\u00e4tzen, Terrassen und in den Bars erwartet Sie ein best\u00e4ndiges Get\u00fcmmel voller Aktivit\u00e4ten und Emotionen. Die Open-Air-Konzerte sind ein Zentrum f\u00fcr Spa\u00df und Tanz, bei dem die Musik alle vereint, unabh\u00e4ngig von Herkunft oder Orientierung. Die K\u00fcnstler erzeugen mit ihrer Musik eine Feierstimmung, auf die das Publikum mit ansteckender Begeisterung reagiert.<\/span><br><\/p>\n<p><span style=\"background-color: transparent;\">Die <\/span><b style=\"background-color: transparent;\">Pride Parade<\/b><span style=\"background-color: transparent;\"> bildet nat\u00fcrlich den H\u00f6hepunkt der Festwoche. Die geschm\u00fcckten Wagen, die extravaganten Kost\u00fcme und die engagierten Teilnehmer erzeugen eine Feierstimmung, die man sicher nicht so schnell vergessen wird.<\/span><br><\/p>\t\t\t\t\t\t\t\t<\/div>\n\t\t\t\t<\/div>\n\t\t\t\t\t<\/div>\n\t\t<\/div>\n\t\t\t\t\t<\/div>\n\t\t<\/section>\n\t\t\t\t<section class=\"elementor-section elementor-top-section elementor-element elementor-element-cfa356e elementor-section-boxed elementor-section-height-default elementor-section-height-default\" data-id=\"cfa356e\" data-element_type=\"section\">\n\t\t\t\t\t\t<div class=\"elementor-container elementor-column-gap-default\">\n\t\t\t\t\t<div class=\"elementor-column elementor-col-100 elementor-top-column elementor-element elementor-element-c48996d\" data-id=\"c48996d\" data-element_type=\"column\">\n\t\t\t<div class=\"elementor-widget-wrap elementor-element-populated\">\n\t\t\t\t\t\t<div class=\"elementor-element elementor-element-fc4381e elementor-widget elementor-widget-heading\" data-id=\"fc4381e\" data-element_type=\"widget\" data-widget_type=\"heading.default\">\n\t\t\t\t<div class=\"elementor-widget-container\">\n\t\t\t\t\t<h2 class=\"elementor-heading-title elementor-size-default\">Maspalomas als LGBT+ Friendly Ziel\n<\/h2>\t\t\t\t<\/div>\n\t\t\t\t<\/div>\n\t\t\t\t<div class=\"elementor-element elementor-element-0f86a26 elementor-widget elementor-widget-text-editor\" data-id=\"0f86a26\" data-element_type=\"widget\" data-widget_type=\"text-editor.default\">\n\t\t\t\t<div class=\"elementor-widget-container\">\n\t\t\t\t\t\t\t\t\t<p><span style=\"font-weight: 400;\">Maspalomas hat sich weltweit einen Namen als eines der angenehmsten Reiseziele f\u00fcr die LGBT+ Community gemacht, und die Gr\u00fcnde daf\u00fcr sind leicht verst\u00e4ndlich. Mit seiner offenen und gastfreundlichen Atmosph\u00e4re und vielen speziell auf die LGBT+ Community zugeschnittenen Events ist Maspalomas ein Reiseziel, das die Vielfalt und die Inklusion feiert.<\/span><\/p>\t\t\t\t\t\t\t\t<\/div>\n\t\t\t\t<\/div>\n\t\t\t\t\t<\/div>\n\t\t<\/div>\n\t\t\t\t\t<\/div>\n\t\t<\/section>\n\t\t\t\t<section class=\"elementor-section elementor-top-section elementor-element elementor-element-a7592f0 elementor-section-boxed elementor-section-height-default elementor-section-height-default\" data-id=\"a7592f0\" data-element_type=\"section\">\n\t\t\t\t\t\t<div class=\"elementor-container elementor-column-gap-default\">\n\t\t\t\t\t<div class=\"elementor-column elementor-col-50 elementor-top-column elementor-element elementor-element-069508e\" data-id=\"069508e\" data-element_type=\"column\">\n\t\t\t<div class=\"elementor-widget-wrap elementor-element-populated\">\n\t\t\t\t\t\t<div class=\"elementor-element elementor-element-7379ae5 elementor-widget elementor-widget-text-editor\" data-id=\"7379ae5\" data-element_type=\"widget\" data-widget_type=\"text-editor.default\">\n\t\t\t\t<div class=\"elementor-widget-container\">\n\t\t\t\t\t\t\t\t\t<p><span style=\"font-weight: 400;\">Ein wichtiges Zentrum ist das <\/span><b>Centro Comercial Yumbo<\/b><span style=\"font-weight: 400;\">. Dieser ber\u00fchmte Treffpunkt ist f\u00fcr seine vielen Bars, Restaurants und L\u00e4den bekannt, die vor allem die LGBT+ Community ansprechen. Besucher finden hier eine Vielzahl unterschiedlicher Unterhaltungsm\u00f6glichkeiten \u2013 von Cocktailbars und Diskotheken bis hin zu Drag-Shows und Live-Musik.<\/span><\/p><p><span style=\"background-color: transparent;\">Wenn Sie in der Sonne entspannen m\u00f6chten, ist der <\/span><b style=\"background-color: transparent;\">Strand von Maspalomas<\/b><span style=\"background-color: transparent;\"> ideal. Dieser Strand ist daf\u00fcr bekannt, dass die LGBT+ Community hier besonders willkommen ist, und bietet ein ruhiges, herzliches Ambiente.<\/span><\/p><p><span style=\"background-color: transparent;\">Auf der Insel finden zahlreiche <\/span><b style=\"background-color: transparent;\">LGBT+ Veranstaltungen <\/b><span style=\"background-color: transparent;\">statt, wobei die Winter Pride die gr\u00f6\u00dfte davon ist. Doch auch w\u00e4hrend der \u00fcbrigen Monate des Jahres f\u00f6rdern andere Veranstaltungen die Diversit\u00e4t und Inklusion, wie zum Beispiel die Maspalomas Gay Pride im Mai oder das Freedom Festival im September.<\/span><\/p><p><span style=\"background-color: transparent;\">Die Insel verf\u00fcgt \u00fcber eine gro\u00dfe Vielfalt von <\/span><a href=\"https:\/\/www.grancanariastays.com\/de\/vermietung\/vermietungen-maspalomas-san-bartolome-de-tirajana-n1904047\/\"><b>Unterk\u00fcnften<\/b><\/a><span style=\"background-color: transparent;\">, die auch Services speziell f\u00fcr die Bed\u00fcrfnisse dieser Besuchergruppen bieten. Einige Hotels organisieren sogar gesellige Veranstaltungen und Poolpartys.<\/span><\/p><p><span style=\"background-color: transparent;\">Neben seinem inklusiven Ambiente zeichnet sich Maspalomas durch seinen Einsatz f\u00fcr <\/span><b style=\"background-color: transparent;\">Sicherheit und die Rechte der LGBT+ Community<\/b><span style=\"background-color: transparent;\"> aus. So besitzt die Stadt eine Touristenpolizei, die f\u00fcr die Sicherheit der Besucher sorgt.<\/span><\/p>\t\t\t\t\t\t\t\t<\/div>\n\t\t\t\t<\/div>\n\t\t\t\t\t<\/div>\n\t\t<\/div>\n\t\t\t\t<div class=\"elementor-column elementor-col-50 elementor-top-column elementor-element elementor-element-bca54ee\" data-id=\"bca54ee\" data-element_type=\"column\">\n\t\t\t<div class=\"elementor-widget-wrap elementor-element-populated\">\n\t\t\t\t\t\t<div class=\"elementor-element elementor-element-c28dbc2 elementor-widget elementor-widget-image\" data-id=\"c28dbc2\" data-element_type=\"widget\" data-widget_type=\"image.default\">\n\t\t\t\t<div class=\"elementor-widget-container\">\n\t\t\t\t\t\t\t\t\t\t\t\t<figure class=\"wp-caption\">\n\t\t\t\t\t\t\t\t\t\t<img fetchpriority=\"high\" decoding=\"async\" width=\"400\" height=\"566\" src=\"https:\/\/www.grancanariastays.com\/blog\/wp-content\/uploads\/2023\/09\/Winter-Pride-Maspalomas-Gran-Canaria.jpg\" class=\"attachment-full size-full wp-image-1578\" alt=\"Winter-Pride-Maspalomas-Gran-Canaria\" \/>\t\t\t\t\t\t\t\t\t\t\t<figcaption class=\"widget-image-caption wp-caption-text\">winterpride.com<\/figcaption>\n\t\t\t\t\t\t\t\t\t\t<\/figure>\n\t\t\t\t\t\t\t\t\t<\/div>\n\t\t\t\t<\/div>\n\t\t\t\t\t<\/div>\n\t\t<\/div>\n\t\t\t\t\t<\/div>\n\t\t<\/section>\n\t\t\t\t<section class=\"elementor-section elementor-top-section elementor-element elementor-element-176b0ec elementor-section-boxed elementor-section-height-default elementor-section-height-default\" data-id=\"176b0ec\" data-element_type=\"section\">\n\t\t\t\t\t\t<div class=\"elementor-container elementor-column-gap-default\">\n\t\t\t\t\t<div class=\"elementor-column elementor-col-100 elementor-top-column elementor-element elementor-element-fc84b52\" data-id=\"fc84b52\" data-element_type=\"column\">\n\t\t\t<div class=\"elementor-widget-wrap elementor-element-populated\">\n\t\t\t\t\t\t<div class=\"elementor-element elementor-element-e284881 elementor-widget elementor-widget-heading\" data-id=\"e284881\" data-element_type=\"widget\" data-widget_type=\"heading.default\">\n\t\t\t\t<div class=\"elementor-widget-container\">\n\t\t\t\t\t<h2 class=\"elementor-heading-title elementor-size-default\">Erleben Sie alle Farben des Regenbogens und der \u00fcbrigen Fahnen bei der  Maspalomas Winter Pride<\/h2>\t\t\t\t<\/div>\n\t\t\t\t<\/div>\n\t\t\t\t<div class=\"elementor-element elementor-element-912d511 elementor-widget elementor-widget-text-editor\" data-id=\"912d511\" data-element_type=\"widget\" data-widget_type=\"text-editor.default\">\n\t\t\t\t<div class=\"elementor-widget-container\">\n\t\t\t\t\t\t\t\t\t<p><span style=\"font-weight: 400;\">Die<\/span><b> Winter Pride Maspalomas 2023 <\/b><span style=\"font-weight: 400;\">verspricht, eine Feier voller Farben, Musik, Solidarit\u00e4t und Lebensfreude zu werden. Sie bietet eine einzigartige M\u00f6glichkeit, das bevorzugte Klima von Gran Canaria bei einer Party zu genie\u00dfen, die die Diversit\u00e4t und den Respekt feiert. In Maspalomas steht der Winter f\u00fcr den Stolz. Wir erwarten Sie zum hei\u00dfesten Event des Jahres!<\/span><\/p>\t\t\t\t\t\t\t\t<\/div>\n\t\t\t\t<\/div>\n\t\t\t\t\t<\/div>\n\t\t<\/div>\n\t\t\t\t\t<\/div>\n\t\t<\/section>\n\t\t\t\t<section class=\"elementor-section elementor-top-section elementor-element elementor-element-40352476 elementor-section-boxed elementor-section-height-default elementor-section-height-default\" data-id=\"40352476\" data-element_type=\"section\">\n\t\t\t\t\t\t<div class=\"elementor-container elementor-column-gap-default\">\n\t\t\t\t\t<div class=\"elementor-column elementor-col-33 elementor-top-column elementor-element elementor-element-6a3f9388\" data-id=\"6a3f9388\" data-element_type=\"column\">\n\t\t\t<div class=\"elementor-widget-wrap elementor-element-populated\">\n\t\t\t\t\t\t<div class=\"elementor-element elementor-element-40bac1c9 elementor-align-center elementor-widget elementor-widget-button\" data-id=\"40bac1c9\" data-element_type=\"widget\" data-widget_type=\"button.default\">\n\t\t\t\t<div class=\"elementor-widget-container\">\n\t\t\t\t\t\t\t\t\t<div class=\"elementor-button-wrapper\">\n\t\t\t\t\t<a class=\"elementor-button elementor-button-link elementor-size-sm\" href=\"https:\/\/www.grancanariastays.com\/de\/vermietung\/ferienhauser-maspalomas-san-bartolome-de-tirajana-c19n1904047\/\" target=\"_blank\">\n\t\t\t\t\t\t<span class=\"elementor-button-content-wrapper\">\n\t\t\t\t\t\t\t\t\t<span class=\"elementor-button-text\">Haus Maspalomas<\/span>\n\t\t\t\t\t<\/span>\n\t\t\t\t\t<\/a>\n\t\t\t\t<\/div>\n\t\t\t\t\t\t\t\t<\/div>\n\t\t\t\t<\/div>\n\t\t\t\t\t<\/div>\n\t\t<\/div>\n\t\t\t\t<div class=\"elementor-column elementor-col-33 elementor-top-column elementor-element elementor-element-706f0fe3\" data-id=\"706f0fe3\" data-element_type=\"column\">\n\t\t\t<div class=\"elementor-widget-wrap elementor-element-populated\">\n\t\t\t\t\t\t<div class=\"elementor-element elementor-element-503842e6 elementor-align-center elementor-widget elementor-widget-button\" data-id=\"503842e6\" data-element_type=\"widget\" data-widget_type=\"button.default\">\n\t\t\t\t<div class=\"elementor-widget-container\">\n\t\t\t\t\t\t\t\t\t<div class=\"elementor-button-wrapper\">\n\t\t\t\t\t<a class=\"elementor-button elementor-button-link elementor-size-sm\" href=\"https:\/\/www.grancanariastays.com\/de\/vermietung\/chalets-maspalomas-san-bartolome-de-tirajana-c20n1904047\/\" target=\"_blank\">\n\t\t\t\t\t\t<span class=\"elementor-button-content-wrapper\">\n\t\t\t\t\t\t\t\t\t<span class=\"elementor-button-text\">Chalet Maspalomas<\/span>\n\t\t\t\t\t<\/span>\n\t\t\t\t\t<\/a>\n\t\t\t\t<\/div>\n\t\t\t\t\t\t\t\t<\/div>\n\t\t\t\t<\/div>\n\t\t\t\t\t<\/div>\n\t\t<\/div>\n\t\t\t\t<div class=\"elementor-column elementor-col-33 elementor-top-column elementor-element elementor-element-360d2ec7\" data-id=\"360d2ec7\" data-element_type=\"column\">\n\t\t\t<div class=\"elementor-widget-wrap elementor-element-populated\">\n\t\t\t\t\t\t<div class=\"elementor-element elementor-element-14d4caa4 elementor-align-center elementor-widget elementor-widget-button\" data-id=\"14d4caa4\" data-element_type=\"widget\" data-widget_type=\"button.default\">\n\t\t\t\t<div class=\"elementor-widget-container\">\n\t\t\t\t\t\t\t\t\t<div class=\"elementor-button-wrapper\">\n\t\t\t\t\t<a class=\"elementor-button elementor-button-link elementor-size-sm\" href=\"https:\/\/www.grancanariastays.com\/de\/vermietung\/bungalows-maspalomas-san-bartolome-de-tirajana-c21n1904047\/\" target=\"_blank\">\n\t\t\t\t\t\t<span class=\"elementor-button-content-wrapper\">\n\t\t\t\t\t\t\t\t\t<span class=\"elementor-button-text\">Bungalow Maspalomas<\/span>\n\t\t\t\t\t<\/span>\n\t\t\t\t\t<\/a>\n\t\t\t\t<\/div>\n\t\t\t\t\t\t\t\t<\/div>\n\t\t\t\t<\/div>\n\t\t\t\t\t<\/div>\n\t\t<\/div>\n\t\t\t\t\t<\/div>\n\t\t<\/section>\n\t\t\t\t<\/div>\n\t\t","protected":false},"excerpt":{"rendered":"<p>Auch wenn die Temperaturen in anderen Gegenden langsam fallen, beh\u00e4lt Maspalomas auf Gran Canaria sein warmes, angenehmes Klima und ist daher der ideale Austragungsort f\u00fcr die Winter Pride Maspalomas 2023. Dieses Event ist viel mehr als eine Party \u2013 es ist ein wichtiges Datum im LGBT+ Kalender, der die Stadt in einen Regenbogen der Lebensfreude, [&hellip;]<\/p>\n","protected":false},"author":3,"featured_media":1606,"comment_status":"open","ping_status":"open","sticky":false,"template":"","format":"standard","meta":{"footnotes":""},"categories":[74],"tags":[],"class_list":["post-1648","post","type-post","status-publish","format-standard","has-post-thumbnail","hentry","category-partys-und-events"],"yoast_head":"<!-- This site is optimized with the Yoast SEO plugin v25.1 - https:\/\/yoast.com\/wordpress\/plugins\/seo\/ -->\n<title>Winter Pride Maspalomas 2023 | Gran Canaria Stays<\/title>\n<meta name=\"description\" content=\"Entdecken Sie die Winter Pride Maspalomas 2023, die pulsierende LGBT+ Party und den Zauber von Maspalomas als ideales Strandurlaubsziel.\" \/>\n<meta name=\"robots\" content=\"index, follow, max-snippet:-1, max-image-preview:large, max-video-preview:-1\" \/>\n<link rel=\"canonical\" href=\"https:\/\/www.grancanariastays.com\/blog\/de\/winter-pride-maspalomas\/\" \/>\n<meta property=\"og:locale\" content=\"de_DE\" \/>\n<meta property=\"og:type\" content=\"article\" \/>\n<meta property=\"og:title\" content=\"Winter Pride Maspalomas 2023 | Gran Canaria Stays\" \/>\n<meta property=\"og:description\" content=\"Entdecken Sie die Winter Pride Maspalomas 2023, die pulsierende LGBT+ Party und den Zauber von Maspalomas als ideales Strandurlaubsziel.\" \/>\n<meta property=\"og:url\" content=\"https:\/\/www.grancanariastays.com\/blog\/de\/winter-pride-maspalomas\/\" \/>\n<meta property=\"og:site_name\" content=\"Gran Canaria | Blog\" \/>\n<meta property=\"article:publisher\" content=\"https:\/\/www.facebook.com\/Grancanariastays\" \/>\n<meta property=\"article:published_time\" content=\"2023-09-14T13:02:53+00:00\" \/>\n<meta property=\"article:modified_time\" content=\"2025-05-29T10:48:43+00:00\" \/>\n<meta property=\"og:image\" content=\"https:\/\/www.grancanariastays.com\/blog\/wp-content\/uploads\/2023\/09\/winter-pride-maspalomas-gran-canaria-1.jpg\" \/>\n\t<meta property=\"og:image:width\" content=\"1920\" \/>\n\t<meta property=\"og:image:height\" content=\"700\" \/>\n\t<meta property=\"og:image:type\" content=\"image\/jpeg\" \/>\n<meta name=\"author\" content=\"digitalservices@avantio.com\" \/>\n<meta name=\"twitter:card\" content=\"summary_large_image\" \/>\n<meta name=\"twitter:label1\" content=\"Written by\" \/>\n\t<meta name=\"twitter:data1\" content=\"digitalservices@avantio.com\" \/>\n\t<meta name=\"twitter:label2\" content=\"Est. reading time\" \/>\n\t<meta name=\"twitter:data2\" content=\"5 minutes\" \/>\n<script type=\"application\/ld+json\" class=\"yoast-schema-graph\">{\"@context\":\"https:\/\/schema.org\",\"@graph\":[{\"@type\":\"Article\",\"@id\":\"https:\/\/www.grancanariastays.com\/blog\/de\/winter-pride-maspalomas\/#article\",\"isPartOf\":{\"@id\":\"https:\/\/www.grancanariastays.com\/blog\/de\/winter-pride-maspalomas\/\"},\"author\":{\"name\":\"digitalservices@avantio.com\",\"@id\":\"https:\/\/www.grancanariastays.com\/blog\/#\/schema\/person\/35f7856bb384d1ebae2b3aa592e46d5f\"},\"headline\":\"Winter Pride Maspalomas 2023: ein Fest des Stolzes, der den Winter erleuchtet\",\"datePublished\":\"2023-09-14T13:02:53+00:00\",\"dateModified\":\"2025-05-29T10:48:43+00:00\",\"mainEntityOfPage\":{\"@id\":\"https:\/\/www.grancanariastays.com\/blog\/de\/winter-pride-maspalomas\/\"},\"wordCount\":858,\"commentCount\":0,\"publisher\":{\"@id\":\"https:\/\/www.grancanariastays.com\/blog\/#organization\"},\"image\":{\"@id\":\"https:\/\/www.grancanariastays.com\/blog\/de\/winter-pride-maspalomas\/#primaryimage\"},\"thumbnailUrl\":\"https:\/\/www.grancanariastays.com\/blog\/wp-content\/uploads\/2023\/09\/winter-pride-maspalomas-gran-canaria-1.jpg\",\"articleSection\":[\"Partys und Events\"],\"inLanguage\":\"de\",\"potentialAction\":[{\"@type\":\"CommentAction\",\"name\":\"Comment\",\"target\":[\"https:\/\/www.grancanariastays.com\/blog\/de\/winter-pride-maspalomas\/#respond\"]}]},{\"@type\":\"WebPage\",\"@id\":\"https:\/\/www.grancanariastays.com\/blog\/de\/winter-pride-maspalomas\/\",\"url\":\"https:\/\/www.grancanariastays.com\/blog\/de\/winter-pride-maspalomas\/\",\"name\":\"Winter Pride Maspalomas 2023 | Gran Canaria Stays\",\"isPartOf\":{\"@id\":\"https:\/\/www.grancanariastays.com\/blog\/#website\"},\"primaryImageOfPage\":{\"@id\":\"https:\/\/www.grancanariastays.com\/blog\/de\/winter-pride-maspalomas\/#primaryimage\"},\"image\":{\"@id\":\"https:\/\/www.grancanariastays.com\/blog\/de\/winter-pride-maspalomas\/#primaryimage\"},\"thumbnailUrl\":\"https:\/\/www.grancanariastays.com\/blog\/wp-content\/uploads\/2023\/09\/winter-pride-maspalomas-gran-canaria-1.jpg\",\"datePublished\":\"2023-09-14T13:02:53+00:00\",\"dateModified\":\"2025-05-29T10:48:43+00:00\",\"description\":\"Entdecken Sie die Winter Pride Maspalomas 2023, die pulsierende LGBT+ Party und den Zauber von Maspalomas als ideales Strandurlaubsziel.\",\"breadcrumb\":{\"@id\":\"https:\/\/www.grancanariastays.com\/blog\/de\/winter-pride-maspalomas\/#breadcrumb\"},\"inLanguage\":\"de\",\"potentialAction\":[{\"@type\":\"ReadAction\",\"target\":[\"https:\/\/www.grancanariastays.com\/blog\/de\/winter-pride-maspalomas\/\"]}]},{\"@type\":\"ImageObject\",\"inLanguage\":\"de\",\"@id\":\"https:\/\/www.grancanariastays.com\/blog\/de\/winter-pride-maspalomas\/#primaryimage\",\"url\":\"https:\/\/www.grancanariastays.com\/blog\/wp-content\/uploads\/2023\/09\/winter-pride-maspalomas-gran-canaria-1.jpg\",\"contentUrl\":\"https:\/\/www.grancanariastays.com\/blog\/wp-content\/uploads\/2023\/09\/winter-pride-maspalomas-gran-canaria-1.jpg\",\"width\":1920,\"height\":700,\"caption\":\"Winter pride en maspalomas en gran canaria\"},{\"@type\":\"BreadcrumbList\",\"@id\":\"https:\/\/www.grancanariastays.com\/blog\/de\/winter-pride-maspalomas\/#breadcrumb\",\"itemListElement\":[{\"@type\":\"ListItem\",\"position\":1,\"name\":\"Portada\",\"item\":\"https:\/\/www.grancanariastays.com\/blog\/\"},{\"@type\":\"ListItem\",\"position\":2,\"name\":\"Winter Pride Maspalomas 2023: ein Fest des Stolzes, der den Winter erleuchtet\"}]},{\"@type\":\"WebSite\",\"@id\":\"https:\/\/www.grancanariastays.com\/blog\/#website\",\"url\":\"https:\/\/www.grancanariastays.com\/blog\/\",\"name\":\"Gran Canaria Stays\",\"description\":\"\",\"publisher\":{\"@id\":\"https:\/\/www.grancanariastays.com\/blog\/#organization\"},\"potentialAction\":[{\"@type\":\"SearchAction\",\"target\":{\"@type\":\"EntryPoint\",\"urlTemplate\":\"https:\/\/www.grancanariastays.com\/blog\/?s={search_term_string}\"},\"query-input\":{\"@type\":\"PropertyValueSpecification\",\"valueRequired\":true,\"valueName\":\"search_term_string\"}}],\"inLanguage\":\"de\"},{\"@type\":\"Organization\",\"@id\":\"https:\/\/www.grancanariastays.com\/blog\/#organization\",\"name\":\"Gran Canaria Stays\",\"url\":\"https:\/\/www.grancanariastays.com\/blog\/\",\"logo\":{\"@type\":\"ImageObject\",\"inLanguage\":\"de\",\"@id\":\"https:\/\/www.grancanariastays.com\/blog\/#\/schema\/logo\/image\/\",\"url\":\"https:\/\/www.grancanariastays.com\/blog\/wp-content\/uploads\/2024\/01\/logo-gran-canaria-stays.png\",\"contentUrl\":\"https:\/\/www.grancanariastays.com\/blog\/wp-content\/uploads\/2024\/01\/logo-gran-canaria-stays.png\",\"width\":300,\"height\":112,\"caption\":\"Gran Canaria Stays\"},\"image\":{\"@id\":\"https:\/\/www.grancanariastays.com\/blog\/#\/schema\/logo\/image\/\"},\"sameAs\":[\"https:\/\/www.facebook.com\/Grancanariastays\",\"https:\/\/www.instagram.com\/grancanariastays\/\"]},{\"@type\":\"Person\",\"@id\":\"https:\/\/www.grancanariastays.com\/blog\/#\/schema\/person\/35f7856bb384d1ebae2b3aa592e46d5f\",\"name\":\"digitalservices@avantio.com\",\"image\":{\"@type\":\"ImageObject\",\"inLanguage\":\"de\",\"@id\":\"https:\/\/www.grancanariastays.com\/blog\/#\/schema\/person\/image\/\",\"url\":\"https:\/\/secure.gravatar.com\/avatar\/af30f88a1904294c1f3eb09a9d7903eec4ffa18fa2cf40c28a8681014ecdfc20?s=96&d=mm&r=g\",\"contentUrl\":\"https:\/\/secure.gravatar.com\/avatar\/af30f88a1904294c1f3eb09a9d7903eec4ffa18fa2cf40c28a8681014ecdfc20?s=96&d=mm&r=g\",\"caption\":\"digitalservices@avantio.com\"},\"url\":\"https:\/\/www.grancanariastays.com\/blog\/de\/author\/digitalservicesavantio-com\/\"}]}<\/script>\n<!-- \/ Yoast SEO plugin. -->","yoast_head_json":{"title":"Winter Pride Maspalomas 2023 | Gran Canaria Stays","description":"Entdecken Sie die Winter Pride Maspalomas 2023, die pulsierende LGBT+ Party und den Zauber von Maspalomas als ideales Strandurlaubsziel.","robots":{"index":"index","follow":"follow","max-snippet":"max-snippet:-1","max-image-preview":"max-image-preview:large","max-video-preview":"max-video-preview:-1"},"canonical":"https:\/\/www.grancanariastays.com\/blog\/de\/winter-pride-maspalomas\/","og_locale":"de_DE","og_type":"article","og_title":"Winter Pride Maspalomas 2023 | Gran Canaria Stays","og_description":"Entdecken Sie die Winter Pride Maspalomas 2023, die pulsierende LGBT+ Party und den Zauber von Maspalomas als ideales Strandurlaubsziel.","og_url":"https:\/\/www.grancanariastays.com\/blog\/de\/winter-pride-maspalomas\/","og_site_name":"Gran Canaria | Blog","article_publisher":"https:\/\/www.facebook.com\/Grancanariastays","article_published_time":"2023-09-14T13:02:53+00:00","article_modified_time":"2025-05-29T10:48:43+00:00","og_image":[{"width":1920,"height":700,"url":"https:\/\/www.grancanariastays.com\/blog\/wp-content\/uploads\/2023\/09\/winter-pride-maspalomas-gran-canaria-1.jpg","type":"image\/jpeg"}],"author":"digitalservices@avantio.com","twitter_card":"summary_large_image","twitter_misc":{"Written by":"digitalservices@avantio.com","Est. reading time":"5 minutes"},"schema":{"@context":"https:\/\/schema.org","@graph":[{"@type":"Article","@id":"https:\/\/www.grancanariastays.com\/blog\/de\/winter-pride-maspalomas\/#article","isPartOf":{"@id":"https:\/\/www.grancanariastays.com\/blog\/de\/winter-pride-maspalomas\/"},"author":{"name":"digitalservices@avantio.com","@id":"https:\/\/www.grancanariastays.com\/blog\/#\/schema\/person\/35f7856bb384d1ebae2b3aa592e46d5f"},"headline":"Winter Pride Maspalomas 2023: ein Fest des Stolzes, der den Winter erleuchtet","datePublished":"2023-09-14T13:02:53+00:00","dateModified":"2025-05-29T10:48:43+00:00","mainEntityOfPage":{"@id":"https:\/\/www.grancanariastays.com\/blog\/de\/winter-pride-maspalomas\/"},"wordCount":858,"commentCount":0,"publisher":{"@id":"https:\/\/www.grancanariastays.com\/blog\/#organization"},"image":{"@id":"https:\/\/www.grancanariastays.com\/blog\/de\/winter-pride-maspalomas\/#primaryimage"},"thumbnailUrl":"https:\/\/www.grancanariastays.com\/blog\/wp-content\/uploads\/2023\/09\/winter-pride-maspalomas-gran-canaria-1.jpg","articleSection":["Partys und Events"],"inLanguage":"de","potentialAction":[{"@type":"CommentAction","name":"Comment","target":["https:\/\/www.grancanariastays.com\/blog\/de\/winter-pride-maspalomas\/#respond"]}]},{"@type":"WebPage","@id":"https:\/\/www.grancanariastays.com\/blog\/de\/winter-pride-maspalomas\/","url":"https:\/\/www.grancanariastays.com\/blog\/de\/winter-pride-maspalomas\/","name":"Winter Pride Maspalomas 2023 | Gran Canaria Stays","isPartOf":{"@id":"https:\/\/www.grancanariastays.com\/blog\/#website"},"primaryImageOfPage":{"@id":"https:\/\/www.grancanariastays.com\/blog\/de\/winter-pride-maspalomas\/#primaryimage"},"image":{"@id":"https:\/\/www.grancanariastays.com\/blog\/de\/winter-pride-maspalomas\/#primaryimage"},"thumbnailUrl":"https:\/\/www.grancanariastays.com\/blog\/wp-content\/uploads\/2023\/09\/winter-pride-maspalomas-gran-canaria-1.jpg","datePublished":"2023-09-14T13:02:53+00:00","dateModified":"2025-05-29T10:48:43+00:00","description":"Entdecken Sie die Winter Pride Maspalomas 2023, die pulsierende LGBT+ Party und den Zauber von Maspalomas als ideales Strandurlaubsziel.","breadcrumb":{"@id":"https:\/\/www.grancanariastays.com\/blog\/de\/winter-pride-maspalomas\/#breadcrumb"},"inLanguage":"de","potentialAction":[{"@type":"ReadAction","target":["https:\/\/www.grancanariastays.com\/blog\/de\/winter-pride-maspalomas\/"]}]},{"@type":"ImageObject","inLanguage":"de","@id":"https:\/\/www.grancanariastays.com\/blog\/de\/winter-pride-maspalomas\/#primaryimage","url":"https:\/\/www.grancanariastays.com\/blog\/wp-content\/uploads\/2023\/09\/winter-pride-maspalomas-gran-canaria-1.jpg","contentUrl":"https:\/\/www.grancanariastays.com\/blog\/wp-content\/uploads\/2023\/09\/winter-pride-maspalomas-gran-canaria-1.jpg","width":1920,"height":700,"caption":"Winter pride en maspalomas en gran canaria"},{"@type":"BreadcrumbList","@id":"https:\/\/www.grancanariastays.com\/blog\/de\/winter-pride-maspalomas\/#breadcrumb","itemListElement":[{"@type":"ListItem","position":1,"name":"Portada","item":"https:\/\/www.grancanariastays.com\/blog\/"},{"@type":"ListItem","position":2,"name":"Winter Pride Maspalomas 2023: ein Fest des Stolzes, der den Winter erleuchtet"}]},{"@type":"WebSite","@id":"https:\/\/www.grancanariastays.com\/blog\/#website","url":"https:\/\/www.grancanariastays.com\/blog\/","name":"Gran Canaria Stays","description":"","publisher":{"@id":"https:\/\/www.grancanariastays.com\/blog\/#organization"},"potentialAction":[{"@type":"SearchAction","target":{"@type":"EntryPoint","urlTemplate":"https:\/\/www.grancanariastays.com\/blog\/?s={search_term_string}"},"query-input":{"@type":"PropertyValueSpecification","valueRequired":true,"valueName":"search_term_string"}}],"inLanguage":"de"},{"@type":"Organization","@id":"https:\/\/www.grancanariastays.com\/blog\/#organization","name":"Gran Canaria Stays","url":"https:\/\/www.grancanariastays.com\/blog\/","logo":{"@type":"ImageObject","inLanguage":"de","@id":"https:\/\/www.grancanariastays.com\/blog\/#\/schema\/logo\/image\/","url":"https:\/\/www.grancanariastays.com\/blog\/wp-content\/uploads\/2024\/01\/logo-gran-canaria-stays.png","contentUrl":"https:\/\/www.grancanariastays.com\/blog\/wp-content\/uploads\/2024\/01\/logo-gran-canaria-stays.png","width":300,"height":112,"caption":"Gran Canaria Stays"},"image":{"@id":"https:\/\/www.grancanariastays.com\/blog\/#\/schema\/logo\/image\/"},"sameAs":["https:\/\/www.facebook.com\/Grancanariastays","https:\/\/www.instagram.com\/grancanariastays\/"]},{"@type":"Person","@id":"https:\/\/www.grancanariastays.com\/blog\/#\/schema\/person\/35f7856bb384d1ebae2b3aa592e46d5f","name":"digitalservices@avantio.com","image":{"@type":"ImageObject","inLanguage":"de","@id":"https:\/\/www.grancanariastays.com\/blog\/#\/schema\/person\/image\/","url":"https:\/\/secure.gravatar.com\/avatar\/af30f88a1904294c1f3eb09a9d7903eec4ffa18fa2cf40c28a8681014ecdfc20?s=96&d=mm&r=g","contentUrl":"https:\/\/secure.gravatar.com\/avatar\/af30f88a1904294c1f3eb09a9d7903eec4ffa18fa2cf40c28a8681014ecdfc20?s=96&d=mm&r=g","caption":"digitalservices@avantio.com"},"url":"https:\/\/www.grancanariastays.com\/blog\/de\/author\/digitalservicesavantio-com\/"}]}},"_links":{"self":[{"href":"https:\/\/www.grancanariastays.com\/blog\/de\/wp-json\/wp\/v2\/posts\/1648","targetHints":{"allow":["GET"]}}],"collection":[{"href":"https:\/\/www.grancanariastays.com\/blog\/de\/wp-json\/wp\/v2\/posts"}],"about":[{"href":"https:\/\/www.grancanariastays.com\/blog\/de\/wp-json\/wp\/v2\/types\/post"}],"author":[{"embeddable":true,"href":"https:\/\/www.grancanariastays.com\/blog\/de\/wp-json\/wp\/v2\/users\/3"}],"replies":[{"embeddable":true,"href":"https:\/\/www.grancanariastays.com\/blog\/de\/wp-json\/wp\/v2\/comments?post=1648"}],"version-history":[{"count":11,"href":"https:\/\/www.grancanariastays.com\/blog\/de\/wp-json\/wp\/v2\/posts\/1648\/revisions"}],"predecessor-version":[{"id":1674,"href":"https:\/\/www.grancanariastays.com\/blog\/de\/wp-json\/wp\/v2\/posts\/1648\/revisions\/1674"}],"wp:featuredmedia":[{"embeddable":true,"href":"https:\/\/www.grancanariastays.com\/blog\/de\/wp-json\/wp\/v2\/media\/1606"}],"wp:attachment":[{"href":"https:\/\/www.grancanariastays.com\/blog\/de\/wp-json\/wp\/v2\/media?parent=1648"}],"wp:term":[{"taxonomy":"category","embeddable":true,"href":"https:\/\/www.grancanariastays.com\/blog\/de\/wp-json\/wp\/v2\/categories?post=1648"},{"taxonomy":"post_tag","embeddable":true,"href":"https:\/\/www.grancanariastays.com\/blog\/de\/wp-json\/wp\/v2\/tags?post=1648"}],"curies":[{"name":"wp","href":"https:\/\/api.w.org\/{rel}","templated":true}]}}