{"id":2034,"date":"2023-11-22T15:47:04","date_gmt":"2023-11-22T15:47:04","guid":{"rendered":"https:\/\/www.grancanariastays.com\/blog\/?p=2034"},"modified":"2025-02-12T11:38:03","modified_gmt":"2025-02-12T11:38:03","slug":"gran-canaria-januar","status":"publish","type":"post","link":"https:\/\/www.grancanariastays.com\/blog\/de\/gran-canaria-januar\/","title":{"rendered":"Ab nach Gran Canaria im Januar. Sind Sie dabei?"},"content":{"rendered":"\t\t<div data-elementor-type=\"wp-post\" data-elementor-id=\"2034\" class=\"elementor elementor-2034 elementor-1935\" data-elementor-post-type=\"post\">\n\t\t\t\t\t\t<section class=\"elementor-section elementor-top-section elementor-element elementor-element-460ba5c7 elementor-section-boxed elementor-section-height-default elementor-section-height-default\" data-id=\"460ba5c7\" data-element_type=\"section\">\n\t\t\t\t\t\t<div class=\"elementor-container elementor-column-gap-default\">\n\t\t\t\t\t<div class=\"elementor-column elementor-col-100 elementor-top-column elementor-element elementor-element-3cba9428\" data-id=\"3cba9428\" data-element_type=\"column\">\n\t\t\t<div class=\"elementor-widget-wrap elementor-element-populated\">\n\t\t\t\t\t\t<div class=\"elementor-element elementor-element-1d4a4081 elementor-widget elementor-widget-text-editor\" data-id=\"1d4a4081\" data-element_type=\"widget\" data-widget_type=\"text-editor.default\">\n\t\t\t\t<div class=\"elementor-widget-container\">\n\t\t\t\t\t\t\t\t\t<p><span style=\"font-weight: 400;\">Das <\/span><b>Wetter auf Gran Canaria ist im Januar <\/b><span style=\"font-weight: 400;\">gro\u00dfartig, ganz im Gegensatz zu Kontinentaleuropa zu dieser Zeit. Daher ist es nicht verwunderlich, dass sich viele nationale und internationale Reisende daf\u00fcr entscheiden, das Jahr auf dieser wundersch\u00f6nen Insel zu beginnen.<\/span><\/p>\n<p><span style=\"font-weight: 400;\">M\u00f6chten Sie einer von ihnen sein? Neben dem Baden im Meer mitten im Winter k\u00f6nnen Sie eine wundersch\u00f6ne Umgebung, die fr\u00f6hliche kanarische Freundlichkeit und ein sehr attraktives Aktivit\u00e4tenprogramm erleben. Lesen Sie weiter, um zu erfahren, warum<\/span><b> eine Reise nach Gran Canaria im Januar <\/b><span style=\"font-weight: 400;\">eine ausgezeichnete Idee ist.<\/span><\/p>\t\t\t\t\t\t\t\t<\/div>\n\t\t\t\t<\/div>\n\t\t\t\t\t<\/div>\n\t\t<\/div>\n\t\t\t\t\t<\/div>\n\t\t<\/section>\n\t\t\t\t<section class=\"elementor-section elementor-top-section elementor-element elementor-element-7f26560 elementor-section-boxed elementor-section-height-default elementor-section-height-default\" data-id=\"7f26560\" data-element_type=\"section\">\n\t\t\t\t\t\t<div class=\"elementor-container elementor-column-gap-default\">\n\t\t\t\t\t<div class=\"elementor-column elementor-col-100 elementor-top-column elementor-element elementor-element-685b64e0\" data-id=\"685b64e0\" data-element_type=\"column\">\n\t\t\t<div class=\"elementor-widget-wrap elementor-element-populated\">\n\t\t\t\t\t\t<div class=\"elementor-element elementor-element-1128bc0c elementor-widget elementor-widget-table-of-contents\" data-id=\"1128bc0c\" data-element_type=\"widget\" data-settings=\"{&quot;headings_by_tags&quot;:[&quot;h2&quot;],&quot;exclude_headings_by_selector&quot;:[],&quot;marker_view&quot;:&quot;bullets&quot;,&quot;icon&quot;:{&quot;value&quot;:&quot;&quot;,&quot;library&quot;:&quot;&quot;},&quot;no_headings_message&quot;:&quot;No headings were found on this page.&quot;,&quot;hierarchical_view&quot;:&quot;yes&quot;,&quot;min_height&quot;:{&quot;unit&quot;:&quot;px&quot;,&quot;size&quot;:&quot;&quot;,&quot;sizes&quot;:[]},&quot;min_height_tablet&quot;:{&quot;unit&quot;:&quot;px&quot;,&quot;size&quot;:&quot;&quot;,&quot;sizes&quot;:[]},&quot;min_height_mobile&quot;:{&quot;unit&quot;:&quot;px&quot;,&quot;size&quot;:&quot;&quot;,&quot;sizes&quot;:[]}}\" data-widget_type=\"table-of-contents.default\">\n\t\t\t\t<div class=\"elementor-widget-container\">\n\t\t\t\t\t\t\t<div class=\"elementor-toc__header\">\n\t\t\t<div class=\"elementor-toc__header-title\">\n\t\t\t\tInhaltsverzeichnis\t\t\t<\/div>\n\t\t\t\t\t<\/div>\n\t\t<div id=\"elementor-toc__1128bc0c\" class=\"elementor-toc__body\">\n\t\t\t<div class=\"elementor-toc__spinner-container\">\n\t\t\t\t<i class=\"elementor-toc__spinner eicon-animation-spin eicon-loading\" aria-hidden=\"true\"><\/i>\t\t\t<\/div>\n\t\t<\/div>\n\t\t\t\t\t\t<\/div>\n\t\t\t\t<\/div>\n\t\t\t\t\t<\/div>\n\t\t<\/div>\n\t\t\t\t\t<\/div>\n\t\t<\/section>\n\t\t\t\t<section class=\"elementor-section elementor-top-section elementor-element elementor-element-26c7c03 elementor-section-boxed elementor-section-height-default elementor-section-height-default\" data-id=\"26c7c03\" data-element_type=\"section\">\n\t\t\t\t\t\t<div class=\"elementor-container elementor-column-gap-default\">\n\t\t\t\t\t<div class=\"elementor-column elementor-col-100 elementor-top-column elementor-element elementor-element-244a56a\" data-id=\"244a56a\" data-element_type=\"column\">\n\t\t\t<div class=\"elementor-widget-wrap elementor-element-populated\">\n\t\t\t\t\t\t<div class=\"elementor-element elementor-element-d35a29a elementor-widget elementor-widget-heading\" data-id=\"d35a29a\" data-element_type=\"widget\" data-widget_type=\"heading.default\">\n\t\t\t\t<div class=\"elementor-widget-container\">\n\t\t\t\t\t<h2 class=\"elementor-heading-title elementor-size-default\">Urlaub auf Gran Canaria im Januar\n<\/h2>\t\t\t\t<\/div>\n\t\t\t\t<\/div>\n\t\t\t\t<div class=\"elementor-element elementor-element-f7449e0 elementor-widget elementor-widget-text-editor\" data-id=\"f7449e0\" data-element_type=\"widget\" data-widget_type=\"text-editor.default\">\n\t\t\t\t<div class=\"elementor-widget-container\">\n\t\t\t\t\t\t\t\t\t<p><span style=\"font-weight: 400;\">Vergessen Sie die finanzielle Flaute im Januar. Den ersten Monat des Jahres sollten Sie am besten mit guter Laune beginnen. <\/span><b>Gran Canaria im Januar <\/b><span style=\"font-weight: 400;\">ist wunderbar. Dieses Inselparadies ist in den Wintermonaten noch einladender, w\u00e4rmer und regenerierender.<\/span><\/p><p><span style=\"font-weight: 400;\">Wenn Sie sich in einer der <\/span><a href=\"https:\/\/www.grancanariastays.com\/de\/vermietung\/vermietungen-gran-canaria-e77\/\"><span style=\"font-weight: 400;\">besten Unterk\u00fcnfte auf Gran Canaria<\/span><\/a><span style=\"font-weight: 400;\"> niederlassen, um ein paar einzigartige Urlaubstage zu verbringen, werden Sie Energie f\u00fcr den Rest des Jahres tanken. Gran Canaria Stays bietet Ihnen <\/span><b>die gr\u00f6\u00dfte und sorgf\u00e4ltigste Auswahl an Ferienunterk\u00fcnften.<\/b><\/p><p><span style=\"font-weight: 400;\">Was ist Ihnen lieber \u2013 eine Wohnung oder ein Studio? Oder bevorzugen Sie vielleicht einen <\/span><i><span style=\"font-weight: 400;\">Bungalow<\/span><\/i><span style=\"font-weight: 400;\">, ein Traumhaus, ein Chalet oder eine Luxusvilla? Wir bieten Ihnen alle Arten von Ferienobjekten zu einem erschwinglichen Preis in den privilegiertesten Gegenden Gran Canarias.<\/span><\/p>\t\t\t\t\t\t\t\t<\/div>\n\t\t\t\t<\/div>\n\t\t\t\t\t<\/div>\n\t\t<\/div>\n\t\t\t\t\t<\/div>\n\t\t<\/section>\n\t\t\t\t<section class=\"elementor-section elementor-top-section elementor-element elementor-element-7ab3301f elementor-section-boxed elementor-section-height-default elementor-section-height-default\" data-id=\"7ab3301f\" data-element_type=\"section\">\n\t\t\t\t\t\t<div class=\"elementor-container elementor-column-gap-default\">\n\t\t\t\t\t<div class=\"elementor-column elementor-col-100 elementor-top-column elementor-element elementor-element-599fbd93\" data-id=\"599fbd93\" data-element_type=\"column\">\n\t\t\t<div class=\"elementor-widget-wrap elementor-element-populated\">\n\t\t\t\t\t\t<div class=\"elementor-element elementor-element-17b5aca5 elementor-widget elementor-widget-heading\" data-id=\"17b5aca5\" data-element_type=\"widget\" data-widget_type=\"heading.default\">\n\t\t\t\t<div class=\"elementor-widget-container\">\n\t\t\t\t\t<h3 class=\"elementor-heading-title elementor-size-default\">Sch\u00f6nes Wetter und angenehme Temperaturen\n<\/h3>\t\t\t\t<\/div>\n\t\t\t\t<\/div>\n\t\t\t\t<div class=\"elementor-element elementor-element-7c9328f9 elementor-widget elementor-widget-text-editor\" data-id=\"7c9328f9\" data-element_type=\"widget\" data-widget_type=\"text-editor.default\">\n\t\t\t\t<div class=\"elementor-widget-container\">\n\t\t\t\t\t\t\t\t\t<p><span style=\"font-weight: 400;\">Wir verraten Ihnen gleich, <\/span><b>was Sie im Januar auf Gran Canaria unternehmen k\u00f6nnen<\/b><span style=\"font-weight: 400;\">. Es ist eine wirklich tolle Idee und Sie werden eine wunderbare Zeit erleben. Aber zuerst m\u00f6chten wir Ihnen einige Informationen zum Wetter geben.<\/span><\/p>\n<p><span style=\"font-weight: 400;\">Wussten Sie, dass in diesem Winterwunderland <\/span><b>die durchschnittlichen Tagesh\u00f6chsttemperaturen 21 \u00b0C betragen<\/b><span style=\"font-weight: 400;\">? Meist bewegen sie sich zwischen 19 und 23 \u00baC. Die Tiefsttemperaturen betragen im Durchschnitt etwa 16 \u00b0C, die so gut wie nie unterschritten werden. Das hei\u00dft, das <\/span><b>Wetter auf Gran Canaria im Januar <\/b><span style=\"font-weight: 400;\">k\u00f6nnte nicht besser sein \u2013 wenn Sie aus einem Katalog w\u00e4hlen k\u00f6nnten, w\u00fcrden Sie sich bestimmt f\u00fcr diese Bedingungen entscheiden.<\/span><\/p>\n<p><span style=\"font-weight: 400;\">In diesem Zeitraum k\u00f6nnen Sie praktisch mit h\u00f6chster Sicherheit davon ausgehen, weder <\/span><b>Regen- noch Schneef\u00e4lle zu erleben.<\/b><span style=\"font-weight: 400;\"> Mit anderen Worten: Die einunddrei\u00dfig Tage dieses Monats werden bestimmt trocken, warm und angenehm sein. Sie k\u00f6nnen die Insel erkunden, ohne dass Ihnen kalt oder hei\u00df ist! Wenn Sie Lust haben, k\u00f6nnen Sie auch an einem der wundersch\u00f6nen Str\u00e4nde schwimmen gehen. Viele finden, dass <\/span><b>Gran Canaria das beste Klima der Welt <\/b><span style=\"font-weight: 400;\">hat<\/span><b>.<\/b><\/p>\t\t\t\t\t\t\t\t<\/div>\n\t\t\t\t<\/div>\n\t\t\t\t\t<\/div>\n\t\t<\/div>\n\t\t\t\t\t<\/div>\n\t\t<\/section>\n\t\t\t\t<section class=\"elementor-section elementor-top-section elementor-element elementor-element-8a6941b elementor-section-boxed elementor-section-height-default elementor-section-height-default\" data-id=\"8a6941b\" data-element_type=\"section\">\n\t\t\t\t\t\t<div class=\"elementor-container elementor-column-gap-default\">\n\t\t\t\t\t<div class=\"elementor-column elementor-col-100 elementor-top-column elementor-element elementor-element-dcd1149\" data-id=\"dcd1149\" data-element_type=\"column\">\n\t\t\t<div class=\"elementor-widget-wrap elementor-element-populated\">\n\t\t\t\t\t\t<div class=\"elementor-element elementor-element-283c52e elementor-widget elementor-widget-image\" data-id=\"283c52e\" data-element_type=\"widget\" data-widget_type=\"image.default\">\n\t\t\t\t<div class=\"elementor-widget-container\">\n\t\t\t\t\t\t\t\t\t\t\t\t\t\t\t<img decoding=\"async\" src=\"https:\/\/www.grancanariastays.com\/blog\/wp-content\/uploads\/elementor\/thumbs\/Gran-canarias-tiempo-enero-qetemqy8lunj5xyycktzvgnjlqhojmn394jrmcuq2w.jpg\" title=\"Gran canarias tiempo enero\" alt=\"Gran canarias tiempo enero\" loading=\"lazy\" \/>\t\t\t\t\t\t\t\t\t\t\t\t\t\t\t<\/div>\n\t\t\t\t<\/div>\n\t\t\t\t\t<\/div>\n\t\t<\/div>\n\t\t\t\t\t<\/div>\n\t\t<\/section>\n\t\t\t\t<section class=\"elementor-section elementor-top-section elementor-element elementor-element-38ca0f6d elementor-section-boxed elementor-section-height-default elementor-section-height-default\" data-id=\"38ca0f6d\" data-element_type=\"section\">\n\t\t\t\t\t\t<div class=\"elementor-container elementor-column-gap-default\">\n\t\t\t\t\t<div class=\"elementor-column elementor-col-100 elementor-top-column elementor-element elementor-element-10a3d8c8\" data-id=\"10a3d8c8\" data-element_type=\"column\">\n\t\t\t<div class=\"elementor-widget-wrap elementor-element-populated\">\n\t\t\t\t\t\t<div class=\"elementor-element elementor-element-65c1d3a7 elementor-widget elementor-widget-heading\" data-id=\"65c1d3a7\" data-element_type=\"widget\" data-widget_type=\"heading.default\">\n\t\t\t\t<div class=\"elementor-widget-container\">\n\t\t\t\t\t<h2 class=\"elementor-heading-title elementor-size-default\">Veranstaltungen und Aktivit\u00e4ten im Januar auf Gran Canaria\n<\/h2>\t\t\t\t<\/div>\n\t\t\t\t<\/div>\n\t\t\t\t<div class=\"elementor-element elementor-element-3564d5cc elementor-widget elementor-widget-text-editor\" data-id=\"3564d5cc\" data-element_type=\"widget\" data-widget_type=\"text-editor.default\">\n\t\t\t\t<div class=\"elementor-widget-container\">\n\t\t\t\t\t\t\t\t\t<p><span style=\"font-weight: 400;\">Traditionell geht man am ersten Tag des Jahres, also am 1. Januar, zum <\/span><b>Baden am Strand von Las Canteras.<\/b><span style=\"font-weight: 400;\"> Rund um diesen Brauch werden verschiedene Feste gefeiert, die Sie sich keinesfalls entgehen lassen sollten. Wagen Sie es, das Jahr wie nie zuvor mit einem erfrischenden Bad zu beginnen!<\/span><\/p><p><span style=\"font-weight: 400;\">Dieser Monat ist der \u00fcbliche Termin des <\/span><b>Internationalen Musikfestivals der Kanarischen Inseln<\/b><span style=\"font-weight: 400;\">, das in Las Palmas de Gran Canaria stattfindet. Das Alfredo-Kraus-Auditorium sieht bei dieser Veranstaltung au\u00dfergew\u00f6hnlich sch\u00f6n aus.<\/span><\/p><p><span style=\"font-weight: 400;\">In dieser Stadt, die Sie am besten per Guagua \u2013 so nennen die Inselbewohner Busse \u2013 oder zu Fu\u00df erkunden, empfehlen wir Ihnen au\u00dferdem, Folgendes unbedingt zu besichtigen:<\/span><\/p><ul><li style=\"font-weight: 400;\" aria-level=\"1\"><span style=\"font-weight: 400;\">Museo Canario (Kanaren-Museum)<\/span><\/li><li style=\"font-weight: 400;\" aria-level=\"1\"><span style=\"font-weight: 400;\">Basilika der Heiligen Anna<\/span><\/li><li style=\"font-weight: 400;\" aria-level=\"1\"><span style=\"font-weight: 400;\">Museum Elder y N\u00e9stor.<\/span><\/li><\/ul><p><span style=\"font-weight: 400;\">Sie werden es bestimmt toll finden, die <\/span><b>M\u00e4rkte der Insel zu durchst\u00f6bern <\/b><span style=\"font-weight: 400;\">\u2013 San Mateo, Firgas, Teror usw. \u2013 und die verschiedenen Film- oder Fernsehdrehorte zu besuchen. Sicherlich werden Sie viele charismatische mehr oder weniger bekannte Orte aus Filmen und dem Fernsehen erkennen.<\/span><\/p><p><span style=\"font-weight: 400;\">Das Angebot an <\/span><b>kulturellen Aktivit\u00e4ten und Veranstaltungen <\/b><span style=\"font-weight: 400;\">auf der Insel ist in diesem Monat vielf\u00e4ltig. Sehen Sie sich das <\/span><a href=\"https:\/\/www.grancanaria.com\/turismo\/de\/termine\/was-unternehmen-auf-gran-canaria\/\"><span style=\"font-weight: 400;\">Programm auf der offiziellen Tourismus-Website von Gran Canaria<\/span><\/a><span style=\"font-weight: 400;\"> an, um sich \u00fcber alles zu informieren, was Sie im Januar erwartet. Eine der Attraktionen ist <\/span><a href=\"https:\/\/www.grancanariastays.com\/blog\/en\/holiday-world-maspalomas-leisure-park\/\"><b>Holidayworld Maspalomas<\/b><\/a><span style=\"font-weight: 400;\">, ein sehr umfassender und unterhaltsamer Vergn\u00fcgungspark.<\/span><\/p>\t\t\t\t\t\t\t\t<\/div>\n\t\t\t\t<\/div>\n\t\t\t\t\t<\/div>\n\t\t<\/div>\n\t\t\t\t\t<\/div>\n\t\t<\/section>\n\t\t\t\t<section class=\"elementor-section elementor-top-section elementor-element elementor-element-b8c4b91 elementor-section-boxed elementor-section-height-default elementor-section-height-default\" data-id=\"b8c4b91\" data-element_type=\"section\" data-settings=\"{&quot;background_background&quot;:&quot;classic&quot;}\">\n\t\t\t\t\t\t<div class=\"elementor-container elementor-column-gap-default\">\n\t\t\t\t\t<div class=\"elementor-column elementor-col-100 elementor-top-column elementor-element elementor-element-020c9c0\" data-id=\"020c9c0\" data-element_type=\"column\">\n\t\t\t<div class=\"elementor-widget-wrap\">\n\t\t\t\t\t\t\t<\/div>\n\t\t<\/div>\n\t\t\t\t\t<\/div>\n\t\t<\/section>\n\t\t\t\t<section class=\"elementor-section elementor-top-section elementor-element elementor-element-c3dc1c4 elementor-section-boxed elementor-section-height-default elementor-section-height-default\" data-id=\"c3dc1c4\" data-element_type=\"section\">\n\t\t\t\t\t\t<div class=\"elementor-container elementor-column-gap-default\">\n\t\t\t\t\t<div class=\"elementor-column elementor-col-100 elementor-top-column elementor-element elementor-element-09d2b6f\" data-id=\"09d2b6f\" data-element_type=\"column\">\n\t\t\t<div class=\"elementor-widget-wrap elementor-element-populated\">\n\t\t\t\t\t\t<div class=\"elementor-element elementor-element-09f48b8 elementor-widget elementor-widget-heading\" data-id=\"09f48b8\" data-element_type=\"widget\" data-widget_type=\"heading.default\">\n\t\t\t\t<div class=\"elementor-widget-container\">\n\t\t\t\t\t<h2 class=\"elementor-heading-title elementor-size-default\">Ausflugsziele im Januar auf Gran Canaria\n<\/h2>\t\t\t\t<\/div>\n\t\t\t\t<\/div>\n\t\t\t\t<div class=\"elementor-element elementor-element-2ca0305 elementor-widget elementor-widget-text-editor\" data-id=\"2ca0305\" data-element_type=\"widget\" data-widget_type=\"text-editor.default\">\n\t\t\t\t<div class=\"elementor-widget-container\">\n\t\t\t\t\t\t\t\t\t<p><span style=\"font-weight: 400;\">Die nat\u00fcrliche Sch\u00f6nheit dieser Insel ist weltbekannt. Es ist ein Miniaturkontinent, der das von der UNESCO verliehene <\/span><b>Biosph\u00e4renreservat<\/b><span style=\"font-weight: 400;\">-Siegel tr\u00e4gt.<\/span><\/p><p><span style=\"font-weight: 400;\">Zu den touristischen Natursch\u00f6nheiten z\u00e4hlen der <\/span><b>Naturpark Roque Nublo<\/b><span style=\"font-weight: 400;\"> und die <\/span><b>D\u00fcnen von Maspalomas.<\/b><span style=\"font-weight: 400;\"> Der Naturpark ist vulkanischen Ursprungs, erreicht eine H\u00f6he von achtzig Metern und war eine Kultst\u00e4tte der Ureinwohner der Insel. Die Wanderd\u00fcnen, die sich auf einer Fl\u00e4che von vierzig Hektar erstrecken, von Palmen umgeben sind und neben einer Salzlagune liegen, bieten ein atemberaubendes Naturspektakel.<\/span><\/p><p><span style=\"font-weight: 400;\">Die Caldera de Bandama, der Garajonay-Nationalpark sowie der Risco Ca\u00eddo und die Monta\u00f1as Sagradas (Heiligen Berge) sollten unbedingt auf Ihrem Programm stehen. Der Januar ist zudem ein herrlicher Monat, um die <\/span><b>bl\u00fchende Mandelbaumroute<\/b><span style=\"font-weight: 400;\"> zu erkunden. Besonders sch\u00f6n ist die Strecke zwischen Tejeda und Valsequillo.<\/span><\/p><p><span style=\"font-weight: 400;\">Nat\u00fcrlich empfehlen wir Ihnen, bei Ihrem Besuch auf<\/span><b> Gran Canaria im Januar auch die Str\u00e4nde<\/b><span style=\"font-weight: 400;\"> zu besuchen. In dieser Zeit bieten sie ein beeindruckendes Bild und ein unvergessliches Erlebnis. Las Canteras, Maspalomas, Anfi del Mar, Amadores, G\u00fcig\u00fci, <\/span><a href=\"https:\/\/www.grancanariastays.com\/blog\/en\/playa-ingles\/\"><span style=\"font-weight: 400;\">Playa del Ingl\u00e9s<\/span><\/a><span style=\"font-weight: 400;\">, Dedo de Dios, Roquete, Tauro, Guayedra und Tufia geh\u00f6ren zu den wichtigsten.<\/span><\/p>\t\t\t\t\t\t\t\t<\/div>\n\t\t\t\t<\/div>\n\t\t\t\t\t<\/div>\n\t\t<\/div>\n\t\t\t\t\t<\/div>\n\t\t<\/section>\n\t\t\t\t<section class=\"elementor-section elementor-top-section elementor-element elementor-element-b4b1ace elementor-section-boxed elementor-section-height-default elementor-section-height-default\" data-id=\"b4b1ace\" data-element_type=\"section\">\n\t\t\t\t\t\t<div class=\"elementor-container elementor-column-gap-default\">\n\t\t\t\t\t<div class=\"elementor-column elementor-col-100 elementor-top-column elementor-element elementor-element-e4003d7\" data-id=\"e4003d7\" data-element_type=\"column\">\n\t\t\t<div class=\"elementor-widget-wrap elementor-element-populated\">\n\t\t\t\t\t\t<div class=\"elementor-element elementor-element-f28e034 elementor-widget elementor-widget-heading\" data-id=\"f28e034\" data-element_type=\"widget\" data-widget_type=\"heading.default\">\n\t\t\t\t<div class=\"elementor-widget-container\">\n\t\t\t\t\t<h2 class=\"elementor-heading-title elementor-size-default\">Planen Sie jetzt Ihre Reise nach Gran Canaria\n<\/h2>\t\t\t\t<\/div>\n\t\t\t\t<\/div>\n\t\t\t\t<div class=\"elementor-element elementor-element-344d9a4 elementor-widget elementor-widget-text-editor\" data-id=\"344d9a4\" data-element_type=\"widget\" data-widget_type=\"text-editor.default\">\n\t\t\t\t<div class=\"elementor-widget-container\">\n\t\t\t\t\t\t\t\t\t<p><span style=\"font-weight: 400;\">Im Januar einen <\/span><b>Urlaub auf Gran Canaria <\/b><span style=\"font-weight: 400;\">zu verbringen, ist eine wunderbare Idee. Sie haben gerade erfahren, was Sie auf dieser Insel alles erwartet. Nat\u00fcrlich k\u00f6nnte es kaum einen besseren Start in das neue Jahr geben. Die Str\u00e4nde, die Natur, die tolle Atmosph\u00e4re sowie die kulturellen Veranstaltungen und Shows werden Sie begeistern. Legen Sie am besten gleich los! Durchst\u00f6bern Sie jetzt die Suchmaschine von <\/span><span style=\"font-weight: 400;\">Gran Canaria Stays<\/span><span style=\"font-weight: 400;\"> und reservieren Sie die Unterkunft Ihrer Tr\u00e4ume f\u00fcr diese Termine.<\/span><\/p>\t\t\t\t\t\t\t\t<\/div>\n\t\t\t\t<\/div>\n\t\t\t\t\t<\/div>\n\t\t<\/div>\n\t\t\t\t\t<\/div>\n\t\t<\/section>\n\t\t\t\t<section class=\"elementor-section elementor-top-section elementor-element elementor-element-129bd8c4 elementor-section-boxed elementor-section-height-default elementor-section-height-default\" data-id=\"129bd8c4\" data-element_type=\"section\">\n\t\t\t\t\t\t<div class=\"elementor-container elementor-column-gap-default\">\n\t\t\t\t\t<div class=\"elementor-column elementor-col-33 elementor-top-column elementor-element elementor-element-78faba64\" data-id=\"78faba64\" data-element_type=\"column\">\n\t\t\t<div class=\"elementor-widget-wrap elementor-element-populated\">\n\t\t\t\t\t\t<div class=\"elementor-element elementor-element-1b78ec13 elementor-align-center elementor-widget elementor-widget-button\" data-id=\"1b78ec13\" data-element_type=\"widget\" data-widget_type=\"button.default\">\n\t\t\t\t<div class=\"elementor-widget-container\">\n\t\t\t\t\t\t\t\t\t<div class=\"elementor-button-wrapper\">\n\t\t\t\t\t<a class=\"elementor-button elementor-button-link elementor-size-sm\" href=\"https:\/\/www.grancanariastays.com\/de\/ferienhaus-gran-canaria\/\" target=\"_blank\">\n\t\t\t\t\t\t<span class=\"elementor-button-content-wrapper\">\n\t\t\t\t\t\t\t\t\t<span class=\"elementor-button-text\">Ferienhaus Gran Canaria<\/span>\n\t\t\t\t\t<\/span>\n\t\t\t\t\t<\/a>\n\t\t\t\t<\/div>\n\t\t\t\t\t\t\t\t<\/div>\n\t\t\t\t<\/div>\n\t\t\t\t\t<\/div>\n\t\t<\/div>\n\t\t\t\t<div class=\"elementor-column elementor-col-33 elementor-top-column elementor-element elementor-element-42c1987a\" data-id=\"42c1987a\" data-element_type=\"column\">\n\t\t\t<div class=\"elementor-widget-wrap elementor-element-populated\">\n\t\t\t\t\t\t<div class=\"elementor-element elementor-element-788c27cb elementor-align-center elementor-widget elementor-widget-button\" data-id=\"788c27cb\" data-element_type=\"widget\" data-widget_type=\"button.default\">\n\t\t\t\t<div class=\"elementor-widget-container\">\n\t\t\t\t\t\t\t\t\t<div class=\"elementor-button-wrapper\">\n\t\t\t\t\t<a class=\"elementor-button elementor-button-link elementor-size-sm\" href=\"https:\/\/www.grancanariastays.com\/de\/vermietung\/ferienhauser-gran-canaria-c19e77\/\" target=\"_blank\">\n\t\t\t\t\t\t<span class=\"elementor-button-content-wrapper\">\n\t\t\t\t\t\t\t\t\t<span class=\"elementor-button-text\">Haus Gran Canaria<\/span>\n\t\t\t\t\t<\/span>\n\t\t\t\t\t<\/a>\n\t\t\t\t<\/div>\n\t\t\t\t\t\t\t\t<\/div>\n\t\t\t\t<\/div>\n\t\t\t\t\t<\/div>\n\t\t<\/div>\n\t\t\t\t<div class=\"elementor-column elementor-col-33 elementor-top-column elementor-element elementor-element-4d79167c\" data-id=\"4d79167c\" data-element_type=\"column\">\n\t\t\t<div class=\"elementor-widget-wrap elementor-element-populated\">\n\t\t\t\t\t\t<div class=\"elementor-element elementor-element-9c791a elementor-align-center elementor-widget elementor-widget-button\" data-id=\"9c791a\" data-element_type=\"widget\" data-widget_type=\"button.default\">\n\t\t\t\t<div class=\"elementor-widget-container\">\n\t\t\t\t\t\t\t\t\t<div class=\"elementor-button-wrapper\">\n\t\t\t\t\t<a class=\"elementor-button elementor-button-link elementor-size-sm\" href=\"https:\/\/www.grancanariastays.com\/de\/vermietung\/villen-gran-canaria-c2e77\/\" target=\"_blank\">\n\t\t\t\t\t\t<span class=\"elementor-button-content-wrapper\">\n\t\t\t\t\t\t\t\t\t<span class=\"elementor-button-text\">Villas Gran Canaria<\/span>\n\t\t\t\t\t<\/span>\n\t\t\t\t\t<\/a>\n\t\t\t\t<\/div>\n\t\t\t\t\t\t\t\t<\/div>\n\t\t\t\t<\/div>\n\t\t\t\t\t<\/div>\n\t\t<\/div>\n\t\t\t\t\t<\/div>\n\t\t<\/section>\n\t\t\t\t<\/div>\n\t\t","protected":false},"excerpt":{"rendered":"<p>Das Wetter auf Gran Canaria ist im Januar gro\u00dfartig, ganz im Gegensatz zu Kontinentaleuropa zu dieser Zeit. Daher ist es nicht verwunderlich, dass sich viele nationale und internationale Reisende daf\u00fcr entscheiden, das Jahr auf dieser wundersch\u00f6nen Insel zu beginnen. M\u00f6chten Sie einer von ihnen sein? Neben dem Baden im Meer mitten im Winter k\u00f6nnen Sie [&hellip;]<\/p>\n","protected":false},"author":3,"featured_media":1964,"comment_status":"open","ping_status":"open","sticky":false,"template":"","format":"standard","meta":{"footnotes":""},"categories":[105],"tags":[],"class_list":["post-2034","post","type-post","status-publish","format-standard","has-post-thumbnail","hentry","category-wetter"],"yoast_head":"<!-- This site is optimized with the Yoast SEO plugin v25.1 - https:\/\/yoast.com\/wordpress\/plugins\/seo\/ -->\n<title>Ab nach Gran Canaria im Januar. Sind Sie dabei? - Gran Canaria | Blog<\/title>\n<meta name=\"description\" content=\"Das gute Wetter auf Gran Canaria im Januar ist nur einer der guten Gr\u00fcnde, zu Beginn des Jahres einen Urlaub auf dieser Insel zu verbringen.\" \/>\n<meta name=\"robots\" content=\"index, follow, max-snippet:-1, max-image-preview:large, max-video-preview:-1\" \/>\n<link rel=\"canonical\" href=\"https:\/\/www.grancanariastays.com\/blog\/de\/gran-canaria-januar\/\" \/>\n<meta property=\"og:locale\" content=\"de_DE\" \/>\n<meta property=\"og:type\" content=\"article\" \/>\n<meta property=\"og:title\" content=\"Ab nach Gran Canaria im Januar. Sind Sie dabei? - Gran Canaria | Blog\" \/>\n<meta property=\"og:description\" content=\"Das gute Wetter auf Gran Canaria im Januar ist nur einer der guten Gr\u00fcnde, zu Beginn des Jahres einen Urlaub auf dieser Insel zu verbringen.\" \/>\n<meta property=\"og:url\" content=\"https:\/\/www.grancanariastays.com\/blog\/de\/gran-canaria-januar\/\" \/>\n<meta property=\"og:site_name\" content=\"Gran Canaria | Blog\" \/>\n<meta property=\"article:publisher\" content=\"https:\/\/www.facebook.com\/Grancanariastays\" \/>\n<meta property=\"article:published_time\" content=\"2023-11-22T15:47:04+00:00\" \/>\n<meta property=\"article:modified_time\" content=\"2025-02-12T11:38:03+00:00\" \/>\n<meta property=\"og:image\" content=\"https:\/\/www.grancanariastays.com\/blog\/wp-content\/uploads\/2023\/11\/Gran-canarias-enero.jpg\" \/>\n\t<meta property=\"og:image:width\" content=\"1920\" \/>\n\t<meta property=\"og:image:height\" content=\"500\" \/>\n\t<meta property=\"og:image:type\" content=\"image\/jpeg\" \/>\n<meta name=\"author\" content=\"digitalservices@avantio.com\" \/>\n<meta name=\"twitter:card\" content=\"summary_large_image\" \/>\n<meta name=\"twitter:label1\" content=\"Written by\" \/>\n\t<meta name=\"twitter:data1\" content=\"digitalservices@avantio.com\" \/>\n\t<meta name=\"twitter:label2\" content=\"Est. reading time\" \/>\n\t<meta name=\"twitter:data2\" content=\"6 minutes\" \/>\n<script type=\"application\/ld+json\" class=\"yoast-schema-graph\">{\"@context\":\"https:\/\/schema.org\",\"@graph\":[{\"@type\":\"Article\",\"@id\":\"https:\/\/www.grancanariastays.com\/blog\/de\/gran-canaria-januar\/#article\",\"isPartOf\":{\"@id\":\"https:\/\/www.grancanariastays.com\/blog\/de\/gran-canaria-januar\/\"},\"author\":{\"name\":\"digitalservices@avantio.com\",\"@id\":\"https:\/\/www.grancanariastays.com\/blog\/#\/schema\/person\/35f7856bb384d1ebae2b3aa592e46d5f\"},\"headline\":\"Ab nach Gran Canaria im Januar. Sind Sie dabei?\",\"datePublished\":\"2023-11-22T15:47:04+00:00\",\"dateModified\":\"2025-02-12T11:38:03+00:00\",\"mainEntityOfPage\":{\"@id\":\"https:\/\/www.grancanariastays.com\/blog\/de\/gran-canaria-januar\/\"},\"wordCount\":944,\"commentCount\":0,\"publisher\":{\"@id\":\"https:\/\/www.grancanariastays.com\/blog\/#organization\"},\"image\":{\"@id\":\"https:\/\/www.grancanariastays.com\/blog\/de\/gran-canaria-januar\/#primaryimage\"},\"thumbnailUrl\":\"https:\/\/www.grancanariastays.com\/blog\/wp-content\/uploads\/2023\/11\/Gran-canarias-enero.jpg\",\"articleSection\":[\"Wetter\"],\"inLanguage\":\"de\",\"potentialAction\":[{\"@type\":\"CommentAction\",\"name\":\"Comment\",\"target\":[\"https:\/\/www.grancanariastays.com\/blog\/de\/gran-canaria-januar\/#respond\"]}]},{\"@type\":\"WebPage\",\"@id\":\"https:\/\/www.grancanariastays.com\/blog\/de\/gran-canaria-januar\/\",\"url\":\"https:\/\/www.grancanariastays.com\/blog\/de\/gran-canaria-januar\/\",\"name\":\"Ab nach Gran Canaria im Januar. Sind Sie dabei? - Gran Canaria | Blog\",\"isPartOf\":{\"@id\":\"https:\/\/www.grancanariastays.com\/blog\/#website\"},\"primaryImageOfPage\":{\"@id\":\"https:\/\/www.grancanariastays.com\/blog\/de\/gran-canaria-januar\/#primaryimage\"},\"image\":{\"@id\":\"https:\/\/www.grancanariastays.com\/blog\/de\/gran-canaria-januar\/#primaryimage\"},\"thumbnailUrl\":\"https:\/\/www.grancanariastays.com\/blog\/wp-content\/uploads\/2023\/11\/Gran-canarias-enero.jpg\",\"datePublished\":\"2023-11-22T15:47:04+00:00\",\"dateModified\":\"2025-02-12T11:38:03+00:00\",\"description\":\"Das gute Wetter auf Gran Canaria im Januar ist nur einer der guten Gr\u00fcnde, zu Beginn des Jahres einen Urlaub auf dieser Insel zu verbringen.\",\"breadcrumb\":{\"@id\":\"https:\/\/www.grancanariastays.com\/blog\/de\/gran-canaria-januar\/#breadcrumb\"},\"inLanguage\":\"de\",\"potentialAction\":[{\"@type\":\"ReadAction\",\"target\":[\"https:\/\/www.grancanariastays.com\/blog\/de\/gran-canaria-januar\/\"]}]},{\"@type\":\"ImageObject\",\"inLanguage\":\"de\",\"@id\":\"https:\/\/www.grancanariastays.com\/blog\/de\/gran-canaria-januar\/#primaryimage\",\"url\":\"https:\/\/www.grancanariastays.com\/blog\/wp-content\/uploads\/2023\/11\/Gran-canarias-enero.jpg\",\"contentUrl\":\"https:\/\/www.grancanariastays.com\/blog\/wp-content\/uploads\/2023\/11\/Gran-canarias-enero.jpg\",\"width\":1920,\"height\":500,\"caption\":\"Gran canarias enero\"},{\"@type\":\"BreadcrumbList\",\"@id\":\"https:\/\/www.grancanariastays.com\/blog\/de\/gran-canaria-januar\/#breadcrumb\",\"itemListElement\":[{\"@type\":\"ListItem\",\"position\":1,\"name\":\"Portada\",\"item\":\"https:\/\/www.grancanariastays.com\/blog\/\"},{\"@type\":\"ListItem\",\"position\":2,\"name\":\"Ab nach Gran Canaria im Januar. Sind Sie dabei?\"}]},{\"@type\":\"WebSite\",\"@id\":\"https:\/\/www.grancanariastays.com\/blog\/#website\",\"url\":\"https:\/\/www.grancanariastays.com\/blog\/\",\"name\":\"Gran Canaria Stays\",\"description\":\"\",\"publisher\":{\"@id\":\"https:\/\/www.grancanariastays.com\/blog\/#organization\"},\"potentialAction\":[{\"@type\":\"SearchAction\",\"target\":{\"@type\":\"EntryPoint\",\"urlTemplate\":\"https:\/\/www.grancanariastays.com\/blog\/?s={search_term_string}\"},\"query-input\":{\"@type\":\"PropertyValueSpecification\",\"valueRequired\":true,\"valueName\":\"search_term_string\"}}],\"inLanguage\":\"de\"},{\"@type\":\"Organization\",\"@id\":\"https:\/\/www.grancanariastays.com\/blog\/#organization\",\"name\":\"Gran Canaria Stays\",\"url\":\"https:\/\/www.grancanariastays.com\/blog\/\",\"logo\":{\"@type\":\"ImageObject\",\"inLanguage\":\"de\",\"@id\":\"https:\/\/www.grancanariastays.com\/blog\/#\/schema\/logo\/image\/\",\"url\":\"https:\/\/www.grancanariastays.com\/blog\/wp-content\/uploads\/2024\/01\/logo-gran-canaria-stays.png\",\"contentUrl\":\"https:\/\/www.grancanariastays.com\/blog\/wp-content\/uploads\/2024\/01\/logo-gran-canaria-stays.png\",\"width\":300,\"height\":112,\"caption\":\"Gran Canaria Stays\"},\"image\":{\"@id\":\"https:\/\/www.grancanariastays.com\/blog\/#\/schema\/logo\/image\/\"},\"sameAs\":[\"https:\/\/www.facebook.com\/Grancanariastays\",\"https:\/\/www.instagram.com\/grancanariastays\/\"]},{\"@type\":\"Person\",\"@id\":\"https:\/\/www.grancanariastays.com\/blog\/#\/schema\/person\/35f7856bb384d1ebae2b3aa592e46d5f\",\"name\":\"digitalservices@avantio.com\",\"image\":{\"@type\":\"ImageObject\",\"inLanguage\":\"de\",\"@id\":\"https:\/\/www.grancanariastays.com\/blog\/#\/schema\/person\/image\/\",\"url\":\"https:\/\/secure.gravatar.com\/avatar\/af30f88a1904294c1f3eb09a9d7903eec4ffa18fa2cf40c28a8681014ecdfc20?s=96&d=mm&r=g\",\"contentUrl\":\"https:\/\/secure.gravatar.com\/avatar\/af30f88a1904294c1f3eb09a9d7903eec4ffa18fa2cf40c28a8681014ecdfc20?s=96&d=mm&r=g\",\"caption\":\"digitalservices@avantio.com\"},\"url\":\"https:\/\/www.grancanariastays.com\/blog\/de\/author\/digitalservicesavantio-com\/\"}]}<\/script>\n<!-- \/ Yoast SEO plugin. -->","yoast_head_json":{"title":"Ab nach Gran Canaria im Januar. Sind Sie dabei? - Gran Canaria | Blog","description":"Das gute Wetter auf Gran Canaria im Januar ist nur einer der guten Gr\u00fcnde, zu Beginn des Jahres einen Urlaub auf dieser Insel zu verbringen.","robots":{"index":"index","follow":"follow","max-snippet":"max-snippet:-1","max-image-preview":"max-image-preview:large","max-video-preview":"max-video-preview:-1"},"canonical":"https:\/\/www.grancanariastays.com\/blog\/de\/gran-canaria-januar\/","og_locale":"de_DE","og_type":"article","og_title":"Ab nach Gran Canaria im Januar. Sind Sie dabei? - Gran Canaria | Blog","og_description":"Das gute Wetter auf Gran Canaria im Januar ist nur einer der guten Gr\u00fcnde, zu Beginn des Jahres einen Urlaub auf dieser Insel zu verbringen.","og_url":"https:\/\/www.grancanariastays.com\/blog\/de\/gran-canaria-januar\/","og_site_name":"Gran Canaria | Blog","article_publisher":"https:\/\/www.facebook.com\/Grancanariastays","article_published_time":"2023-11-22T15:47:04+00:00","article_modified_time":"2025-02-12T11:38:03+00:00","og_image":[{"width":1920,"height":500,"url":"https:\/\/www.grancanariastays.com\/blog\/wp-content\/uploads\/2023\/11\/Gran-canarias-enero.jpg","type":"image\/jpeg"}],"author":"digitalservices@avantio.com","twitter_card":"summary_large_image","twitter_misc":{"Written by":"digitalservices@avantio.com","Est. reading time":"6 minutes"},"schema":{"@context":"https:\/\/schema.org","@graph":[{"@type":"Article","@id":"https:\/\/www.grancanariastays.com\/blog\/de\/gran-canaria-januar\/#article","isPartOf":{"@id":"https:\/\/www.grancanariastays.com\/blog\/de\/gran-canaria-januar\/"},"author":{"name":"digitalservices@avantio.com","@id":"https:\/\/www.grancanariastays.com\/blog\/#\/schema\/person\/35f7856bb384d1ebae2b3aa592e46d5f"},"headline":"Ab nach Gran Canaria im Januar. Sind Sie dabei?","datePublished":"2023-11-22T15:47:04+00:00","dateModified":"2025-02-12T11:38:03+00:00","mainEntityOfPage":{"@id":"https:\/\/www.grancanariastays.com\/blog\/de\/gran-canaria-januar\/"},"wordCount":944,"commentCount":0,"publisher":{"@id":"https:\/\/www.grancanariastays.com\/blog\/#organization"},"image":{"@id":"https:\/\/www.grancanariastays.com\/blog\/de\/gran-canaria-januar\/#primaryimage"},"thumbnailUrl":"https:\/\/www.grancanariastays.com\/blog\/wp-content\/uploads\/2023\/11\/Gran-canarias-enero.jpg","articleSection":["Wetter"],"inLanguage":"de","potentialAction":[{"@type":"CommentAction","name":"Comment","target":["https:\/\/www.grancanariastays.com\/blog\/de\/gran-canaria-januar\/#respond"]}]},{"@type":"WebPage","@id":"https:\/\/www.grancanariastays.com\/blog\/de\/gran-canaria-januar\/","url":"https:\/\/www.grancanariastays.com\/blog\/de\/gran-canaria-januar\/","name":"Ab nach Gran Canaria im Januar. Sind Sie dabei? - Gran Canaria | Blog","isPartOf":{"@id":"https:\/\/www.grancanariastays.com\/blog\/#website"},"primaryImageOfPage":{"@id":"https:\/\/www.grancanariastays.com\/blog\/de\/gran-canaria-januar\/#primaryimage"},"image":{"@id":"https:\/\/www.grancanariastays.com\/blog\/de\/gran-canaria-januar\/#primaryimage"},"thumbnailUrl":"https:\/\/www.grancanariastays.com\/blog\/wp-content\/uploads\/2023\/11\/Gran-canarias-enero.jpg","datePublished":"2023-11-22T15:47:04+00:00","dateModified":"2025-02-12T11:38:03+00:00","description":"Das gute Wetter auf Gran Canaria im Januar ist nur einer der guten Gr\u00fcnde, zu Beginn des Jahres einen Urlaub auf dieser Insel zu verbringen.","breadcrumb":{"@id":"https:\/\/www.grancanariastays.com\/blog\/de\/gran-canaria-januar\/#breadcrumb"},"inLanguage":"de","potentialAction":[{"@type":"ReadAction","target":["https:\/\/www.grancanariastays.com\/blog\/de\/gran-canaria-januar\/"]}]},{"@type":"ImageObject","inLanguage":"de","@id":"https:\/\/www.grancanariastays.com\/blog\/de\/gran-canaria-januar\/#primaryimage","url":"https:\/\/www.grancanariastays.com\/blog\/wp-content\/uploads\/2023\/11\/Gran-canarias-enero.jpg","contentUrl":"https:\/\/www.grancanariastays.com\/blog\/wp-content\/uploads\/2023\/11\/Gran-canarias-enero.jpg","width":1920,"height":500,"caption":"Gran canarias enero"},{"@type":"BreadcrumbList","@id":"https:\/\/www.grancanariastays.com\/blog\/de\/gran-canaria-januar\/#breadcrumb","itemListElement":[{"@type":"ListItem","position":1,"name":"Portada","item":"https:\/\/www.grancanariastays.com\/blog\/"},{"@type":"ListItem","position":2,"name":"Ab nach Gran Canaria im Januar. Sind Sie dabei?"}]},{"@type":"WebSite","@id":"https:\/\/www.grancanariastays.com\/blog\/#website","url":"https:\/\/www.grancanariastays.com\/blog\/","name":"Gran Canaria Stays","description":"","publisher":{"@id":"https:\/\/www.grancanariastays.com\/blog\/#organization"},"potentialAction":[{"@type":"SearchAction","target":{"@type":"EntryPoint","urlTemplate":"https:\/\/www.grancanariastays.com\/blog\/?s={search_term_string}"},"query-input":{"@type":"PropertyValueSpecification","valueRequired":true,"valueName":"search_term_string"}}],"inLanguage":"de"},{"@type":"Organization","@id":"https:\/\/www.grancanariastays.com\/blog\/#organization","name":"Gran Canaria Stays","url":"https:\/\/www.grancanariastays.com\/blog\/","logo":{"@type":"ImageObject","inLanguage":"de","@id":"https:\/\/www.grancanariastays.com\/blog\/#\/schema\/logo\/image\/","url":"https:\/\/www.grancanariastays.com\/blog\/wp-content\/uploads\/2024\/01\/logo-gran-canaria-stays.png","contentUrl":"https:\/\/www.grancanariastays.com\/blog\/wp-content\/uploads\/2024\/01\/logo-gran-canaria-stays.png","width":300,"height":112,"caption":"Gran Canaria Stays"},"image":{"@id":"https:\/\/www.grancanariastays.com\/blog\/#\/schema\/logo\/image\/"},"sameAs":["https:\/\/www.facebook.com\/Grancanariastays","https:\/\/www.instagram.com\/grancanariastays\/"]},{"@type":"Person","@id":"https:\/\/www.grancanariastays.com\/blog\/#\/schema\/person\/35f7856bb384d1ebae2b3aa592e46d5f","name":"digitalservices@avantio.com","image":{"@type":"ImageObject","inLanguage":"de","@id":"https:\/\/www.grancanariastays.com\/blog\/#\/schema\/person\/image\/","url":"https:\/\/secure.gravatar.com\/avatar\/af30f88a1904294c1f3eb09a9d7903eec4ffa18fa2cf40c28a8681014ecdfc20?s=96&d=mm&r=g","contentUrl":"https:\/\/secure.gravatar.com\/avatar\/af30f88a1904294c1f3eb09a9d7903eec4ffa18fa2cf40c28a8681014ecdfc20?s=96&d=mm&r=g","caption":"digitalservices@avantio.com"},"url":"https:\/\/www.grancanariastays.com\/blog\/de\/author\/digitalservicesavantio-com\/"}]}},"_links":{"self":[{"href":"https:\/\/www.grancanariastays.com\/blog\/de\/wp-json\/wp\/v2\/posts\/2034","targetHints":{"allow":["GET"]}}],"collection":[{"href":"https:\/\/www.grancanariastays.com\/blog\/de\/wp-json\/wp\/v2\/posts"}],"about":[{"href":"https:\/\/www.grancanariastays.com\/blog\/de\/wp-json\/wp\/v2\/types\/post"}],"author":[{"embeddable":true,"href":"https:\/\/www.grancanariastays.com\/blog\/de\/wp-json\/wp\/v2\/users\/3"}],"replies":[{"embeddable":true,"href":"https:\/\/www.grancanariastays.com\/blog\/de\/wp-json\/wp\/v2\/comments?post=2034"}],"version-history":[{"count":13,"href":"https:\/\/www.grancanariastays.com\/blog\/de\/wp-json\/wp\/v2\/posts\/2034\/revisions"}],"predecessor-version":[{"id":2371,"href":"https:\/\/www.grancanariastays.com\/blog\/de\/wp-json\/wp\/v2\/posts\/2034\/revisions\/2371"}],"wp:featuredmedia":[{"embeddable":true,"href":"https:\/\/www.grancanariastays.com\/blog\/de\/wp-json\/wp\/v2\/media\/1964"}],"wp:attachment":[{"href":"https:\/\/www.grancanariastays.com\/blog\/de\/wp-json\/wp\/v2\/media?parent=2034"}],"wp:term":[{"taxonomy":"category","embeddable":true,"href":"https:\/\/www.grancanariastays.com\/blog\/de\/wp-json\/wp\/v2\/categories?post=2034"},{"taxonomy":"post_tag","embeddable":true,"href":"https:\/\/www.grancanariastays.com\/blog\/de\/wp-json\/wp\/v2\/tags?post=2034"}],"curies":[{"name":"wp","href":"https:\/\/api.w.org\/{rel}","templated":true}]}}