{"id":3292,"date":"2024-04-23T08:24:01","date_gmt":"2024-04-23T08:24:01","guid":{"rendered":"https:\/\/www.grancanariastays.com\/blog\/?p=3292"},"modified":"2025-02-12T11:37:25","modified_gmt":"2025-02-12T11:37:25","slug":"gran-canaria-im-juni","status":"publish","type":"post","link":"https:\/\/www.grancanariastays.com\/blog\/de\/gran-canaria-im-juni\/","title":{"rendered":"Denken Sie dar\u00fcber nach, Gran Canaria im Juni zu besuchen?"},"content":{"rendered":"\t\t<div data-elementor-type=\"wp-post\" data-elementor-id=\"3292\" class=\"elementor elementor-3292 elementor-3221\" data-elementor-post-type=\"post\">\n\t\t\t\t\t\t<section class=\"elementor-section elementor-top-section elementor-element elementor-element-7b72e888 elementor-section-boxed elementor-section-height-default elementor-section-height-default\" data-id=\"7b72e888\" data-element_type=\"section\">\n\t\t\t\t\t\t<div class=\"elementor-container elementor-column-gap-default\">\n\t\t\t\t\t<div class=\"elementor-column elementor-col-100 elementor-top-column elementor-element elementor-element-678dd4f6\" data-id=\"678dd4f6\" data-element_type=\"column\">\n\t\t\t<div class=\"elementor-widget-wrap elementor-element-populated\">\n\t\t\t\t\t\t<div class=\"elementor-element elementor-element-25a9bd83 elementor-widget elementor-widget-text-editor\" data-id=\"25a9bd83\" data-element_type=\"widget\" data-widget_type=\"text-editor.default\">\n\t\t\t\t<div class=\"elementor-widget-container\">\n\t\t\t\t\t\t\t\t\t<p>Der <strong>Juni<\/strong> ist ein fantastischer Monat, um all das zu entdecken, was <strong>Gran Canaria<\/strong> zu bieten hat. Die Str\u00e4nde, die Freundlichkeit der Menschen, die entspannte Atmosph\u00e4re, die so typisch f\u00fcr die Inseln ist, die spektakul\u00e4re Natur und die einzigartige Gastronomie sind nur einige der vielen Attraktionen auf Gran Canaria. Worauf warten Sie noch, um Ihren Besuch vorzubereiten? Hier erfahren Sie alles, was Sie f\u00fcr einen Traumurlaub auf <strong>Gran Canaria im Juni <\/strong>wissen m\u00fcssen.<\/p>\t\t\t\t\t\t\t\t<\/div>\n\t\t\t\t<\/div>\n\t\t\t\t\t<\/div>\n\t\t<\/div>\n\t\t\t\t\t<\/div>\n\t\t<\/section>\n\t\t\t\t<section class=\"elementor-section elementor-top-section elementor-element elementor-element-19da425b elementor-section-boxed elementor-section-height-default elementor-section-height-default\" data-id=\"19da425b\" data-element_type=\"section\">\n\t\t\t\t\t\t<div class=\"elementor-container elementor-column-gap-default\">\n\t\t\t\t\t<div class=\"elementor-column elementor-col-100 elementor-top-column elementor-element elementor-element-1572ec7c\" data-id=\"1572ec7c\" data-element_type=\"column\">\n\t\t\t<div class=\"elementor-widget-wrap elementor-element-populated\">\n\t\t\t\t\t\t<div class=\"elementor-element elementor-element-1627fe0e elementor-widget elementor-widget-table-of-contents\" data-id=\"1627fe0e\" data-element_type=\"widget\" data-settings=\"{&quot;headings_by_tags&quot;:[&quot;h2&quot;],&quot;exclude_headings_by_selector&quot;:[],&quot;marker_view&quot;:&quot;bullets&quot;,&quot;icon&quot;:{&quot;value&quot;:&quot;&quot;,&quot;library&quot;:&quot;&quot;},&quot;no_headings_message&quot;:&quot;No headings were found on this page.&quot;,&quot;hierarchical_view&quot;:&quot;yes&quot;,&quot;min_height&quot;:{&quot;unit&quot;:&quot;px&quot;,&quot;size&quot;:&quot;&quot;,&quot;sizes&quot;:[]},&quot;min_height_tablet&quot;:{&quot;unit&quot;:&quot;px&quot;,&quot;size&quot;:&quot;&quot;,&quot;sizes&quot;:[]},&quot;min_height_mobile&quot;:{&quot;unit&quot;:&quot;px&quot;,&quot;size&quot;:&quot;&quot;,&quot;sizes&quot;:[]}}\" data-widget_type=\"table-of-contents.default\">\n\t\t\t\t<div class=\"elementor-widget-container\">\n\t\t\t\t\t\t\t<div class=\"elementor-toc__header\">\n\t\t\t<div class=\"elementor-toc__header-title\">\n\t\t\t\tVerzeichnis\t\t\t<\/div>\n\t\t\t\t\t<\/div>\n\t\t<div id=\"elementor-toc__1627fe0e\" class=\"elementor-toc__body\">\n\t\t\t<div class=\"elementor-toc__spinner-container\">\n\t\t\t\t<i class=\"elementor-toc__spinner eicon-animation-spin eicon-loading\" aria-hidden=\"true\"><\/i>\t\t\t<\/div>\n\t\t<\/div>\n\t\t\t\t\t\t<\/div>\n\t\t\t\t<\/div>\n\t\t\t\t\t<\/div>\n\t\t<\/div>\n\t\t\t\t\t<\/div>\n\t\t<\/section>\n\t\t\t\t<section class=\"elementor-section elementor-top-section elementor-element elementor-element-3e7a000 elementor-section-boxed elementor-section-height-default elementor-section-height-default\" data-id=\"3e7a000\" data-element_type=\"section\">\n\t\t\t\t\t\t<div class=\"elementor-container elementor-column-gap-default\">\n\t\t\t\t\t<div class=\"elementor-column elementor-col-100 elementor-top-column elementor-element elementor-element-dbf0844\" data-id=\"dbf0844\" data-element_type=\"column\">\n\t\t\t<div class=\"elementor-widget-wrap elementor-element-populated\">\n\t\t\t\t\t\t<div class=\"elementor-element elementor-element-a688102 elementor-widget elementor-widget-heading\" data-id=\"a688102\" data-element_type=\"widget\" data-widget_type=\"heading.default\">\n\t\t\t\t<div class=\"elementor-widget-container\">\n\t\t\t\t\t<h2 class=\"elementor-heading-title elementor-size-default\">Die besten Str\u00e4nde zum Genie\u00dfen des guten Wetters im Juni auf Gran Canaria\n<\/h2>\t\t\t\t<\/div>\n\t\t\t\t<\/div>\n\t\t\t\t<div class=\"elementor-element elementor-element-d4cc5da elementor-widget elementor-widget-text-editor\" data-id=\"d4cc5da\" data-element_type=\"widget\" data-widget_type=\"text-editor.default\">\n\t\t\t\t<div class=\"elementor-widget-container\">\n\t\t\t\t\t\t\t\t\t<p>Wir alle wissen, dass der Strand einer der besten Gr\u00fcnde ist, <strong>Gran Canaria im Juni<\/strong> (und eigentlich das ganze Jahr \u00fcber) zu besuchen. Deshalb m\u00f6chten wir Ihnen einige der besten Str\u00e4nde vorstellen, die Sie auf dieser wundersch\u00f6nen Insel finden k\u00f6nnen:<\/p>\t\t\t\t\t\t\t\t<\/div>\n\t\t\t\t<\/div>\n\t\t\t\t\t<\/div>\n\t\t<\/div>\n\t\t\t\t\t<\/div>\n\t\t<\/section>\n\t\t\t\t<section class=\"elementor-section elementor-top-section elementor-element elementor-element-1e80dfe elementor-section-boxed elementor-section-height-default elementor-section-height-default\" data-id=\"1e80dfe\" data-element_type=\"section\">\n\t\t\t\t\t\t<div class=\"elementor-container elementor-column-gap-default\">\n\t\t\t\t\t<div class=\"elementor-column elementor-col-33 elementor-top-column elementor-element elementor-element-518ed18\" data-id=\"518ed18\" data-element_type=\"column\">\n\t\t\t<div class=\"elementor-widget-wrap elementor-element-populated\">\n\t\t\t\t\t\t<div class=\"elementor-element elementor-element-3859629 elementor-widget elementor-widget-heading\" data-id=\"3859629\" data-element_type=\"widget\" data-widget_type=\"heading.default\">\n\t\t\t\t<div class=\"elementor-widget-container\">\n\t\t\t\t\t<h3 class=\"elementor-heading-title elementor-size-default\">G\u00fcig\u00fc\u00ed<\/h3>\t\t\t\t<\/div>\n\t\t\t\t<\/div>\n\t\t\t\t<div class=\"elementor-element elementor-element-1a7fd77 elementor-widget elementor-widget-image\" data-id=\"1a7fd77\" data-element_type=\"widget\" data-widget_type=\"image.default\">\n\t\t\t\t<div class=\"elementor-widget-container\">\n\t\t\t\t\t\t\t\t\t\t\t\t\t\t\t<img decoding=\"async\" src=\"https:\/\/www.grancanariastays.com\/blog\/wp-content\/uploads\/2024\/04\/Guigui\u200b-1-700x430.png\" title=\"G\u00fcig\u00fc\u00ed\u200b\" alt=\"G\u00fcig\u00fc\u00ed\u200b\" loading=\"lazy\" \/>\t\t\t\t\t\t\t\t\t\t\t\t\t\t\t<\/div>\n\t\t\t\t<\/div>\n\t\t\t\t<div class=\"elementor-element elementor-element-eb4f657 elementor-widget elementor-widget-text-editor\" data-id=\"eb4f657\" data-element_type=\"widget\" data-widget_type=\"text-editor.default\">\n\t\t\t\t<div class=\"elementor-widget-container\">\n\t\t\t\t\t\t\t\t\t<p>Wir beginnen mit einem der unber\u00fchrtesten und wildesten Str\u00e4nde, die man auf der Insel finden kann, denn wir wissen, dass Ruhe ein sehr kostbares Gut ist. Im westlichen Teil von Gran Canaria finden wir nach einem guten Spaziergang von etwa zweieinhalb Stunden (wir haben nicht gesagt, dass es einfach ist) einen Strand, der uns mit unglaublicher Aussicht, wenig Menschen und dem erfrischenden Meer erwartet. Wenn man nicht so weit laufen m\u00f6chte, kann man auch mit dem Boot dorthin fahren.<\/p>\t\t\t\t\t\t\t\t<\/div>\n\t\t\t\t<\/div>\n\t\t\t\t\t<\/div>\n\t\t<\/div>\n\t\t\t\t<div class=\"elementor-column elementor-col-33 elementor-top-column elementor-element elementor-element-5906b99\" data-id=\"5906b99\" data-element_type=\"column\">\n\t\t\t<div class=\"elementor-widget-wrap elementor-element-populated\">\n\t\t\t\t\t\t<div class=\"elementor-element elementor-element-3fb3ca7 elementor-widget elementor-widget-heading\" data-id=\"3fb3ca7\" data-element_type=\"widget\" data-widget_type=\"heading.default\">\n\t\t\t\t<div class=\"elementor-widget-container\">\n\t\t\t\t\t<h3 class=\"elementor-heading-title elementor-size-default\">Guayedra<\/h3>\t\t\t\t<\/div>\n\t\t\t\t<\/div>\n\t\t\t\t<div class=\"elementor-element elementor-element-4058ce9 elementor-widget elementor-widget-image\" data-id=\"4058ce9\" data-element_type=\"widget\" data-widget_type=\"image.default\">\n\t\t\t\t<div class=\"elementor-widget-container\">\n\t\t\t\t\t\t\t\t\t\t\t\t\t\t\t<img decoding=\"async\" src=\"https:\/\/www.grancanariastays.com\/blog\/wp-content\/uploads\/2024\/04\/Guayedra\u200b-1-700x430.jpg\" title=\"Guayedra\u200b\" alt=\"Guayedra\u200b\" loading=\"lazy\" \/>\t\t\t\t\t\t\t\t\t\t\t\t\t\t\t<\/div>\n\t\t\t\t<\/div>\n\t\t\t\t<div class=\"elementor-element elementor-element-7fa094c elementor-widget elementor-widget-text-editor\" data-id=\"7fa094c\" data-element_type=\"widget\" data-widget_type=\"text-editor.default\">\n\t\t\t\t<div class=\"elementor-widget-container\">\n\t\t\t\t\t\t\t\t\t<p>Dieser Strand ist aufgrund seiner von Klippen gesch\u00fctzten Bucht und seiner unglaublichen nat\u00fcrlichen Sch\u00f6nheit ideal f\u00fcr FKK-Anh\u00e4nger. Hier kann man die Kombination aus dunklem Sand und dem Gr\u00fcn der Tamadaba-Kiefern bewundern, genau das, was man von Gran Canaria erwartet.<\/p>\t\t\t\t\t\t\t\t<\/div>\n\t\t\t\t<\/div>\n\t\t\t\t\t<\/div>\n\t\t<\/div>\n\t\t\t\t<div class=\"elementor-column elementor-col-33 elementor-top-column elementor-element elementor-element-2d4fd7a\" data-id=\"2d4fd7a\" data-element_type=\"column\">\n\t\t\t<div class=\"elementor-widget-wrap elementor-element-populated\">\n\t\t\t\t\t\t<div class=\"elementor-element elementor-element-5439307 elementor-widget elementor-widget-heading\" data-id=\"5439307\" data-element_type=\"widget\" data-widget_type=\"heading.default\">\n\t\t\t\t<div class=\"elementor-widget-container\">\n\t\t\t\t\t<h3 class=\"elementor-heading-title elementor-size-default\">Playa del Ingl\u00e9s<\/h3>\t\t\t\t<\/div>\n\t\t\t\t<\/div>\n\t\t\t\t<div class=\"elementor-element elementor-element-861b08e elementor-widget elementor-widget-image\" data-id=\"861b08e\" data-element_type=\"widget\" data-widget_type=\"image.default\">\n\t\t\t\t<div class=\"elementor-widget-container\">\n\t\t\t\t\t\t\t\t\t\t\t\t\t\t\t<img decoding=\"async\" src=\"https:\/\/www.grancanariastays.com\/blog\/wp-content\/uploads\/elementor\/thumbs\/playa-del-ingles-villas-grupos-gran-canaria-qk53p1otm6wnucarwy4iibrqjpwr6ms2t4q34mqvrw.jpg\" title=\"playa-del-ingles-villas-grupos-gran-canaria\" alt=\"villas en playa del ingl\u00e9s para grupos grandes\" loading=\"lazy\" \/>\t\t\t\t\t\t\t\t\t\t\t\t\t\t\t<\/div>\n\t\t\t\t<\/div>\n\t\t\t\t<div class=\"elementor-element elementor-element-d77bbb2 elementor-widget elementor-widget-text-editor\" data-id=\"d77bbb2\" data-element_type=\"widget\" data-widget_type=\"text-editor.default\">\n\t\t\t\t<div class=\"elementor-widget-container\">\n\t\t\t\t\t\t\t\t\t<p>Neben dem Strand von Maspalomas liegt Playa del Ingl\u00e9s, der ebenfalls sehr breit, ruhig und perfekt f\u00fcr Familien ist. Es ist ein sehr beliebter Strand zum Aus\u00fcben diverser Sportarten, wie Surfen, Bodyboarden, Yoga, Laufen und vieles mehr.<\/p><p><span style=\"font-weight: 400\">\u00a0<\/span><\/p>\t\t\t\t\t\t\t\t<\/div>\n\t\t\t\t<\/div>\n\t\t\t\t\t<\/div>\n\t\t<\/div>\n\t\t\t\t\t<\/div>\n\t\t<\/section>\n\t\t\t\t<section class=\"elementor-section elementor-top-section elementor-element elementor-element-f44e69a elementor-section-boxed elementor-section-height-default elementor-section-height-default\" data-id=\"f44e69a\" data-element_type=\"section\">\n\t\t\t\t\t\t<div class=\"elementor-container elementor-column-gap-default\">\n\t\t\t\t\t<div class=\"elementor-column elementor-col-33 elementor-top-column elementor-element elementor-element-56ef6e3\" data-id=\"56ef6e3\" data-element_type=\"column\">\n\t\t\t<div class=\"elementor-widget-wrap elementor-element-populated\">\n\t\t\t\t\t\t<div class=\"elementor-element elementor-element-971096b elementor-widget elementor-widget-heading\" data-id=\"971096b\" data-element_type=\"widget\" data-widget_type=\"heading.default\">\n\t\t\t\t<div class=\"elementor-widget-container\">\n\t\t\t\t\t<h3 class=\"elementor-heading-title elementor-size-default\">Maspalomas<\/h3>\t\t\t\t<\/div>\n\t\t\t\t<\/div>\n\t\t\t\t<div class=\"elementor-element elementor-element-13c020e elementor-widget elementor-widget-image\" data-id=\"13c020e\" data-element_type=\"widget\" data-widget_type=\"image.default\">\n\t\t\t\t<div class=\"elementor-widget-container\">\n\t\t\t\t\t\t\t\t\t\t\t\t\t\t\t<img decoding=\"async\" src=\"https:\/\/www.grancanariastays.com\/blog\/wp-content\/uploads\/elementor\/thumbs\/vistas-maspalomas-gran-canaria-sur-qguqujdgu2uq5efkpsyngwv99nadkgpif5uda1tb4w.jpg\" title=\"vistas-maspalomas-gran-canaria-sur\" alt=\"vistas de maspalomas en gran canaria sur\" loading=\"lazy\" \/>\t\t\t\t\t\t\t\t\t\t\t\t\t\t\t<\/div>\n\t\t\t\t<\/div>\n\t\t\t\t<div class=\"elementor-element elementor-element-12ce2fd elementor-widget elementor-widget-text-editor\" data-id=\"12ce2fd\" data-element_type=\"widget\" data-widget_type=\"text-editor.default\">\n\t\t\t\t<div class=\"elementor-widget-container\">\n\t\t\t\t\t\t\t\t\t<p>An diesem Strand gibt es viel mehr Touristen als an den ersten beiden, aber er ist immer noch spektakul\u00e4r. Da er sich im <strong>Naturschutzgebiet der D\u00fcnen von Maspalomas<\/strong> befindet, l\u00e4sst sich bereits erahnen, dass die Umgebung fantastisch sein wird. Hier treffen drei \u00d6kosysteme aufeinander: Neben den D\u00fcnen gibt es auch den Palmenhain und den Teich, die eine reiche und sch\u00f6ne Welt schaffen. Der Leuchtturm, der von der H\u00f6he aus \u00fcber das Meer wacht, erinnert uns an andere Zeiten und verleiht diesem Strand einen Hauch von Mystik. Es handelt sich um einen sehr breiten Strand, der alle notwendigen Dienstleistungen f\u00fcr einen erholsamen Tag bietet.<\/p>\t\t\t\t\t\t\t\t<\/div>\n\t\t\t\t<\/div>\n\t\t\t\t\t<\/div>\n\t\t<\/div>\n\t\t\t\t<div class=\"elementor-column elementor-col-33 elementor-top-column elementor-element elementor-element-de27528\" data-id=\"de27528\" data-element_type=\"column\">\n\t\t\t<div class=\"elementor-widget-wrap elementor-element-populated\">\n\t\t\t\t\t\t<div class=\"elementor-element elementor-element-12f6f51e elementor-widget elementor-widget-heading\" data-id=\"12f6f51e\" data-element_type=\"widget\" data-widget_type=\"heading.default\">\n\t\t\t\t<div class=\"elementor-widget-container\">\n\t\t\t\t\t<h3 class=\"elementor-heading-title elementor-size-default\">Puerto Mog\u00e1n<\/h3>\t\t\t\t<\/div>\n\t\t\t\t<\/div>\n\t\t\t\t<div class=\"elementor-element elementor-element-4221939 elementor-widget elementor-widget-image\" data-id=\"4221939\" data-element_type=\"widget\" data-widget_type=\"image.default\">\n\t\t\t\t<div class=\"elementor-widget-container\">\n\t\t\t\t\t\t\t\t\t\t\t\t\t\t\t<img decoding=\"async\" src=\"https:\/\/www.grancanariastays.com\/blog\/wp-content\/uploads\/elementor\/thumbs\/puerto-de-playa-mogan-gran-canaria-qak4wrvf0n6l6ne2b0mf9zqcwp1bvtl01lbn5mmgf4.jpg\" title=\"puerto de playa mogan, gran canaria\" alt=\"puerto de playa mogan, gran canaria\" loading=\"lazy\" \/>\t\t\t\t\t\t\t\t\t\t\t\t\t\t\t<\/div>\n\t\t\t\t<\/div>\n\t\t\t\t<div class=\"elementor-element elementor-element-8372ad5 elementor-widget elementor-widget-text-editor\" data-id=\"8372ad5\" data-element_type=\"widget\" data-widget_type=\"text-editor.default\">\n\t\t\t\t<div class=\"elementor-widget-container\">\n\t\t\t\t\t\t\t\t\t<div dir=\"auto\" data-testid=\"conversation-turn-59\"><div dir=\"auto\" data-message-author-role=\"assistant\" data-message-id=\"37e7f8b6-68f4-4743-898a-3a86d0fa6699\"><div dir=\"auto\" data-testid=\"conversation-turn-61\"><div dir=\"auto\" data-message-author-role=\"assistant\" data-message-id=\"4f7cb519-e836-4496-a82a-11755ec9a914\"><p>Der Strand von Puerto Mog\u00e1n im S\u00fcdwesten von Gran Canaria ist f\u00fcr seinen goldenen Sand und sein ruhiges Wasser bekannt. Wegen seiner Kan\u00e4le und seines farbenfrohen Hafens wird er auch das \u201eVenedig der Kanaren\u201c genannt. Er bietet eine Vielzahl von Restaurants und Aktivit\u00e4ten wie Schnorcheln und Tauchen \u2013 ideal zum Genie\u00dfen der Sonne sowie der lokalen K\u00fcche. Der Strand wird von einer Vielzahl von Restaurants und Caf\u00e9s flankiert, die k\u00f6stliche lokale und internationale Gerichte anbieten, und ist somit ein perfekter Ort, um sich zu entspannen und die warme kanarische Sonne zu genie\u00dfen.<\/p><\/div><\/div><\/div><\/div>\t\t\t\t\t\t\t\t<\/div>\n\t\t\t\t<\/div>\n\t\t\t\t\t<\/div>\n\t\t<\/div>\n\t\t\t\t<div class=\"elementor-column elementor-col-33 elementor-top-column elementor-element elementor-element-133d7be\" data-id=\"133d7be\" data-element_type=\"column\">\n\t\t\t<div class=\"elementor-widget-wrap elementor-element-populated\">\n\t\t\t\t\t\t<div class=\"elementor-element elementor-element-a2b4db5 elementor-widget elementor-widget-heading\" data-id=\"a2b4db5\" data-element_type=\"widget\" data-widget_type=\"heading.default\">\n\t\t\t\t<div class=\"elementor-widget-container\">\n\t\t\t\t\t<h3 class=\"elementor-heading-title elementor-size-default\">Las Canteras<\/h3>\t\t\t\t<\/div>\n\t\t\t\t<\/div>\n\t\t\t\t<div class=\"elementor-element elementor-element-5b6f388 elementor-widget elementor-widget-image\" data-id=\"5b6f388\" data-element_type=\"widget\" data-widget_type=\"image.default\">\n\t\t\t\t<div class=\"elementor-widget-container\">\n\t\t\t\t\t\t\t\t\t\t\t\t\t\t\t<img decoding=\"async\" src=\"https:\/\/www.grancanariastays.com\/blog\/wp-content\/uploads\/elementor\/thumbs\/Playa-Las-Canteras\u200b-qmqld193wj9epkphahv251ikzf4cp511hr15cx4iao.jpg\" title=\"Las Canteras Beach in Las Palmas de Gran Canaria\" alt=\"Playa Las Canteras\u200b\" loading=\"lazy\" \/>\t\t\t\t\t\t\t\t\t\t\t\t\t\t\t<\/div>\n\t\t\t\t<\/div>\n\t\t\t\t<div class=\"elementor-element elementor-element-e911e0a elementor-widget elementor-widget-text-editor\" data-id=\"e911e0a\" data-element_type=\"widget\" data-widget_type=\"text-editor.default\">\n\t\t\t\t<div class=\"elementor-widget-container\">\n\t\t\t\t\t\t\t\t\t<p>Ein Stadtstrand darf in dieser Liste nicht fehlen, denn er bietet viele Vorteile: alle wichtigen Dienstleistungen und die N\u00e4he zu Freizeitangeboten, Restaurants, Einkaufsm\u00f6glichkeiten und vielem mehr. Au\u00dferdem handelt es sich um einen fantastischen Strand mitten in der Hauptstadt, der eine Landschaft bietet, die sich auf jeden Fall lohnt. Es ist ein langer Strand, an dem Sie neben vielen anderen Aktivit\u00e4ten eine Sonnenliege mieten, Ihre Kinder in den Kinderbereichen spielen lassen oder tauchen und schnorcheln k\u00f6nnen. Es ist ein lebhafter Strand, aber es gibt auch ruhigere Bereiche, wo man ein Buch lesen oder ein Nickerchen machen kann.<\/p>\t\t\t\t\t\t\t\t<\/div>\n\t\t\t\t<\/div>\n\t\t\t\t\t<\/div>\n\t\t<\/div>\n\t\t\t\t\t<\/div>\n\t\t<\/section>\n\t\t\t\t<section class=\"elementor-section elementor-top-section elementor-element elementor-element-cb24ec2 elementor-section-boxed elementor-section-height-default elementor-section-height-default\" data-id=\"cb24ec2\" data-element_type=\"section\">\n\t\t\t\t\t\t<div class=\"elementor-container elementor-column-gap-default\">\n\t\t\t\t\t<div class=\"elementor-column elementor-col-100 elementor-top-column elementor-element elementor-element-796c977\" data-id=\"796c977\" data-element_type=\"column\">\n\t\t\t<div class=\"elementor-widget-wrap elementor-element-populated\">\n\t\t\t\t\t\t<div class=\"elementor-element elementor-element-f115690 elementor-widget elementor-widget-text-editor\" data-id=\"f115690\" data-element_type=\"widget\" data-widget_type=\"text-editor.default\">\n\t\t\t\t<div class=\"elementor-widget-container\">\n\t\t\t\t\t\t\t\t\t<p>Dies ist unsere Auswahl an Str\u00e4nden, die Sie auf Gran Canaria nicht verpassen d\u00fcrfen, jedoch empfehlen wir Ihnen, die Insel ein wenig zu erkunden. Sie werden sicher noch viele andere Perlen finden.<\/p>\t\t\t\t\t\t\t\t<\/div>\n\t\t\t\t<\/div>\n\t\t\t\t\t<\/div>\n\t\t<\/div>\n\t\t\t\t\t<\/div>\n\t\t<\/section>\n\t\t\t\t<section class=\"elementor-section elementor-top-section elementor-element elementor-element-d27cc2a elementor-section-boxed elementor-section-height-default elementor-section-height-default\" data-id=\"d27cc2a\" data-element_type=\"section\">\n\t\t\t\t\t\t<div class=\"elementor-container elementor-column-gap-default\">\n\t\t\t\t\t<div class=\"elementor-column elementor-col-100 elementor-top-column elementor-element elementor-element-5de1233\" data-id=\"5de1233\" data-element_type=\"column\">\n\t\t\t<div class=\"elementor-widget-wrap elementor-element-populated\">\n\t\t\t\t\t\t<div class=\"elementor-element elementor-element-5b7ee4a elementor-blockquote--skin-border elementor-blockquote--button-color-official elementor-widget elementor-widget-blockquote\" data-id=\"5b7ee4a\" data-element_type=\"widget\" data-widget_type=\"blockquote.default\">\n\t\t\t\t<div class=\"elementor-widget-container\">\n\t\t\t\t\t\t\t<blockquote class=\"elementor-blockquote\">\n\t\t\t<p class=\"elementor-blockquote__content\">\n\t\t\t\t<span style=\", sans-serif;text-align: justify\">Die <b>Durchschnittstemperatur auf Gran Canaria liegt im Juni<\/b> zwischen <b>20 \u00b0C y los 26 \u00b0C<\/b>. <\/span>\t\t\t<\/p>\n\t\t\t\t\t<\/blockquote>\n\t\t\t\t\t\t<\/div>\n\t\t\t\t<\/div>\n\t\t\t\t\t<\/div>\n\t\t<\/div>\n\t\t\t\t\t<\/div>\n\t\t<\/section>\n\t\t\t\t<section class=\"elementor-section elementor-top-section elementor-element elementor-element-6ec2c59 elementor-section-boxed elementor-section-height-default elementor-section-height-default\" data-id=\"6ec2c59\" data-element_type=\"section\">\n\t\t\t\t\t\t<div class=\"elementor-container elementor-column-gap-default\">\n\t\t\t\t\t<div class=\"elementor-column elementor-col-100 elementor-top-column elementor-element elementor-element-dab9155\" data-id=\"dab9155\" data-element_type=\"column\">\n\t\t\t<div class=\"elementor-widget-wrap elementor-element-populated\">\n\t\t\t\t\t\t<div class=\"elementor-element elementor-element-b001364 elementor-widget elementor-widget-heading\" data-id=\"b001364\" data-element_type=\"widget\" data-widget_type=\"heading.default\">\n\t\t\t\t<div class=\"elementor-widget-container\">\n\t\t\t\t\t<h2 class=\"elementor-heading-title elementor-size-default\">Veranstaltungen und Feste auf Gran Canaria im Juni\n<\/h2>\t\t\t\t<\/div>\n\t\t\t\t<\/div>\n\t\t\t\t<div class=\"elementor-element elementor-element-8c44316 elementor-widget elementor-widget-text-editor\" data-id=\"8c44316\" data-element_type=\"widget\" data-widget_type=\"text-editor.default\">\n\t\t\t\t<div class=\"elementor-widget-container\">\n\t\t\t\t\t\t\t\t\t<p>Wenn Sie <strong>Gran Canaria im Juni<\/strong> besuchen, k\u00f6nnen Sie die Gelegenheit nutzen, einige der wichtigsten Feste der Insel zu erleben. Wir sagen Ihnen, welche Sie nicht verpassen d\u00fcrfen:<\/p><ul><li><strong>La Noche de San Juan<\/strong>: Zur Sommersonnenwende sind die Str\u00e4nde mit Lagerfeuern gef\u00fcllt, Feuerwerke erhellen den Himmel und die Nachtclubs vibrieren vor Lebendigkeit. Dieses Datum f\u00e4llt mit den Gr\u00fcndungsfeierlichkeiten von Las Palmas de Gran Canaria zusammen, sodass man doppelt feiern kann.<\/li><li><strong>Corpus Christi<\/strong>: Am Fronleichnamsdonnerstag werden die Stra\u00dfen und Pl\u00e4tze mit handgefertigten Blumenteppichen bedeckt, wodurch wahre Kunstwerke entstehen, die Sie bewundern k\u00f6nnen, wenn Sie im <strong>Juni auf Gran Canaria<\/strong> sind.<\/li><\/ul>\t\t\t\t\t\t\t\t<\/div>\n\t\t\t\t<\/div>\n\t\t\t\t\t<\/div>\n\t\t<\/div>\n\t\t\t\t\t<\/div>\n\t\t<\/section>\n\t\t\t\t<section class=\"elementor-section elementor-top-section elementor-element elementor-element-65affd8 elementor-section-boxed elementor-section-height-default elementor-section-height-default\" data-id=\"65affd8\" data-element_type=\"section\">\n\t\t\t\t\t\t<div class=\"elementor-container elementor-column-gap-default\">\n\t\t\t\t\t<div class=\"elementor-column elementor-col-100 elementor-top-column elementor-element elementor-element-d8b07ea\" data-id=\"d8b07ea\" data-element_type=\"column\">\n\t\t\t<div class=\"elementor-widget-wrap elementor-element-populated\">\n\t\t\t\t\t\t<div class=\"elementor-element elementor-element-ef99dad elementor-widget elementor-widget-image\" data-id=\"ef99dad\" data-element_type=\"widget\" data-widget_type=\"image.default\">\n\t\t\t\t<div class=\"elementor-widget-container\">\n\t\t\t\t\t\t\t\t\t\t\t\t\t\t\t<img fetchpriority=\"high\" decoding=\"async\" width=\"1920\" height=\"960\" src=\"https:\/\/www.grancanariastays.com\/blog\/wp-content\/uploads\/2024\/04\/corpus-christy-gran-canaria.jpg\" class=\"attachment-full size-full wp-image-3238\" alt=\"corpus-christy-gran-canaria\" srcset=\"https:\/\/www.grancanariastays.com\/blog\/wp-content\/uploads\/2024\/04\/corpus-christy-gran-canaria.jpg 1920w, https:\/\/www.grancanariastays.com\/blog\/wp-content\/uploads\/2024\/04\/corpus-christy-gran-canaria-768x384.jpg 768w, https:\/\/www.grancanariastays.com\/blog\/wp-content\/uploads\/2024\/04\/corpus-christy-gran-canaria-1536x768.jpg 1536w\" sizes=\"(max-width: 1920px) 100vw, 1920px\" \/>\t\t\t\t\t\t\t\t\t\t\t\t\t\t\t<\/div>\n\t\t\t\t<\/div>\n\t\t\t\t\t<\/div>\n\t\t<\/div>\n\t\t\t\t\t<\/div>\n\t\t<\/section>\n\t\t\t\t<section class=\"elementor-section elementor-top-section elementor-element elementor-element-549ede07 elementor-section-boxed elementor-section-height-default elementor-section-height-default\" data-id=\"549ede07\" data-element_type=\"section\">\n\t\t\t\t\t\t<div class=\"elementor-container elementor-column-gap-default\">\n\t\t\t\t\t<div class=\"elementor-column elementor-col-100 elementor-top-column elementor-element elementor-element-45f0fe28\" data-id=\"45f0fe28\" data-element_type=\"column\">\n\t\t\t<div class=\"elementor-widget-wrap elementor-element-populated\">\n\t\t\t\t\t\t<div class=\"elementor-element elementor-element-3c0d9a0c elementor-widget elementor-widget-heading\" data-id=\"3c0d9a0c\" data-element_type=\"widget\" data-widget_type=\"heading.default\">\n\t\t\t\t<div class=\"elementor-widget-container\">\n\t\t\t\t\t<h2 class=\"elementor-heading-title elementor-size-default\">Wasseraktivit\u00e4ten zur Abk\u00fchlung auf Gran Canaria im Juni\n<\/h2>\t\t\t\t<\/div>\n\t\t\t\t<\/div>\n\t\t\t\t<div class=\"elementor-element elementor-element-562202c0 elementor-widget elementor-widget-text-editor\" data-id=\"562202c0\" data-element_type=\"widget\" data-widget_type=\"text-editor.default\">\n\t\t\t\t<div class=\"elementor-widget-container\">\n\t\t\t\t\t\t\t\t\t<p>Als Insel verf\u00fcgt Gran Canaria \u00fcber das Meer, das seinen Besuchern attraktive M\u00f6glichkeiten bietet. Es gibt zahlreiche Unternehmen, die sich der Organisation von Wassersportaktivit\u00e4ten verschrieben haben, einschlie\u00dflich des gesamten notwendigen Materials und sogar der Bereitstellung von Kursen f\u00fcr diejenigen, die mit einer dieser Aktivit\u00e4ten beginnen m\u00f6chten. Sie k\u00f6nnen surfen, einen Jetski mieten, die Ruhe auf einem Paddle-Surfbrett genie\u00dfen, tauchen und schnorcheln, um den Meeresboden zu erkunden, und vieles mehr.<\/p>\t\t\t\t\t\t\t\t<\/div>\n\t\t\t\t<\/div>\n\t\t\t\t\t<\/div>\n\t\t<\/div>\n\t\t\t\t\t<\/div>\n\t\t<\/section>\n\t\t\t\t<section class=\"elementor-section elementor-top-section elementor-element elementor-element-295e34b elementor-section-boxed elementor-section-height-default elementor-section-height-default\" data-id=\"295e34b\" data-element_type=\"section\">\n\t\t\t\t\t\t<div class=\"elementor-container elementor-column-gap-default\">\n\t\t\t\t\t<div class=\"elementor-column elementor-col-100 elementor-top-column elementor-element elementor-element-98d5f82\" data-id=\"98d5f82\" data-element_type=\"column\">\n\t\t\t<div class=\"elementor-widget-wrap elementor-element-populated\">\n\t\t\t\t\t\t<div class=\"elementor-element elementor-element-06559dc elementor-widget elementor-widget-heading\" data-id=\"06559dc\" data-element_type=\"widget\" data-widget_type=\"heading.default\">\n\t\t\t\t<div class=\"elementor-widget-container\">\n\t\t\t\t\t<h2 class=\"elementor-heading-title elementor-size-default\">Entdecken Sie die Natur und das gute Wetter auf Gran Canaria im Juni\n<\/h2>\t\t\t\t<\/div>\n\t\t\t\t<\/div>\n\t\t\t\t<div class=\"elementor-element elementor-element-f398d12 elementor-widget elementor-widget-text-editor\" data-id=\"f398d12\" data-element_type=\"widget\" data-widget_type=\"text-editor.default\">\n\t\t\t\t<div class=\"elementor-widget-container\">\n\t\t\t\t\t\t\t\t\t<p>Im Juni zeigt sich die Natur auf Gran Canaria von ihrer besten Seite: ein Grund mehr f\u00fcr Sie, in diesem Monat Ihre Reise zu unternehmen. Die Insel ist ein UNESCO-Biosph\u00e4renreservat, das f\u00fcr seine unber\u00fchrte Natur und seine \u00d6kosysteme mit gro\u00dfer Artenvielfalt bekannt ist. Hier finden Sie mehrere Naturparks wie Tamadaba und Pilancones sowie weitere beeindruckende Gebiete, die Sie nicht verpassen sollten, wie die Caldera und den Gipfel von Bandama. Eine weitere der Hauptattraktionen der Insel ist vielleicht die bekannteste: die D\u00fcnen von Maspalomas.<\/p>\t\t\t\t\t\t\t\t<\/div>\n\t\t\t\t<\/div>\n\t\t\t\t\t<\/div>\n\t\t<\/div>\n\t\t\t\t\t<\/div>\n\t\t<\/section>\n\t\t\t\t<section class=\"elementor-section elementor-top-section elementor-element elementor-element-c1a7066 elementor-section-boxed elementor-section-height-default elementor-section-height-default\" data-id=\"c1a7066\" data-element_type=\"section\">\n\t\t\t\t\t\t<div class=\"elementor-container elementor-column-gap-default\">\n\t\t\t\t\t<div class=\"elementor-column elementor-col-100 elementor-top-column elementor-element elementor-element-4c3587d\" data-id=\"4c3587d\" data-element_type=\"column\">\n\t\t\t<div class=\"elementor-widget-wrap elementor-element-populated\">\n\t\t\t\t\t\t<div class=\"elementor-element elementor-element-43e744e elementor-widget elementor-widget-heading\" data-id=\"43e744e\" data-element_type=\"widget\" data-widget_type=\"heading.default\">\n\t\t\t\t<div class=\"elementor-widget-container\">\n\t\t\t\t\t<h2 class=\"elementor-heading-title elementor-size-default\">Kommen Sie im Juni nach Gran Canaria und erleben Sie einen unvergesslichen Urlaub!\n<\/h2>\t\t\t\t<\/div>\n\t\t\t\t<\/div>\n\t\t\t\t<div class=\"elementor-element elementor-element-0718044 elementor-widget elementor-widget-text-editor\" data-id=\"0718044\" data-element_type=\"widget\" data-widget_type=\"text-editor.default\">\n\t\t\t\t<div class=\"elementor-widget-container\">\n\t\t\t\t\t\t\t\t\t<p>Es gibt nur wenige Orte in unserem Land, an denen man das Leben so sehr genie\u00dfen kann wie auf <strong>Gran Canaria im Juni<\/strong>: gutes Wetter, viel Unterhaltung, aber auch viel Ruhe, gutes Essen, Natur, spektakul\u00e4re Landschaften\u00a0\u2026 diese Insel hat alles zu bieten. Wenn Sie schon einmal hier sind, sollten Sie sich die Unterkunftsm\u00f6glichkeiten von Gran Canaria Stays ansehen, um einen unvergesslichen Urlaub mit Ihrer Familie, einer Gruppe von Freunden, Ihrem Partner oder auch allein zu verbringen. Wir bieten Apartments, Studios, Villen und H\u00e4user in verschiedenen Teilen der Insel, damit Sie Ihren Aufenthalt optimal nutzen k\u00f6nnen.<\/p>\t\t\t\t\t\t\t\t<\/div>\n\t\t\t\t<\/div>\n\t\t\t\t\t<\/div>\n\t\t<\/div>\n\t\t\t\t\t<\/div>\n\t\t<\/section>\n\t\t\t\t<section class=\"elementor-section elementor-top-section elementor-element elementor-element-5cabcf62 elementor-section-boxed elementor-section-height-default elementor-section-height-default\" data-id=\"5cabcf62\" data-element_type=\"section\">\n\t\t\t\t\t\t<div class=\"elementor-container elementor-column-gap-default\">\n\t\t\t\t\t<div class=\"elementor-column elementor-col-33 elementor-top-column elementor-element elementor-element-38c4ec68\" data-id=\"38c4ec68\" data-element_type=\"column\">\n\t\t\t<div class=\"elementor-widget-wrap elementor-element-populated\">\n\t\t\t\t\t\t<div class=\"elementor-element elementor-element-36f4d26b elementor-align-center elementor-widget elementor-widget-button\" data-id=\"36f4d26b\" data-element_type=\"widget\" data-widget_type=\"button.default\">\n\t\t\t\t<div class=\"elementor-widget-container\">\n\t\t\t\t\t\t\t\t\t<div class=\"elementor-button-wrapper\">\n\t\t\t\t\t<a class=\"elementor-button elementor-button-link elementor-size-sm\" href=\"https:\/\/www.grancanariastays.com\/de\/vermietung\/vermietungen-gran-canaria-e77\/\" target=\"_blank\">\n\t\t\t\t\t\t<span class=\"elementor-button-content-wrapper\">\n\t\t\t\t\t\t\t\t\t<span class=\"elementor-button-text\">Ferienhaus Gran Canaria<\/span>\n\t\t\t\t\t<\/span>\n\t\t\t\t\t<\/a>\n\t\t\t\t<\/div>\n\t\t\t\t\t\t\t\t<\/div>\n\t\t\t\t<\/div>\n\t\t\t\t\t<\/div>\n\t\t<\/div>\n\t\t\t\t<div class=\"elementor-column elementor-col-33 elementor-top-column elementor-element elementor-element-2501881d\" data-id=\"2501881d\" data-element_type=\"column\">\n\t\t\t<div class=\"elementor-widget-wrap elementor-element-populated\">\n\t\t\t\t\t\t<div class=\"elementor-element elementor-element-e53b593 elementor-align-center elementor-widget elementor-widget-button\" data-id=\"e53b593\" data-element_type=\"widget\" data-widget_type=\"button.default\">\n\t\t\t\t<div class=\"elementor-widget-container\">\n\t\t\t\t\t\t\t\t\t<div class=\"elementor-button-wrapper\">\n\t\t\t\t\t<a class=\"elementor-button elementor-button-link elementor-size-sm\" href=\"https:\/\/www.grancanariastays.com\/de\/vermietung\/ferienhauser-gran-canaria-c19e77\/\" target=\"_blank\">\n\t\t\t\t\t\t<span class=\"elementor-button-content-wrapper\">\n\t\t\t\t\t\t\t\t\t<span class=\"elementor-button-text\">Haus Gran Canaria<\/span>\n\t\t\t\t\t<\/span>\n\t\t\t\t\t<\/a>\n\t\t\t\t<\/div>\n\t\t\t\t\t\t\t\t<\/div>\n\t\t\t\t<\/div>\n\t\t\t\t\t<\/div>\n\t\t<\/div>\n\t\t\t\t<div class=\"elementor-column elementor-col-33 elementor-top-column elementor-element elementor-element-e6923a0\" data-id=\"e6923a0\" data-element_type=\"column\">\n\t\t\t<div class=\"elementor-widget-wrap elementor-element-populated\">\n\t\t\t\t\t\t<div class=\"elementor-element elementor-element-1cd63577 elementor-align-center elementor-widget elementor-widget-button\" data-id=\"1cd63577\" data-element_type=\"widget\" data-widget_type=\"button.default\">\n\t\t\t\t<div class=\"elementor-widget-container\">\n\t\t\t\t\t\t\t\t\t<div class=\"elementor-button-wrapper\">\n\t\t\t\t\t<a class=\"elementor-button elementor-button-link elementor-size-sm\" href=\"https:\/\/www.grancanariastays.com\/de\/vermietung\/villen-gran-canaria-c2e77\/\" target=\"_blank\">\n\t\t\t\t\t\t<span class=\"elementor-button-content-wrapper\">\n\t\t\t\t\t\t\t\t\t<span class=\"elementor-button-text\">Villas Gran Canaria<\/span>\n\t\t\t\t\t<\/span>\n\t\t\t\t\t<\/a>\n\t\t\t\t<\/div>\n\t\t\t\t\t\t\t\t<\/div>\n\t\t\t\t<\/div>\n\t\t\t\t\t<\/div>\n\t\t<\/div>\n\t\t\t\t\t<\/div>\n\t\t<\/section>\n\t\t\t\t<\/div>\n\t\t","protected":false},"excerpt":{"rendered":"<p>Der Juni ist ein fantastischer Monat, um all das zu entdecken, was Gran Canaria zu bieten hat. Die Str\u00e4nde, die Freundlichkeit der Menschen, die entspannte Atmosph\u00e4re, die so typisch f\u00fcr die Inseln ist, die spektakul\u00e4re Natur und die einzigartige Gastronomie sind nur einige der vielen Attraktionen auf Gran Canaria. Worauf warten Sie noch, um Ihren [&hellip;]<\/p>\n","protected":false},"author":3,"featured_media":3290,"comment_status":"open","ping_status":"open","sticky":false,"template":"","format":"standard","meta":{"footnotes":""},"categories":[105],"tags":[],"class_list":["post-3292","post","type-post","status-publish","format-standard","has-post-thumbnail","hentry","category-wetter"],"yoast_head":"<!-- This site is optimized with the Yoast SEO plugin v25.1 - https:\/\/yoast.com\/wordpress\/plugins\/seo\/ -->\n<title>Denken Sie dar\u00fcber nach, Gran Canaria im Juni zu besuchen? - Gran Canaria | Blog<\/title>\n<meta name=\"description\" content=\"Der Juni auf Gran Canaria bietet eine perfekte Kombination aus Sonne, Str\u00e4nden und Abenteuer. Es ist der ultimative Sommerurlaub.\" \/>\n<meta name=\"robots\" content=\"index, follow, max-snippet:-1, max-image-preview:large, max-video-preview:-1\" \/>\n<link rel=\"canonical\" href=\"https:\/\/www.grancanariastays.com\/blog\/de\/gran-canaria-im-juni\/\" \/>\n<meta property=\"og:locale\" content=\"de_DE\" \/>\n<meta property=\"og:type\" content=\"article\" \/>\n<meta property=\"og:title\" content=\"Denken Sie dar\u00fcber nach, Gran Canaria im Juni zu besuchen? - Gran Canaria | Blog\" \/>\n<meta property=\"og:description\" content=\"Der Juni auf Gran Canaria bietet eine perfekte Kombination aus Sonne, Str\u00e4nden und Abenteuer. Es ist der ultimative Sommerurlaub.\" \/>\n<meta property=\"og:url\" content=\"https:\/\/www.grancanariastays.com\/blog\/de\/gran-canaria-im-juni\/\" \/>\n<meta property=\"og:site_name\" content=\"Gran Canaria | Blog\" \/>\n<meta property=\"article:publisher\" content=\"https:\/\/www.facebook.com\/Grancanariastays\" \/>\n<meta property=\"article:published_time\" content=\"2024-04-23T08:24:01+00:00\" \/>\n<meta property=\"article:modified_time\" content=\"2025-02-12T11:37:25+00:00\" \/>\n<meta property=\"og:image\" content=\"https:\/\/www.grancanariastays.com\/blog\/wp-content\/uploads\/2024\/04\/gran-canaria-junio-1.jpg\" \/>\n\t<meta property=\"og:image:width\" content=\"1920\" \/>\n\t<meta property=\"og:image:height\" content=\"689\" \/>\n\t<meta property=\"og:image:type\" content=\"image\/jpeg\" \/>\n<meta name=\"author\" content=\"digitalservices@avantio.com\" \/>\n<meta name=\"twitter:card\" content=\"summary_large_image\" \/>\n<meta name=\"twitter:label1\" content=\"Written by\" \/>\n\t<meta name=\"twitter:data1\" content=\"digitalservices@avantio.com\" \/>\n\t<meta name=\"twitter:label2\" content=\"Est. reading time\" \/>\n\t<meta name=\"twitter:data2\" content=\"8 minutes\" \/>\n<script type=\"application\/ld+json\" class=\"yoast-schema-graph\">{\"@context\":\"https:\/\/schema.org\",\"@graph\":[{\"@type\":\"Article\",\"@id\":\"https:\/\/www.grancanariastays.com\/blog\/de\/gran-canaria-im-juni\/#article\",\"isPartOf\":{\"@id\":\"https:\/\/www.grancanariastays.com\/blog\/de\/gran-canaria-im-juni\/\"},\"author\":{\"name\":\"digitalservices@avantio.com\",\"@id\":\"https:\/\/www.grancanariastays.com\/blog\/#\/schema\/person\/35f7856bb384d1ebae2b3aa592e46d5f\"},\"headline\":\"Denken Sie dar\u00fcber nach, Gran Canaria im Juni zu besuchen?\",\"datePublished\":\"2024-04-23T08:24:01+00:00\",\"dateModified\":\"2025-02-12T11:37:25+00:00\",\"mainEntityOfPage\":{\"@id\":\"https:\/\/www.grancanariastays.com\/blog\/de\/gran-canaria-im-juni\/\"},\"wordCount\":1117,\"commentCount\":0,\"publisher\":{\"@id\":\"https:\/\/www.grancanariastays.com\/blog\/#organization\"},\"image\":{\"@id\":\"https:\/\/www.grancanariastays.com\/blog\/de\/gran-canaria-im-juni\/#primaryimage\"},\"thumbnailUrl\":\"https:\/\/www.grancanariastays.com\/blog\/wp-content\/uploads\/2024\/04\/gran-canaria-junio-1.jpg\",\"articleSection\":[\"Wetter\"],\"inLanguage\":\"de\",\"potentialAction\":[{\"@type\":\"CommentAction\",\"name\":\"Comment\",\"target\":[\"https:\/\/www.grancanariastays.com\/blog\/de\/gran-canaria-im-juni\/#respond\"]}]},{\"@type\":\"WebPage\",\"@id\":\"https:\/\/www.grancanariastays.com\/blog\/de\/gran-canaria-im-juni\/\",\"url\":\"https:\/\/www.grancanariastays.com\/blog\/de\/gran-canaria-im-juni\/\",\"name\":\"Denken Sie dar\u00fcber nach, Gran Canaria im Juni zu besuchen? - Gran Canaria | Blog\",\"isPartOf\":{\"@id\":\"https:\/\/www.grancanariastays.com\/blog\/#website\"},\"primaryImageOfPage\":{\"@id\":\"https:\/\/www.grancanariastays.com\/blog\/de\/gran-canaria-im-juni\/#primaryimage\"},\"image\":{\"@id\":\"https:\/\/www.grancanariastays.com\/blog\/de\/gran-canaria-im-juni\/#primaryimage\"},\"thumbnailUrl\":\"https:\/\/www.grancanariastays.com\/blog\/wp-content\/uploads\/2024\/04\/gran-canaria-junio-1.jpg\",\"datePublished\":\"2024-04-23T08:24:01+00:00\",\"dateModified\":\"2025-02-12T11:37:25+00:00\",\"description\":\"Der Juni auf Gran Canaria bietet eine perfekte Kombination aus Sonne, Str\u00e4nden und Abenteuer. Es ist der ultimative Sommerurlaub.\",\"breadcrumb\":{\"@id\":\"https:\/\/www.grancanariastays.com\/blog\/de\/gran-canaria-im-juni\/#breadcrumb\"},\"inLanguage\":\"de\",\"potentialAction\":[{\"@type\":\"ReadAction\",\"target\":[\"https:\/\/www.grancanariastays.com\/blog\/de\/gran-canaria-im-juni\/\"]}]},{\"@type\":\"ImageObject\",\"inLanguage\":\"de\",\"@id\":\"https:\/\/www.grancanariastays.com\/blog\/de\/gran-canaria-im-juni\/#primaryimage\",\"url\":\"https:\/\/www.grancanariastays.com\/blog\/wp-content\/uploads\/2024\/04\/gran-canaria-junio-1.jpg\",\"contentUrl\":\"https:\/\/www.grancanariastays.com\/blog\/wp-content\/uploads\/2024\/04\/gran-canaria-junio-1.jpg\",\"width\":1920,\"height\":689,\"caption\":\"gran canaria junio\"},{\"@type\":\"BreadcrumbList\",\"@id\":\"https:\/\/www.grancanariastays.com\/blog\/de\/gran-canaria-im-juni\/#breadcrumb\",\"itemListElement\":[{\"@type\":\"ListItem\",\"position\":1,\"name\":\"Portada\",\"item\":\"https:\/\/www.grancanariastays.com\/blog\/\"},{\"@type\":\"ListItem\",\"position\":2,\"name\":\"Denken Sie dar\u00fcber nach, Gran Canaria im Juni zu besuchen?\"}]},{\"@type\":\"WebSite\",\"@id\":\"https:\/\/www.grancanariastays.com\/blog\/#website\",\"url\":\"https:\/\/www.grancanariastays.com\/blog\/\",\"name\":\"Gran Canaria Stays\",\"description\":\"\",\"publisher\":{\"@id\":\"https:\/\/www.grancanariastays.com\/blog\/#organization\"},\"potentialAction\":[{\"@type\":\"SearchAction\",\"target\":{\"@type\":\"EntryPoint\",\"urlTemplate\":\"https:\/\/www.grancanariastays.com\/blog\/?s={search_term_string}\"},\"query-input\":{\"@type\":\"PropertyValueSpecification\",\"valueRequired\":true,\"valueName\":\"search_term_string\"}}],\"inLanguage\":\"de\"},{\"@type\":\"Organization\",\"@id\":\"https:\/\/www.grancanariastays.com\/blog\/#organization\",\"name\":\"Gran Canaria Stays\",\"url\":\"https:\/\/www.grancanariastays.com\/blog\/\",\"logo\":{\"@type\":\"ImageObject\",\"inLanguage\":\"de\",\"@id\":\"https:\/\/www.grancanariastays.com\/blog\/#\/schema\/logo\/image\/\",\"url\":\"https:\/\/www.grancanariastays.com\/blog\/wp-content\/uploads\/2024\/01\/logo-gran-canaria-stays.png\",\"contentUrl\":\"https:\/\/www.grancanariastays.com\/blog\/wp-content\/uploads\/2024\/01\/logo-gran-canaria-stays.png\",\"width\":300,\"height\":112,\"caption\":\"Gran Canaria Stays\"},\"image\":{\"@id\":\"https:\/\/www.grancanariastays.com\/blog\/#\/schema\/logo\/image\/\"},\"sameAs\":[\"https:\/\/www.facebook.com\/Grancanariastays\",\"https:\/\/www.instagram.com\/grancanariastays\/\"]},{\"@type\":\"Person\",\"@id\":\"https:\/\/www.grancanariastays.com\/blog\/#\/schema\/person\/35f7856bb384d1ebae2b3aa592e46d5f\",\"name\":\"digitalservices@avantio.com\",\"image\":{\"@type\":\"ImageObject\",\"inLanguage\":\"de\",\"@id\":\"https:\/\/www.grancanariastays.com\/blog\/#\/schema\/person\/image\/\",\"url\":\"https:\/\/secure.gravatar.com\/avatar\/af30f88a1904294c1f3eb09a9d7903eec4ffa18fa2cf40c28a8681014ecdfc20?s=96&d=mm&r=g\",\"contentUrl\":\"https:\/\/secure.gravatar.com\/avatar\/af30f88a1904294c1f3eb09a9d7903eec4ffa18fa2cf40c28a8681014ecdfc20?s=96&d=mm&r=g\",\"caption\":\"digitalservices@avantio.com\"},\"url\":\"https:\/\/www.grancanariastays.com\/blog\/de\/author\/digitalservicesavantio-com\/\"}]}<\/script>\n<!-- \/ Yoast SEO plugin. -->","yoast_head_json":{"title":"Denken Sie dar\u00fcber nach, Gran Canaria im Juni zu besuchen? - Gran Canaria | Blog","description":"Der Juni auf Gran Canaria bietet eine perfekte Kombination aus Sonne, Str\u00e4nden und Abenteuer. Es ist der ultimative Sommerurlaub.","robots":{"index":"index","follow":"follow","max-snippet":"max-snippet:-1","max-image-preview":"max-image-preview:large","max-video-preview":"max-video-preview:-1"},"canonical":"https:\/\/www.grancanariastays.com\/blog\/de\/gran-canaria-im-juni\/","og_locale":"de_DE","og_type":"article","og_title":"Denken Sie dar\u00fcber nach, Gran Canaria im Juni zu besuchen? - Gran Canaria | Blog","og_description":"Der Juni auf Gran Canaria bietet eine perfekte Kombination aus Sonne, Str\u00e4nden und Abenteuer. Es ist der ultimative Sommerurlaub.","og_url":"https:\/\/www.grancanariastays.com\/blog\/de\/gran-canaria-im-juni\/","og_site_name":"Gran Canaria | Blog","article_publisher":"https:\/\/www.facebook.com\/Grancanariastays","article_published_time":"2024-04-23T08:24:01+00:00","article_modified_time":"2025-02-12T11:37:25+00:00","og_image":[{"width":1920,"height":689,"url":"https:\/\/www.grancanariastays.com\/blog\/wp-content\/uploads\/2024\/04\/gran-canaria-junio-1.jpg","type":"image\/jpeg"}],"author":"digitalservices@avantio.com","twitter_card":"summary_large_image","twitter_misc":{"Written by":"digitalservices@avantio.com","Est. reading time":"8 minutes"},"schema":{"@context":"https:\/\/schema.org","@graph":[{"@type":"Article","@id":"https:\/\/www.grancanariastays.com\/blog\/de\/gran-canaria-im-juni\/#article","isPartOf":{"@id":"https:\/\/www.grancanariastays.com\/blog\/de\/gran-canaria-im-juni\/"},"author":{"name":"digitalservices@avantio.com","@id":"https:\/\/www.grancanariastays.com\/blog\/#\/schema\/person\/35f7856bb384d1ebae2b3aa592e46d5f"},"headline":"Denken Sie dar\u00fcber nach, Gran Canaria im Juni zu besuchen?","datePublished":"2024-04-23T08:24:01+00:00","dateModified":"2025-02-12T11:37:25+00:00","mainEntityOfPage":{"@id":"https:\/\/www.grancanariastays.com\/blog\/de\/gran-canaria-im-juni\/"},"wordCount":1117,"commentCount":0,"publisher":{"@id":"https:\/\/www.grancanariastays.com\/blog\/#organization"},"image":{"@id":"https:\/\/www.grancanariastays.com\/blog\/de\/gran-canaria-im-juni\/#primaryimage"},"thumbnailUrl":"https:\/\/www.grancanariastays.com\/blog\/wp-content\/uploads\/2024\/04\/gran-canaria-junio-1.jpg","articleSection":["Wetter"],"inLanguage":"de","potentialAction":[{"@type":"CommentAction","name":"Comment","target":["https:\/\/www.grancanariastays.com\/blog\/de\/gran-canaria-im-juni\/#respond"]}]},{"@type":"WebPage","@id":"https:\/\/www.grancanariastays.com\/blog\/de\/gran-canaria-im-juni\/","url":"https:\/\/www.grancanariastays.com\/blog\/de\/gran-canaria-im-juni\/","name":"Denken Sie dar\u00fcber nach, Gran Canaria im Juni zu besuchen? - Gran Canaria | Blog","isPartOf":{"@id":"https:\/\/www.grancanariastays.com\/blog\/#website"},"primaryImageOfPage":{"@id":"https:\/\/www.grancanariastays.com\/blog\/de\/gran-canaria-im-juni\/#primaryimage"},"image":{"@id":"https:\/\/www.grancanariastays.com\/blog\/de\/gran-canaria-im-juni\/#primaryimage"},"thumbnailUrl":"https:\/\/www.grancanariastays.com\/blog\/wp-content\/uploads\/2024\/04\/gran-canaria-junio-1.jpg","datePublished":"2024-04-23T08:24:01+00:00","dateModified":"2025-02-12T11:37:25+00:00","description":"Der Juni auf Gran Canaria bietet eine perfekte Kombination aus Sonne, Str\u00e4nden und Abenteuer. Es ist der ultimative Sommerurlaub.","breadcrumb":{"@id":"https:\/\/www.grancanariastays.com\/blog\/de\/gran-canaria-im-juni\/#breadcrumb"},"inLanguage":"de","potentialAction":[{"@type":"ReadAction","target":["https:\/\/www.grancanariastays.com\/blog\/de\/gran-canaria-im-juni\/"]}]},{"@type":"ImageObject","inLanguage":"de","@id":"https:\/\/www.grancanariastays.com\/blog\/de\/gran-canaria-im-juni\/#primaryimage","url":"https:\/\/www.grancanariastays.com\/blog\/wp-content\/uploads\/2024\/04\/gran-canaria-junio-1.jpg","contentUrl":"https:\/\/www.grancanariastays.com\/blog\/wp-content\/uploads\/2024\/04\/gran-canaria-junio-1.jpg","width":1920,"height":689,"caption":"gran canaria junio"},{"@type":"BreadcrumbList","@id":"https:\/\/www.grancanariastays.com\/blog\/de\/gran-canaria-im-juni\/#breadcrumb","itemListElement":[{"@type":"ListItem","position":1,"name":"Portada","item":"https:\/\/www.grancanariastays.com\/blog\/"},{"@type":"ListItem","position":2,"name":"Denken Sie dar\u00fcber nach, Gran Canaria im Juni zu besuchen?"}]},{"@type":"WebSite","@id":"https:\/\/www.grancanariastays.com\/blog\/#website","url":"https:\/\/www.grancanariastays.com\/blog\/","name":"Gran Canaria Stays","description":"","publisher":{"@id":"https:\/\/www.grancanariastays.com\/blog\/#organization"},"potentialAction":[{"@type":"SearchAction","target":{"@type":"EntryPoint","urlTemplate":"https:\/\/www.grancanariastays.com\/blog\/?s={search_term_string}"},"query-input":{"@type":"PropertyValueSpecification","valueRequired":true,"valueName":"search_term_string"}}],"inLanguage":"de"},{"@type":"Organization","@id":"https:\/\/www.grancanariastays.com\/blog\/#organization","name":"Gran Canaria Stays","url":"https:\/\/www.grancanariastays.com\/blog\/","logo":{"@type":"ImageObject","inLanguage":"de","@id":"https:\/\/www.grancanariastays.com\/blog\/#\/schema\/logo\/image\/","url":"https:\/\/www.grancanariastays.com\/blog\/wp-content\/uploads\/2024\/01\/logo-gran-canaria-stays.png","contentUrl":"https:\/\/www.grancanariastays.com\/blog\/wp-content\/uploads\/2024\/01\/logo-gran-canaria-stays.png","width":300,"height":112,"caption":"Gran Canaria Stays"},"image":{"@id":"https:\/\/www.grancanariastays.com\/blog\/#\/schema\/logo\/image\/"},"sameAs":["https:\/\/www.facebook.com\/Grancanariastays","https:\/\/www.instagram.com\/grancanariastays\/"]},{"@type":"Person","@id":"https:\/\/www.grancanariastays.com\/blog\/#\/schema\/person\/35f7856bb384d1ebae2b3aa592e46d5f","name":"digitalservices@avantio.com","image":{"@type":"ImageObject","inLanguage":"de","@id":"https:\/\/www.grancanariastays.com\/blog\/#\/schema\/person\/image\/","url":"https:\/\/secure.gravatar.com\/avatar\/af30f88a1904294c1f3eb09a9d7903eec4ffa18fa2cf40c28a8681014ecdfc20?s=96&d=mm&r=g","contentUrl":"https:\/\/secure.gravatar.com\/avatar\/af30f88a1904294c1f3eb09a9d7903eec4ffa18fa2cf40c28a8681014ecdfc20?s=96&d=mm&r=g","caption":"digitalservices@avantio.com"},"url":"https:\/\/www.grancanariastays.com\/blog\/de\/author\/digitalservicesavantio-com\/"}]}},"_links":{"self":[{"href":"https:\/\/www.grancanariastays.com\/blog\/de\/wp-json\/wp\/v2\/posts\/3292","targetHints":{"allow":["GET"]}}],"collection":[{"href":"https:\/\/www.grancanariastays.com\/blog\/de\/wp-json\/wp\/v2\/posts"}],"about":[{"href":"https:\/\/www.grancanariastays.com\/blog\/de\/wp-json\/wp\/v2\/types\/post"}],"author":[{"embeddable":true,"href":"https:\/\/www.grancanariastays.com\/blog\/de\/wp-json\/wp\/v2\/users\/3"}],"replies":[{"embeddable":true,"href":"https:\/\/www.grancanariastays.com\/blog\/de\/wp-json\/wp\/v2\/comments?post=3292"}],"version-history":[{"count":16,"href":"https:\/\/www.grancanariastays.com\/blog\/de\/wp-json\/wp\/v2\/posts\/3292\/revisions"}],"predecessor-version":[{"id":3323,"href":"https:\/\/www.grancanariastays.com\/blog\/de\/wp-json\/wp\/v2\/posts\/3292\/revisions\/3323"}],"wp:featuredmedia":[{"embeddable":true,"href":"https:\/\/www.grancanariastays.com\/blog\/de\/wp-json\/wp\/v2\/media\/3290"}],"wp:attachment":[{"href":"https:\/\/www.grancanariastays.com\/blog\/de\/wp-json\/wp\/v2\/media?parent=3292"}],"wp:term":[{"taxonomy":"category","embeddable":true,"href":"https:\/\/www.grancanariastays.com\/blog\/de\/wp-json\/wp\/v2\/categories?post=3292"},{"taxonomy":"post_tag","embeddable":true,"href":"https:\/\/www.grancanariastays.com\/blog\/de\/wp-json\/wp\/v2\/tags?post=3292"}],"curies":[{"name":"wp","href":"https:\/\/api.w.org\/{rel}","templated":true}]}}