{"id":5083,"date":"2024-10-25T08:29:25","date_gmt":"2024-10-25T08:29:25","guid":{"rendered":"https:\/\/www.grancanariastays.com\/blog\/?p=5083"},"modified":"2025-05-29T10:32:58","modified_gmt":"2025-05-29T10:32:58","slug":"spektakulare-sandkrippe-las-canteras","status":"publish","type":"post","link":"https:\/\/www.grancanariastays.com\/blog\/de\/spektakulare-sandkrippe-las-canteras\/","title":{"rendered":"Die spektakul\u00e4re Sandkrippe von Las Canteras"},"content":{"rendered":"\t\t<div data-elementor-type=\"wp-post\" data-elementor-id=\"5083\" class=\"elementor elementor-5083 elementor-4685\" data-elementor-post-type=\"post\">\n\t\t\t\t\t\t<section class=\"elementor-section elementor-top-section elementor-element elementor-element-3536fad3 elementor-section-boxed elementor-section-height-default elementor-section-height-default\" data-id=\"3536fad3\" data-element_type=\"section\">\n\t\t\t\t\t\t<div class=\"elementor-container elementor-column-gap-default\">\n\t\t\t\t\t<div class=\"elementor-column elementor-col-100 elementor-top-column elementor-element elementor-element-15ee856d\" data-id=\"15ee856d\" data-element_type=\"column\">\n\t\t\t<div class=\"elementor-widget-wrap elementor-element-populated\">\n\t\t\t\t\t\t<div class=\"elementor-element elementor-element-4ea1aac1 elementor-widget elementor-widget-text-editor\" data-id=\"4ea1aac1\" data-element_type=\"widget\" data-widget_type=\"text-editor.default\">\n\t\t\t\t<div class=\"elementor-widget-container\">\n\t\t\t\t\t\t\t\t\t<p>An einem der ber\u00fchmtesten Str\u00e4nde Gran Canarias befindet sich die \u201eBel\u00e9n de Arena de la Playa de Las Canteras\u201c, die j\u00e4hrlich von mehr als 200.000 Menschen besucht wird. Diese am Strand auf einer Fl\u00e4che von mehr als 1.000 Quadratmetern errichtete Krippe ist eine der Hauptattraktionen der Insel zur Weihnachtszeit: Ihre von nationalen und internationalen K\u00fcnstlern geschaffenen Figuren k\u00f6nnen eine H\u00f6he bis zu 5 Metern erreichen und bieten einen unvergesslichen Anblick.<\/p><p>Wenn man dann noch das gute Wetter hinzuz\u00e4hlt, das man auf der Insel den ganzen Winter \u00fcber genie\u00dfen kann, hat man alle Zutaten f\u00fcr einen ph\u00e4nomenalen Urlaub. Wenn Sie alles Wissenswerte \u00fcber die Sandkrippe am Strand von Las Canteras erfahren m\u00f6chten, ist dieser Artikel genau das Richtige f\u00fcr Sie. Au\u00dferdem geben wir Ihnen einige Tipps und Empfehlungen, um Ihren Besuch auf Gran Canaria noch interessanter zu gestalten, also lesen Sie am besten einfach weiter.<\/p>\t\t\t\t\t\t\t\t<\/div>\n\t\t\t\t<\/div>\n\t\t\t\t\t<\/div>\n\t\t<\/div>\n\t\t\t\t\t<\/div>\n\t\t<\/section>\n\t\t\t\t<section class=\"elementor-section elementor-top-section elementor-element elementor-element-67107cc0 elementor-section-boxed elementor-section-height-default elementor-section-height-default\" data-id=\"67107cc0\" data-element_type=\"section\">\n\t\t\t\t\t\t<div class=\"elementor-container elementor-column-gap-default\">\n\t\t\t\t\t<div class=\"elementor-column elementor-col-100 elementor-top-column elementor-element elementor-element-6eb3f315\" data-id=\"6eb3f315\" data-element_type=\"column\">\n\t\t\t<div class=\"elementor-widget-wrap elementor-element-populated\">\n\t\t\t\t\t\t<div class=\"elementor-element elementor-element-66270a9f elementor-widget elementor-widget-table-of-contents\" data-id=\"66270a9f\" data-element_type=\"widget\" data-settings=\"{&quot;headings_by_tags&quot;:[&quot;h2&quot;],&quot;exclude_headings_by_selector&quot;:[],&quot;marker_view&quot;:&quot;bullets&quot;,&quot;icon&quot;:{&quot;value&quot;:&quot;&quot;,&quot;library&quot;:&quot;&quot;},&quot;no_headings_message&quot;:&quot;No headings were found on this page.&quot;,&quot;hierarchical_view&quot;:&quot;yes&quot;,&quot;min_height&quot;:{&quot;unit&quot;:&quot;px&quot;,&quot;size&quot;:&quot;&quot;,&quot;sizes&quot;:[]},&quot;min_height_tablet&quot;:{&quot;unit&quot;:&quot;px&quot;,&quot;size&quot;:&quot;&quot;,&quot;sizes&quot;:[]},&quot;min_height_mobile&quot;:{&quot;unit&quot;:&quot;px&quot;,&quot;size&quot;:&quot;&quot;,&quot;sizes&quot;:[]}}\" data-widget_type=\"table-of-contents.default\">\n\t\t\t\t<div class=\"elementor-widget-container\">\n\t\t\t\t\t\t\t<div class=\"elementor-toc__header\">\n\t\t\t<div class=\"elementor-toc__header-title\">\n\t\t\t\tVerzeichnis\t\t\t<\/div>\n\t\t\t\t\t<\/div>\n\t\t<div id=\"elementor-toc__66270a9f\" class=\"elementor-toc__body\">\n\t\t\t<div class=\"elementor-toc__spinner-container\">\n\t\t\t\t<i class=\"elementor-toc__spinner eicon-animation-spin eicon-loading\" aria-hidden=\"true\"><\/i>\t\t\t<\/div>\n\t\t<\/div>\n\t\t\t\t\t\t<\/div>\n\t\t\t\t<\/div>\n\t\t\t\t\t<\/div>\n\t\t<\/div>\n\t\t\t\t\t<\/div>\n\t\t<\/section>\n\t\t\t\t<section class=\"elementor-section elementor-top-section elementor-element elementor-element-a22483e elementor-section-boxed elementor-section-height-default elementor-section-height-default\" data-id=\"a22483e\" data-element_type=\"section\">\n\t\t\t\t\t\t<div class=\"elementor-container elementor-column-gap-default\">\n\t\t\t\t\t<div class=\"elementor-column elementor-col-100 elementor-top-column elementor-element elementor-element-15fab86\" data-id=\"15fab86\" data-element_type=\"column\">\n\t\t\t<div class=\"elementor-widget-wrap elementor-element-populated\">\n\t\t\t\t\t\t<div class=\"elementor-element elementor-element-668094b elementor-widget elementor-widget-heading\" data-id=\"668094b\" data-element_type=\"widget\" data-widget_type=\"heading.default\">\n\t\t\t\t<div class=\"elementor-widget-container\">\n\t\t\t\t\t<h2 class=\"elementor-heading-title elementor-size-default\">Geschichte und Tradition der Sandkrippe in Las Canteras\n<\/h2>\t\t\t\t<\/div>\n\t\t\t\t<\/div>\n\t\t\t\t<div class=\"elementor-element elementor-element-f169f32 elementor-widget elementor-widget-text-editor\" data-id=\"f169f32\" data-element_type=\"widget\" data-widget_type=\"text-editor.default\">\n\t\t\t\t<div class=\"elementor-widget-container\">\n\t\t\t\t\t\t\t\t\t<p>Die Sandkrippe am Strand von Las Canteras wurde 2006 ins Leben gerufen und hat sich seither zu einem Ereignis von internationalem Format entwickelt und gefestigt. In der Tat ist es das am dritth\u00e4ufigsten besuchte Museum in Spanien! Nur die Museen Prado und Reina Sof\u00eda \u00fcbertreffen es. Das fantastische Wachstum der Veranstaltung hat immer mehr internationale K\u00fcnstler nach Gran Canaria gebracht, wodurch auch die Qualit\u00e4t der ausgestellten Werke gestiegen ist.<\/p><p>Doch diese Krippe ist viel mehr als eine Demonstration k\u00fcnstlerischen K\u00f6nnens, denn ihr karitativer Charakter ist ebenfalls sehr wichtig. Die Einnahmen und Spendensammlungen \u00fcbersteigen j\u00e4hrlich 20.000 Euro, au\u00dferdem gibt es eine bedeutende Lebensmittelsammlung, die f\u00fcr Menschen mit sozialen und wirtschaftlichen Bed\u00fcrfnissen bestimmt ist. Es handelt sich in jeder Hinsicht um eine sehr sch\u00f6ne Veranstaltung, die man unbedingt besuchen sollte, wenn man zu dieser Jahreszeit auf Gran Canaria ist.<\/p>\t\t\t\t\t\t\t\t<\/div>\n\t\t\t\t<\/div>\n\t\t\t\t\t<\/div>\n\t\t<\/div>\n\t\t\t\t\t<\/div>\n\t\t<\/section>\n\t\t\t\t<section class=\"elementor-section elementor-top-section elementor-element elementor-element-23da523 elementor-section-boxed elementor-section-height-default elementor-section-height-default\" data-id=\"23da523\" data-element_type=\"section\">\n\t\t\t\t\t\t<div class=\"elementor-container elementor-column-gap-default\">\n\t\t\t\t\t<div class=\"elementor-column elementor-col-100 elementor-top-column elementor-element elementor-element-778935c\" data-id=\"778935c\" data-element_type=\"column\">\n\t\t\t<div class=\"elementor-widget-wrap elementor-element-populated\">\n\t\t\t\t\t\t<div class=\"elementor-element elementor-element-ef28806 elementor-widget elementor-widget-image\" data-id=\"ef28806\" data-element_type=\"widget\" data-widget_type=\"image.default\">\n\t\t\t\t<div class=\"elementor-widget-container\">\n\t\t\t\t\t\t\t\t\t\t\t\t\t\t\t<img fetchpriority=\"high\" decoding=\"async\" width=\"1290\" height=\"645\" src=\"https:\/\/www.grancanariastays.com\/blog\/wp-content\/uploads\/2024\/10\/belen-arena-canaria.jpg\" class=\"attachment-full size-full wp-image-4699\" alt=\"belen-arena-canaria\" srcset=\"https:\/\/www.grancanariastays.com\/blog\/wp-content\/uploads\/2024\/10\/belen-arena-canaria.jpg 1290w, https:\/\/www.grancanariastays.com\/blog\/wp-content\/uploads\/2024\/10\/belen-arena-canaria-768x384.jpg 768w\" sizes=\"(max-width: 1290px) 100vw, 1290px\" \/>\t\t\t\t\t\t\t\t\t\t\t\t\t\t\t<\/div>\n\t\t\t\t<\/div>\n\t\t\t\t\t<\/div>\n\t\t<\/div>\n\t\t\t\t\t<\/div>\n\t\t<\/section>\n\t\t\t\t<section class=\"elementor-section elementor-top-section elementor-element elementor-element-a48b46d elementor-section-boxed elementor-section-height-default elementor-section-height-default\" data-id=\"a48b46d\" data-element_type=\"section\">\n\t\t\t\t\t\t<div class=\"elementor-container elementor-column-gap-default\">\n\t\t\t\t\t<div class=\"elementor-column elementor-col-100 elementor-top-column elementor-element elementor-element-bbe494e\" data-id=\"bbe494e\" data-element_type=\"column\">\n\t\t\t<div class=\"elementor-widget-wrap elementor-element-populated\">\n\t\t\t\t\t\t<div class=\"elementor-element elementor-element-a9ef5ef elementor-widget elementor-widget-heading\" data-id=\"a9ef5ef\" data-element_type=\"widget\" data-widget_type=\"heading.default\">\n\t\t\t\t<div class=\"elementor-widget-container\">\n\t\t\t\t\t<h2 class=\"elementor-heading-title elementor-size-default\">Sehenswertes in der Sandkrippe in Las Canteras\n<\/h2>\t\t\t\t<\/div>\n\t\t\t\t<\/div>\n\t\t\t\t<div class=\"elementor-element elementor-element-7a9e89d elementor-widget elementor-widget-text-editor\" data-id=\"7a9e89d\" data-element_type=\"widget\" data-widget_type=\"text-editor.default\">\n\t\t\t\t<div class=\"elementor-widget-container\">\n\t\t\t\t\t\t\t\t\t<p>Wenn Sie das Gl\u00fcck haben, Gran Canaria zwischen dem 5. Dezember 2024 und dem 8. Januar 2025 zu besuchen, k\u00f6nnen Sie diese herrliche Krippe aus Sand besichtigen, die traditionelle Weihnachtsszenen wie die Geburt Jesu, die Verk\u00fcndigung, die Reise der Heiligen Drei K\u00f6nige sowie verschiedene andere typische Weihnachtsfiguren darstellt. Als Hommage an den Ort, an dem diese Krippe gebaut wurde, haben die K\u00fcnstler auch einige der ber\u00fchmtesten Landschaften der Insel nachgebildet: den Roque Nublo, die Caldera de Tejeda und andere, leicht erkennbare lokale Elemente.<\/p>\t\t\t\t\t\t\t\t<\/div>\n\t\t\t\t<\/div>\n\t\t\t\t\t<\/div>\n\t\t<\/div>\n\t\t\t\t\t<\/div>\n\t\t<\/section>\n\t\t\t\t<section class=\"elementor-section elementor-top-section elementor-element elementor-element-ae4b5c9 elementor-section-boxed elementor-section-height-default elementor-section-height-default\" data-id=\"ae4b5c9\" data-element_type=\"section\">\n\t\t\t\t\t\t<div class=\"elementor-container elementor-column-gap-default\">\n\t\t\t\t\t<div class=\"elementor-column elementor-col-100 elementor-top-column elementor-element elementor-element-5beffa7\" data-id=\"5beffa7\" data-element_type=\"column\">\n\t\t\t<div class=\"elementor-widget-wrap elementor-element-populated\">\n\t\t\t\t\t\t<div class=\"elementor-element elementor-element-fa6d263 elementor-widget elementor-widget-heading\" data-id=\"fa6d263\" data-element_type=\"widget\" data-widget_type=\"heading.default\">\n\t\t\t\t<div class=\"elementor-widget-container\">\n\t\t\t\t\t<h2 class=\"elementor-heading-title elementor-size-default\">Aktivit\u00e4ten und Veranstaltungen rund um die Sandkrippe\n<\/h2>\t\t\t\t<\/div>\n\t\t\t\t<\/div>\n\t\t\t\t<div class=\"elementor-element elementor-element-d60c38c elementor-widget elementor-widget-text-editor\" data-id=\"d60c38c\" data-element_type=\"widget\" data-widget_type=\"text-editor.default\">\n\t\t\t\t<div class=\"elementor-widget-container\">\n\t\t\t\t\t\t\t\t\t<p>Die Bel\u00e9n de Arena de Las Canteras kann von jedermann besucht werden und ist eine fantastische Familienaktivit\u00e4t, die auch Workshops f\u00fcr alle Altersgruppen anbietet. In diesen Workshops k\u00f6nnen Sie lernen, wie man auf professionelle Weise mit Sand modelliert und Bilder erstellt, mit denen Sie Ihre Freunde und Familie im n\u00e4chsten Strandurlaub beeindrucken k\u00f6nnen. Eine weitere Besonderheit dieser Krippe ist, dass das Meer direkt daneben liegt, und das gute Wetter, das auf den Kanarischen Inseln das ganze Jahr \u00fcber herrscht, erlaubt es auch den Mutigsten, ein Bad im Atlantik zu nehmen. An Weihnachten im Meer zu schwimmen ist ein einzigartiges Erlebnis!<\/p>\t\t\t\t\t\t\t\t<\/div>\n\t\t\t\t<\/div>\n\t\t\t\t\t<\/div>\n\t\t<\/div>\n\t\t\t\t\t<\/div>\n\t\t<\/section>\n\t\t\t\t<section class=\"elementor-section elementor-top-section elementor-element elementor-element-57a4a6b elementor-section-boxed elementor-section-height-default elementor-section-height-default\" data-id=\"57a4a6b\" data-element_type=\"section\">\n\t\t\t\t\t\t<div class=\"elementor-container elementor-column-gap-default\">\n\t\t\t\t\t<div class=\"elementor-column elementor-col-100 elementor-top-column elementor-element elementor-element-8dc3e00\" data-id=\"8dc3e00\" data-element_type=\"column\">\n\t\t\t<div class=\"elementor-widget-wrap elementor-element-populated\">\n\t\t\t\t\t\t<div class=\"elementor-element elementor-element-a4c147c elementor-widget elementor-widget-video\" data-id=\"a4c147c\" data-element_type=\"widget\" data-settings=\"{&quot;youtube_url&quot;:&quot;https:\\\/\\\/www.youtube.com\\\/watch?v=gteA8iQ1Rhw&quot;,&quot;video_type&quot;:&quot;youtube&quot;,&quot;controls&quot;:&quot;yes&quot;}\" data-widget_type=\"video.default\">\n\t\t\t\t<div class=\"elementor-widget-container\">\n\t\t\t\t\t\t\t<div class=\"elementor-wrapper elementor-open-inline\">\n\t\t\t<div class=\"elementor-video\"><\/div>\t\t<\/div>\n\t\t\t\t\t\t<\/div>\n\t\t\t\t<\/div>\n\t\t\t\t\t<\/div>\n\t\t<\/div>\n\t\t\t\t\t<\/div>\n\t\t<\/section>\n\t\t\t\t<section class=\"elementor-section elementor-top-section elementor-element elementor-element-d7779c2 elementor-section-boxed elementor-section-height-default elementor-section-height-default\" data-id=\"d7779c2\" data-element_type=\"section\">\n\t\t\t\t\t\t<div class=\"elementor-container elementor-column-gap-default\">\n\t\t\t\t\t<div class=\"elementor-column elementor-col-100 elementor-top-column elementor-element elementor-element-5a4dd20\" data-id=\"5a4dd20\" data-element_type=\"column\">\n\t\t\t<div class=\"elementor-widget-wrap elementor-element-populated\">\n\t\t\t\t\t\t<div class=\"elementor-element elementor-element-925949a elementor-widget elementor-widget-heading\" data-id=\"925949a\" data-element_type=\"widget\" data-widget_type=\"heading.default\">\n\t\t\t\t<div class=\"elementor-widget-container\">\n\t\t\t\t\t<h2 class=\"elementor-heading-title elementor-size-default\">Tipps f\u00fcr Ihren Besuch der Sandkrippe am Strand von Las Canteras\n<\/h2>\t\t\t\t<\/div>\n\t\t\t\t<\/div>\n\t\t\t\t<div class=\"elementor-element elementor-element-3071271 elementor-widget elementor-widget-text-editor\" data-id=\"3071271\" data-element_type=\"widget\" data-widget_type=\"text-editor.default\">\n\t\t\t\t<div class=\"elementor-widget-container\">\n\t\t\t\t\t\t\t\t\t<p>Wir m\u00f6chten, dass Ihr Besuch der Bel\u00e9n de Arena de las Canteras sowie Ihr Aufenthalt auf der Insel Gran Canaria zu einem unvergesslichen Erlebnis wird. Deshalb geben wir Ihnen einige Tipps und Empfehlungen:<\/p><ul><li>Besuchen Sie die Krippe tags\u00fcber, damit Sie die Figuren in allen Einzelheiten betrachten k\u00f6nnen; besichtigen Sie sie aber auch nachts, denn dann wird die Krippe beleuchtet und ist f\u00fcr manche sogar noch spektakul\u00e4rer.<\/li><li>Nutzen Sie Ihren Aufenthalt auf Gran Canaria, um die wichtigsten Sehensw\u00fcrdigkeiten der Insel zu besuchen: den Roque Nublo, die D\u00fcnen von Maspalomas, den Naturpark Tamadaba, die Schlucht von Guayadeque, Las Palmas de Gran Canaria und Puerto de Mog\u00e1n. Es gibt noch mehr sehenswerte Orte, aber das sind unsere Highlights.<\/li><\/ul>\t\t\t\t\t\t\t\t<\/div>\n\t\t\t\t<\/div>\n\t\t\t\t\t<\/div>\n\t\t<\/div>\n\t\t\t\t\t<\/div>\n\t\t<\/section>\n\t\t\t\t<section class=\"elementor-section elementor-top-section elementor-element elementor-element-26ad081 elementor-section-boxed elementor-section-height-default elementor-section-height-default\" data-id=\"26ad081\" data-element_type=\"section\">\n\t\t\t\t\t\t<div class=\"elementor-container elementor-column-gap-default\">\n\t\t\t\t\t<div class=\"elementor-column elementor-col-50 elementor-top-column elementor-element elementor-element-66b2129\" data-id=\"66b2129\" data-element_type=\"column\">\n\t\t\t<div class=\"elementor-widget-wrap elementor-element-populated\">\n\t\t\t\t\t\t<div class=\"elementor-element elementor-element-002826f elementor-widget elementor-widget-text-editor\" data-id=\"002826f\" data-element_type=\"widget\" data-widget_type=\"text-editor.default\">\n\t\t\t\t<div class=\"elementor-widget-container\">\n\t\t\t\t\t\t\t\t\t<ul><li>Hilfe f\u00fcr die Bed\u00fcrftigsten. Der Besuch ist kostenlos, aber Geld- und Lebensmittelspenden sind willkommen, da sie an die Suppenk\u00fcchen der Stadt gehen.<\/li><li>\u00dcbernachten Sie in der N\u00e4he des Strandes Las Canteras, um den Zugang zur Sandkrippe so einfach wie m\u00f6glich zu gestalten. Au\u00dferdem gibt es in dieser Gegend eine Menge zu sehen und zu unternehmen, so dass Sie sich in bester Lage befinden.<\/li><li>Entdecken Sie La Isleta. Diese Halbinsel im Norden der Insel liegt nicht weit vom Strand Las Canteras entfernt und bietet zahlreiche Gr\u00fcnde f\u00fcr einen Besuch: 16 Vulkane, die \u00e4lteste Festung der Kanarischen Inseln, arch\u00e4ologische \u00dcberreste und fantastische Surfstr\u00e4nde sind nur einige davon.<\/li><\/ul>\t\t\t\t\t\t\t\t<\/div>\n\t\t\t\t<\/div>\n\t\t\t\t\t<\/div>\n\t\t<\/div>\n\t\t\t\t<div class=\"elementor-column elementor-col-50 elementor-top-column elementor-element elementor-element-02ed031\" data-id=\"02ed031\" data-element_type=\"column\">\n\t\t\t<div class=\"elementor-widget-wrap elementor-element-populated\">\n\t\t\t\t\t\t<div class=\"elementor-element elementor-element-ec126e7 elementor-widget elementor-widget-google_maps\" data-id=\"ec126e7\" data-element_type=\"widget\" data-widget_type=\"google_maps.default\">\n\t\t\t\t<div class=\"elementor-widget-container\">\n\t\t\t\t\t\t\t<div class=\"elementor-custom-embed\">\n\t\t\t<iframe loading=\"lazy\"\n\t\t\t\t\tsrc=\"https:\/\/maps.google.com\/maps?q=playa%20canteras&#038;t=m&#038;z=13&#038;output=embed&#038;iwloc=near\"\n\t\t\t\t\ttitle=\"playa canteras\"\n\t\t\t\t\taria-label=\"playa canteras\"\n\t\t\t><\/iframe>\n\t\t<\/div>\n\t\t\t\t\t\t<\/div>\n\t\t\t\t<\/div>\n\t\t\t\t\t<\/div>\n\t\t<\/div>\n\t\t\t\t\t<\/div>\n\t\t<\/section>\n\t\t\t\t<section class=\"elementor-section elementor-top-section elementor-element elementor-element-62551db3 elementor-section-boxed elementor-section-height-default elementor-section-height-default\" data-id=\"62551db3\" data-element_type=\"section\">\n\t\t\t\t\t\t<div class=\"elementor-container elementor-column-gap-default\">\n\t\t\t\t\t<div class=\"elementor-column elementor-col-100 elementor-top-column elementor-element elementor-element-188defa3\" data-id=\"188defa3\" data-element_type=\"column\">\n\t\t\t<div class=\"elementor-widget-wrap elementor-element-populated\">\n\t\t\t\t\t\t<div class=\"elementor-element elementor-element-270c0175 elementor-widget elementor-widget-heading\" data-id=\"270c0175\" data-element_type=\"widget\" data-widget_type=\"heading.default\">\n\t\t\t\t<div class=\"elementor-widget-container\">\n\t\t\t\t\t<h2 class=\"elementor-heading-title elementor-size-default\">Gran Canaria ist genau das Richtige f\u00fcr Sie\n<\/h2>\t\t\t\t<\/div>\n\t\t\t\t<\/div>\n\t\t\t\t<div class=\"elementor-element elementor-element-3f2956a3 elementor-widget elementor-widget-text-editor\" data-id=\"3f2956a3\" data-element_type=\"widget\" data-widget_type=\"text-editor.default\">\n\t\t\t\t<div class=\"elementor-widget-container\">\n\t\t\t\t\t\t\t\t\t<p>Diese Insel hat so viel zu bieten, dass sie auf jeden Fall auf der To-Do-Liste eines jeden Reisenden stehen sollte. Die Sandkrippe am Strand von Las Canteras ist eines der empfehlenswertesten Sehensw\u00fcrdigkeiten, aber auch Attraktionen wie der Roque Nublo, die D\u00fcnen von Maspalomas oder der Naturpark Tamadaba d\u00fcrfen nicht unerw\u00e4hnt bleiben. Notieren Sie sie alle auf Ihrer Route durch Gran Canaria und genie\u00dfen Sie dieses St\u00fcckchen Paradies, egal zu welcher Jahreszeit.<\/p><p>Kennen Sie schon Gran Canaria Stays? Wir haben eine fantastische Auswahl an Unterk\u00fcnften f\u00fcr einen perfekten Urlaub auf Gran Canaria: Wohnungen, Bungalows, H\u00e4user, Villen und Studios f\u00fcr alle Arten von Gruppen und in verschiedenen privilegierten Standorten auf der Insel, einschlie\u00dflich Las Canteras, so dass Sie die Sandkrippe pers\u00f6nlich sehen k\u00f6nnen. Finden Sie die Ausstattungsmerkmale, die Sie f\u00fcr Ihre Unterkunft interessieren, und buchen Sie jetzt!<\/p>\t\t\t\t\t\t\t\t<\/div>\n\t\t\t\t<\/div>\n\t\t\t\t\t<\/div>\n\t\t<\/div>\n\t\t\t\t\t<\/div>\n\t\t<\/section>\n\t\t\t\t<section class=\"elementor-section elementor-top-section elementor-element elementor-element-33252dcb elementor-section-boxed elementor-section-height-default elementor-section-height-default\" data-id=\"33252dcb\" data-element_type=\"section\">\n\t\t\t\t\t\t<div class=\"elementor-container elementor-column-gap-default\">\n\t\t\t\t\t<div class=\"elementor-column elementor-col-33 elementor-top-column elementor-element elementor-element-7372cab1\" data-id=\"7372cab1\" data-element_type=\"column\">\n\t\t\t<div class=\"elementor-widget-wrap elementor-element-populated\">\n\t\t\t\t\t\t<div class=\"elementor-element elementor-element-729c2dd9 elementor-align-center elementor-widget elementor-widget-button\" data-id=\"729c2dd9\" data-element_type=\"widget\" data-widget_type=\"button.default\">\n\t\t\t\t<div class=\"elementor-widget-container\">\n\t\t\t\t\t\t\t\t\t<div class=\"elementor-button-wrapper\">\n\t\t\t\t\t<a class=\"elementor-button elementor-button-link elementor-size-sm\" href=\"https:\/\/www.grancanariastays.com\/de\/vermietung\/vermietungen-gran-canaria-e77\/\" target=\"_blank\">\n\t\t\t\t\t\t<span class=\"elementor-button-content-wrapper\">\n\t\t\t\t\t\t\t\t\t<span class=\"elementor-button-text\">Ferienhaus Gran Canaria<\/span>\n\t\t\t\t\t<\/span>\n\t\t\t\t\t<\/a>\n\t\t\t\t<\/div>\n\t\t\t\t\t\t\t\t<\/div>\n\t\t\t\t<\/div>\n\t\t\t\t\t<\/div>\n\t\t<\/div>\n\t\t\t\t<div class=\"elementor-column elementor-col-33 elementor-top-column elementor-element elementor-element-3fd5b15a\" data-id=\"3fd5b15a\" data-element_type=\"column\">\n\t\t\t<div class=\"elementor-widget-wrap elementor-element-populated\">\n\t\t\t\t\t\t<div class=\"elementor-element elementor-element-308dea5d elementor-align-center elementor-widget elementor-widget-button\" data-id=\"308dea5d\" data-element_type=\"widget\" data-widget_type=\"button.default\">\n\t\t\t\t<div class=\"elementor-widget-container\">\n\t\t\t\t\t\t\t\t\t<div class=\"elementor-button-wrapper\">\n\t\t\t\t\t<a class=\"elementor-button elementor-button-link elementor-size-sm\" href=\"https:\/\/www.grancanariastays.com\/de\/vermietung\/ferienhauser-gran-canaria-c19e77\/\" target=\"_blank\">\n\t\t\t\t\t\t<span class=\"elementor-button-content-wrapper\">\n\t\t\t\t\t\t\t\t\t<span class=\"elementor-button-text\">Haus Gran Canaria<\/span>\n\t\t\t\t\t<\/span>\n\t\t\t\t\t<\/a>\n\t\t\t\t<\/div>\n\t\t\t\t\t\t\t\t<\/div>\n\t\t\t\t<\/div>\n\t\t\t\t\t<\/div>\n\t\t<\/div>\n\t\t\t\t<div class=\"elementor-column elementor-col-33 elementor-top-column elementor-element elementor-element-2d6cbb68\" data-id=\"2d6cbb68\" data-element_type=\"column\">\n\t\t\t<div class=\"elementor-widget-wrap elementor-element-populated\">\n\t\t\t\t\t\t<div class=\"elementor-element elementor-element-3df61c69 elementor-align-center elementor-widget elementor-widget-button\" data-id=\"3df61c69\" data-element_type=\"widget\" data-widget_type=\"button.default\">\n\t\t\t\t<div class=\"elementor-widget-container\">\n\t\t\t\t\t\t\t\t\t<div class=\"elementor-button-wrapper\">\n\t\t\t\t\t<a class=\"elementor-button elementor-button-link elementor-size-sm\" href=\"https:\/\/www.grancanariastays.com\/de\/vermietung\/villen-gran-canaria-c2e77\/\" target=\"_blank\">\n\t\t\t\t\t\t<span class=\"elementor-button-content-wrapper\">\n\t\t\t\t\t\t\t\t\t<span class=\"elementor-button-text\">Villas Gran Canaria<\/span>\n\t\t\t\t\t<\/span>\n\t\t\t\t\t<\/a>\n\t\t\t\t<\/div>\n\t\t\t\t\t\t\t\t<\/div>\n\t\t\t\t<\/div>\n\t\t\t\t\t<\/div>\n\t\t<\/div>\n\t\t\t\t\t<\/div>\n\t\t<\/section>\n\t\t\t\t<\/div>\n\t\t","protected":false},"excerpt":{"rendered":"<p>An einem der ber\u00fchmtesten Str\u00e4nde Gran Canarias befindet sich die \u201eBel\u00e9n de Arena de la Playa de Las Canteras\u201c, die j\u00e4hrlich von mehr als 200.000 Menschen besucht wird. Diese am Strand auf einer Fl\u00e4che von mehr als 1.000 Quadratmetern errichtete Krippe ist eine der Hauptattraktionen der Insel zur Weihnachtszeit: Ihre von nationalen und internationalen K\u00fcnstlern [&hellip;]<\/p>\n","protected":false},"author":3,"featured_media":4702,"comment_status":"open","ping_status":"open","sticky":false,"template":"","format":"standard","meta":{"footnotes":""},"categories":[103],"tags":[],"class_list":["post-5083","post","type-post","status-publish","format-standard","has-post-thumbnail","hentry","category-aktivitaten-de"],"yoast_head":"<!-- This site is optimized with the Yoast SEO plugin v25.1 - https:\/\/yoast.com\/wordpress\/plugins\/seo\/ -->\n<title>Die spektakul\u00e4re Sandkrippe von Las Canteras - Gran Canaria | Blog<\/title>\n<meta name=\"description\" content=\"Entdecken Sie die Sandkrippe in Playa de Las Canteras. Bewundern Sie die beeindruckenden Sandskulpturen bei diesem einzigartigen Weihnachtsevent.\" \/>\n<meta name=\"robots\" content=\"index, follow, max-snippet:-1, max-image-preview:large, max-video-preview:-1\" \/>\n<link rel=\"canonical\" href=\"https:\/\/www.grancanariastays.com\/blog\/de\/spektakulare-sandkrippe-las-canteras\/\" \/>\n<meta property=\"og:locale\" content=\"de_DE\" \/>\n<meta property=\"og:type\" content=\"article\" \/>\n<meta property=\"og:title\" content=\"Die spektakul\u00e4re Sandkrippe von Las Canteras - Gran Canaria | Blog\" \/>\n<meta property=\"og:description\" content=\"Entdecken Sie die Sandkrippe in Playa de Las Canteras. Bewundern Sie die beeindruckenden Sandskulpturen bei diesem einzigartigen Weihnachtsevent.\" \/>\n<meta property=\"og:url\" content=\"https:\/\/www.grancanariastays.com\/blog\/de\/spektakulare-sandkrippe-las-canteras\/\" \/>\n<meta property=\"og:site_name\" content=\"Gran Canaria | Blog\" \/>\n<meta property=\"article:publisher\" content=\"https:\/\/www.facebook.com\/Grancanariastays\" \/>\n<meta property=\"article:published_time\" content=\"2024-10-25T08:29:25+00:00\" \/>\n<meta property=\"article:modified_time\" content=\"2025-05-29T10:32:58+00:00\" \/>\n<meta property=\"og:image\" content=\"https:\/\/www.grancanariastays.com\/blog\/wp-content\/uploads\/2024\/10\/belen-de-las-arena-canteras.jpg\" \/>\n\t<meta property=\"og:image:width\" content=\"1920\" \/>\n\t<meta property=\"og:image:height\" content=\"586\" \/>\n\t<meta property=\"og:image:type\" content=\"image\/jpeg\" \/>\n<meta name=\"author\" content=\"digitalservices@avantio.com\" \/>\n<meta name=\"twitter:card\" content=\"summary_large_image\" \/>\n<meta name=\"twitter:label1\" content=\"Written by\" \/>\n\t<meta name=\"twitter:data1\" content=\"digitalservices@avantio.com\" \/>\n\t<meta name=\"twitter:label2\" content=\"Est. reading time\" \/>\n\t<meta name=\"twitter:data2\" content=\"6 minutes\" \/>\n<script type=\"application\/ld+json\" class=\"yoast-schema-graph\">{\"@context\":\"https:\/\/schema.org\",\"@graph\":[{\"@type\":\"Article\",\"@id\":\"https:\/\/www.grancanariastays.com\/blog\/de\/spektakulare-sandkrippe-las-canteras\/#article\",\"isPartOf\":{\"@id\":\"https:\/\/www.grancanariastays.com\/blog\/de\/spektakulare-sandkrippe-las-canteras\/\"},\"author\":{\"name\":\"digitalservices@avantio.com\",\"@id\":\"https:\/\/www.grancanariastays.com\/blog\/#\/schema\/person\/35f7856bb384d1ebae2b3aa592e46d5f\"},\"headline\":\"Die spektakul\u00e4re Sandkrippe von Las Canteras\",\"datePublished\":\"2024-10-25T08:29:25+00:00\",\"dateModified\":\"2025-05-29T10:32:58+00:00\",\"mainEntityOfPage\":{\"@id\":\"https:\/\/www.grancanariastays.com\/blog\/de\/spektakulare-sandkrippe-las-canteras\/\"},\"wordCount\":950,\"commentCount\":0,\"publisher\":{\"@id\":\"https:\/\/www.grancanariastays.com\/blog\/#organization\"},\"image\":{\"@id\":\"https:\/\/www.grancanariastays.com\/blog\/de\/spektakulare-sandkrippe-las-canteras\/#primaryimage\"},\"thumbnailUrl\":\"https:\/\/www.grancanariastays.com\/blog\/wp-content\/uploads\/2024\/10\/belen-de-las-arena-canteras.jpg\",\"articleSection\":[\"Aktivit\u00e4ten\"],\"inLanguage\":\"de\",\"potentialAction\":[{\"@type\":\"CommentAction\",\"name\":\"Comment\",\"target\":[\"https:\/\/www.grancanariastays.com\/blog\/de\/spektakulare-sandkrippe-las-canteras\/#respond\"]}]},{\"@type\":\"WebPage\",\"@id\":\"https:\/\/www.grancanariastays.com\/blog\/de\/spektakulare-sandkrippe-las-canteras\/\",\"url\":\"https:\/\/www.grancanariastays.com\/blog\/de\/spektakulare-sandkrippe-las-canteras\/\",\"name\":\"Die spektakul\u00e4re Sandkrippe von Las Canteras - Gran Canaria | Blog\",\"isPartOf\":{\"@id\":\"https:\/\/www.grancanariastays.com\/blog\/#website\"},\"primaryImageOfPage\":{\"@id\":\"https:\/\/www.grancanariastays.com\/blog\/de\/spektakulare-sandkrippe-las-canteras\/#primaryimage\"},\"image\":{\"@id\":\"https:\/\/www.grancanariastays.com\/blog\/de\/spektakulare-sandkrippe-las-canteras\/#primaryimage\"},\"thumbnailUrl\":\"https:\/\/www.grancanariastays.com\/blog\/wp-content\/uploads\/2024\/10\/belen-de-las-arena-canteras.jpg\",\"datePublished\":\"2024-10-25T08:29:25+00:00\",\"dateModified\":\"2025-05-29T10:32:58+00:00\",\"description\":\"Entdecken Sie die Sandkrippe in Playa de Las Canteras. Bewundern Sie die beeindruckenden Sandskulpturen bei diesem einzigartigen Weihnachtsevent.\",\"breadcrumb\":{\"@id\":\"https:\/\/www.grancanariastays.com\/blog\/de\/spektakulare-sandkrippe-las-canteras\/#breadcrumb\"},\"inLanguage\":\"de\",\"potentialAction\":[{\"@type\":\"ReadAction\",\"target\":[\"https:\/\/www.grancanariastays.com\/blog\/de\/spektakulare-sandkrippe-las-canteras\/\"]}]},{\"@type\":\"ImageObject\",\"inLanguage\":\"de\",\"@id\":\"https:\/\/www.grancanariastays.com\/blog\/de\/spektakulare-sandkrippe-las-canteras\/#primaryimage\",\"url\":\"https:\/\/www.grancanariastays.com\/blog\/wp-content\/uploads\/2024\/10\/belen-de-las-arena-canteras.jpg\",\"contentUrl\":\"https:\/\/www.grancanariastays.com\/blog\/wp-content\/uploads\/2024\/10\/belen-de-las-arena-canteras.jpg\",\"width\":1920,\"height\":586,\"caption\":\"belen de las arena canteras\"},{\"@type\":\"BreadcrumbList\",\"@id\":\"https:\/\/www.grancanariastays.com\/blog\/de\/spektakulare-sandkrippe-las-canteras\/#breadcrumb\",\"itemListElement\":[{\"@type\":\"ListItem\",\"position\":1,\"name\":\"Portada\",\"item\":\"https:\/\/www.grancanariastays.com\/blog\/\"},{\"@type\":\"ListItem\",\"position\":2,\"name\":\"Die spektakul\u00e4re Sandkrippe von Las Canteras\"}]},{\"@type\":\"WebSite\",\"@id\":\"https:\/\/www.grancanariastays.com\/blog\/#website\",\"url\":\"https:\/\/www.grancanariastays.com\/blog\/\",\"name\":\"Gran Canaria Stays\",\"description\":\"\",\"publisher\":{\"@id\":\"https:\/\/www.grancanariastays.com\/blog\/#organization\"},\"potentialAction\":[{\"@type\":\"SearchAction\",\"target\":{\"@type\":\"EntryPoint\",\"urlTemplate\":\"https:\/\/www.grancanariastays.com\/blog\/?s={search_term_string}\"},\"query-input\":{\"@type\":\"PropertyValueSpecification\",\"valueRequired\":true,\"valueName\":\"search_term_string\"}}],\"inLanguage\":\"de\"},{\"@type\":\"Organization\",\"@id\":\"https:\/\/www.grancanariastays.com\/blog\/#organization\",\"name\":\"Gran Canaria Stays\",\"url\":\"https:\/\/www.grancanariastays.com\/blog\/\",\"logo\":{\"@type\":\"ImageObject\",\"inLanguage\":\"de\",\"@id\":\"https:\/\/www.grancanariastays.com\/blog\/#\/schema\/logo\/image\/\",\"url\":\"https:\/\/www.grancanariastays.com\/blog\/wp-content\/uploads\/2024\/01\/logo-gran-canaria-stays.png\",\"contentUrl\":\"https:\/\/www.grancanariastays.com\/blog\/wp-content\/uploads\/2024\/01\/logo-gran-canaria-stays.png\",\"width\":300,\"height\":112,\"caption\":\"Gran Canaria Stays\"},\"image\":{\"@id\":\"https:\/\/www.grancanariastays.com\/blog\/#\/schema\/logo\/image\/\"},\"sameAs\":[\"https:\/\/www.facebook.com\/Grancanariastays\",\"https:\/\/www.instagram.com\/grancanariastays\/\"]},{\"@type\":\"Person\",\"@id\":\"https:\/\/www.grancanariastays.com\/blog\/#\/schema\/person\/35f7856bb384d1ebae2b3aa592e46d5f\",\"name\":\"digitalservices@avantio.com\",\"image\":{\"@type\":\"ImageObject\",\"inLanguage\":\"de\",\"@id\":\"https:\/\/www.grancanariastays.com\/blog\/#\/schema\/person\/image\/\",\"url\":\"https:\/\/secure.gravatar.com\/avatar\/af30f88a1904294c1f3eb09a9d7903eec4ffa18fa2cf40c28a8681014ecdfc20?s=96&d=mm&r=g\",\"contentUrl\":\"https:\/\/secure.gravatar.com\/avatar\/af30f88a1904294c1f3eb09a9d7903eec4ffa18fa2cf40c28a8681014ecdfc20?s=96&d=mm&r=g\",\"caption\":\"digitalservices@avantio.com\"},\"url\":\"https:\/\/www.grancanariastays.com\/blog\/de\/author\/digitalservicesavantio-com\/\"}]}<\/script>\n<!-- \/ Yoast SEO plugin. -->","yoast_head_json":{"title":"Die spektakul\u00e4re Sandkrippe von Las Canteras - Gran Canaria | Blog","description":"Entdecken Sie die Sandkrippe in Playa de Las Canteras. Bewundern Sie die beeindruckenden Sandskulpturen bei diesem einzigartigen Weihnachtsevent.","robots":{"index":"index","follow":"follow","max-snippet":"max-snippet:-1","max-image-preview":"max-image-preview:large","max-video-preview":"max-video-preview:-1"},"canonical":"https:\/\/www.grancanariastays.com\/blog\/de\/spektakulare-sandkrippe-las-canteras\/","og_locale":"de_DE","og_type":"article","og_title":"Die spektakul\u00e4re Sandkrippe von Las Canteras - Gran Canaria | Blog","og_description":"Entdecken Sie die Sandkrippe in Playa de Las Canteras. Bewundern Sie die beeindruckenden Sandskulpturen bei diesem einzigartigen Weihnachtsevent.","og_url":"https:\/\/www.grancanariastays.com\/blog\/de\/spektakulare-sandkrippe-las-canteras\/","og_site_name":"Gran Canaria | Blog","article_publisher":"https:\/\/www.facebook.com\/Grancanariastays","article_published_time":"2024-10-25T08:29:25+00:00","article_modified_time":"2025-05-29T10:32:58+00:00","og_image":[{"width":1920,"height":586,"url":"https:\/\/www.grancanariastays.com\/blog\/wp-content\/uploads\/2024\/10\/belen-de-las-arena-canteras.jpg","type":"image\/jpeg"}],"author":"digitalservices@avantio.com","twitter_card":"summary_large_image","twitter_misc":{"Written by":"digitalservices@avantio.com","Est. reading time":"6 minutes"},"schema":{"@context":"https:\/\/schema.org","@graph":[{"@type":"Article","@id":"https:\/\/www.grancanariastays.com\/blog\/de\/spektakulare-sandkrippe-las-canteras\/#article","isPartOf":{"@id":"https:\/\/www.grancanariastays.com\/blog\/de\/spektakulare-sandkrippe-las-canteras\/"},"author":{"name":"digitalservices@avantio.com","@id":"https:\/\/www.grancanariastays.com\/blog\/#\/schema\/person\/35f7856bb384d1ebae2b3aa592e46d5f"},"headline":"Die spektakul\u00e4re Sandkrippe von Las Canteras","datePublished":"2024-10-25T08:29:25+00:00","dateModified":"2025-05-29T10:32:58+00:00","mainEntityOfPage":{"@id":"https:\/\/www.grancanariastays.com\/blog\/de\/spektakulare-sandkrippe-las-canteras\/"},"wordCount":950,"commentCount":0,"publisher":{"@id":"https:\/\/www.grancanariastays.com\/blog\/#organization"},"image":{"@id":"https:\/\/www.grancanariastays.com\/blog\/de\/spektakulare-sandkrippe-las-canteras\/#primaryimage"},"thumbnailUrl":"https:\/\/www.grancanariastays.com\/blog\/wp-content\/uploads\/2024\/10\/belen-de-las-arena-canteras.jpg","articleSection":["Aktivit\u00e4ten"],"inLanguage":"de","potentialAction":[{"@type":"CommentAction","name":"Comment","target":["https:\/\/www.grancanariastays.com\/blog\/de\/spektakulare-sandkrippe-las-canteras\/#respond"]}]},{"@type":"WebPage","@id":"https:\/\/www.grancanariastays.com\/blog\/de\/spektakulare-sandkrippe-las-canteras\/","url":"https:\/\/www.grancanariastays.com\/blog\/de\/spektakulare-sandkrippe-las-canteras\/","name":"Die spektakul\u00e4re Sandkrippe von Las Canteras - Gran Canaria | Blog","isPartOf":{"@id":"https:\/\/www.grancanariastays.com\/blog\/#website"},"primaryImageOfPage":{"@id":"https:\/\/www.grancanariastays.com\/blog\/de\/spektakulare-sandkrippe-las-canteras\/#primaryimage"},"image":{"@id":"https:\/\/www.grancanariastays.com\/blog\/de\/spektakulare-sandkrippe-las-canteras\/#primaryimage"},"thumbnailUrl":"https:\/\/www.grancanariastays.com\/blog\/wp-content\/uploads\/2024\/10\/belen-de-las-arena-canteras.jpg","datePublished":"2024-10-25T08:29:25+00:00","dateModified":"2025-05-29T10:32:58+00:00","description":"Entdecken Sie die Sandkrippe in Playa de Las Canteras. Bewundern Sie die beeindruckenden Sandskulpturen bei diesem einzigartigen Weihnachtsevent.","breadcrumb":{"@id":"https:\/\/www.grancanariastays.com\/blog\/de\/spektakulare-sandkrippe-las-canteras\/#breadcrumb"},"inLanguage":"de","potentialAction":[{"@type":"ReadAction","target":["https:\/\/www.grancanariastays.com\/blog\/de\/spektakulare-sandkrippe-las-canteras\/"]}]},{"@type":"ImageObject","inLanguage":"de","@id":"https:\/\/www.grancanariastays.com\/blog\/de\/spektakulare-sandkrippe-las-canteras\/#primaryimage","url":"https:\/\/www.grancanariastays.com\/blog\/wp-content\/uploads\/2024\/10\/belen-de-las-arena-canteras.jpg","contentUrl":"https:\/\/www.grancanariastays.com\/blog\/wp-content\/uploads\/2024\/10\/belen-de-las-arena-canteras.jpg","width":1920,"height":586,"caption":"belen de las arena canteras"},{"@type":"BreadcrumbList","@id":"https:\/\/www.grancanariastays.com\/blog\/de\/spektakulare-sandkrippe-las-canteras\/#breadcrumb","itemListElement":[{"@type":"ListItem","position":1,"name":"Portada","item":"https:\/\/www.grancanariastays.com\/blog\/"},{"@type":"ListItem","position":2,"name":"Die spektakul\u00e4re Sandkrippe von Las Canteras"}]},{"@type":"WebSite","@id":"https:\/\/www.grancanariastays.com\/blog\/#website","url":"https:\/\/www.grancanariastays.com\/blog\/","name":"Gran Canaria Stays","description":"","publisher":{"@id":"https:\/\/www.grancanariastays.com\/blog\/#organization"},"potentialAction":[{"@type":"SearchAction","target":{"@type":"EntryPoint","urlTemplate":"https:\/\/www.grancanariastays.com\/blog\/?s={search_term_string}"},"query-input":{"@type":"PropertyValueSpecification","valueRequired":true,"valueName":"search_term_string"}}],"inLanguage":"de"},{"@type":"Organization","@id":"https:\/\/www.grancanariastays.com\/blog\/#organization","name":"Gran Canaria Stays","url":"https:\/\/www.grancanariastays.com\/blog\/","logo":{"@type":"ImageObject","inLanguage":"de","@id":"https:\/\/www.grancanariastays.com\/blog\/#\/schema\/logo\/image\/","url":"https:\/\/www.grancanariastays.com\/blog\/wp-content\/uploads\/2024\/01\/logo-gran-canaria-stays.png","contentUrl":"https:\/\/www.grancanariastays.com\/blog\/wp-content\/uploads\/2024\/01\/logo-gran-canaria-stays.png","width":300,"height":112,"caption":"Gran Canaria Stays"},"image":{"@id":"https:\/\/www.grancanariastays.com\/blog\/#\/schema\/logo\/image\/"},"sameAs":["https:\/\/www.facebook.com\/Grancanariastays","https:\/\/www.instagram.com\/grancanariastays\/"]},{"@type":"Person","@id":"https:\/\/www.grancanariastays.com\/blog\/#\/schema\/person\/35f7856bb384d1ebae2b3aa592e46d5f","name":"digitalservices@avantio.com","image":{"@type":"ImageObject","inLanguage":"de","@id":"https:\/\/www.grancanariastays.com\/blog\/#\/schema\/person\/image\/","url":"https:\/\/secure.gravatar.com\/avatar\/af30f88a1904294c1f3eb09a9d7903eec4ffa18fa2cf40c28a8681014ecdfc20?s=96&d=mm&r=g","contentUrl":"https:\/\/secure.gravatar.com\/avatar\/af30f88a1904294c1f3eb09a9d7903eec4ffa18fa2cf40c28a8681014ecdfc20?s=96&d=mm&r=g","caption":"digitalservices@avantio.com"},"url":"https:\/\/www.grancanariastays.com\/blog\/de\/author\/digitalservicesavantio-com\/"}]}},"_links":{"self":[{"href":"https:\/\/www.grancanariastays.com\/blog\/de\/wp-json\/wp\/v2\/posts\/5083","targetHints":{"allow":["GET"]}}],"collection":[{"href":"https:\/\/www.grancanariastays.com\/blog\/de\/wp-json\/wp\/v2\/posts"}],"about":[{"href":"https:\/\/www.grancanariastays.com\/blog\/de\/wp-json\/wp\/v2\/types\/post"}],"author":[{"embeddable":true,"href":"https:\/\/www.grancanariastays.com\/blog\/de\/wp-json\/wp\/v2\/users\/3"}],"replies":[{"embeddable":true,"href":"https:\/\/www.grancanariastays.com\/blog\/de\/wp-json\/wp\/v2\/comments?post=5083"}],"version-history":[{"count":11,"href":"https:\/\/www.grancanariastays.com\/blog\/de\/wp-json\/wp\/v2\/posts\/5083\/revisions"}],"predecessor-version":[{"id":5109,"href":"https:\/\/www.grancanariastays.com\/blog\/de\/wp-json\/wp\/v2\/posts\/5083\/revisions\/5109"}],"wp:featuredmedia":[{"embeddable":true,"href":"https:\/\/www.grancanariastays.com\/blog\/de\/wp-json\/wp\/v2\/media\/4702"}],"wp:attachment":[{"href":"https:\/\/www.grancanariastays.com\/blog\/de\/wp-json\/wp\/v2\/media?parent=5083"}],"wp:term":[{"taxonomy":"category","embeddable":true,"href":"https:\/\/www.grancanariastays.com\/blog\/de\/wp-json\/wp\/v2\/categories?post=5083"},{"taxonomy":"post_tag","embeddable":true,"href":"https:\/\/www.grancanariastays.com\/blog\/de\/wp-json\/wp\/v2\/tags?post=5083"}],"curies":[{"name":"wp","href":"https:\/\/api.w.org\/{rel}","templated":true}]}}