{"id":5089,"date":"2024-10-25T08:29:01","date_gmt":"2024-10-25T08:29:01","guid":{"rendered":"https:\/\/www.grancanariastays.com\/blog\/?p=5089"},"modified":"2025-05-29T10:45:52","modified_gmt":"2025-05-29T10:45:52","slug":"die-besten-aktivitaten-auf-gran-canaria-im-dezember","status":"publish","type":"post","link":"https:\/\/www.grancanariastays.com\/blog\/de\/die-besten-aktivitaten-auf-gran-canaria-im-dezember\/","title":{"rendered":"Die besten Aktivit\u00e4ten auf Gran Canaria im Dezember"},"content":{"rendered":"\t\t<div data-elementor-type=\"wp-post\" data-elementor-id=\"5089\" class=\"elementor elementor-5089 elementor-4691\" data-elementor-post-type=\"post\">\n\t\t\t\t\t\t<section class=\"elementor-section elementor-top-section elementor-element elementor-element-132aebe3 elementor-section-boxed elementor-section-height-default elementor-section-height-default\" data-id=\"132aebe3\" data-element_type=\"section\">\n\t\t\t\t\t\t<div class=\"elementor-container elementor-column-gap-default\">\n\t\t\t\t\t<div class=\"elementor-column elementor-col-100 elementor-top-column elementor-element elementor-element-11fda467\" data-id=\"11fda467\" data-element_type=\"column\">\n\t\t\t<div class=\"elementor-widget-wrap elementor-element-populated\">\n\t\t\t\t\t\t<div class=\"elementor-element elementor-element-61c8de4f elementor-widget elementor-widget-text-editor\" data-id=\"61c8de4f\" data-element_type=\"widget\" data-widget_type=\"text-editor.default\">\n\t\t\t\t<div class=\"elementor-widget-container\">\n\t\t\t\t\t\t\t\t\t<p>Das ist die Millionen-Dollar-Frage, und die Antwort lautet: Ja, Sie k\u00f6nnen im Dezember nach Gran Canaria reisen. Wenn Sie es vorziehen, in einer ruhigeren und weniger \u00fcberf\u00fcllten Umgebung zu reisen, ist dieser Monat eine fantastische Option f\u00fcr Sie. Obwohl das Wetter nicht so hei\u00df ist wie im Sommer, sind die Temperaturen auf Gran Canaria im Dezember immer noch sehr angenehm, und die geringen Niederschl\u00e4ge erlauben es Ihnen, ohne Angst vor schlechtem Wetter jede Art von Plan umzusetzen.<\/p><p>Lesen Sie weiter, um zu erfahren, wie das Wetter auf Gran Canaria im Dezember ist, was Sie im letzten Monat des Jahres unternehmen k\u00f6nnen und welche Tipps wir haben, um Ihren Aufenthalt so angenehm wie m\u00f6glich zu gestalten.<\/p>\t\t\t\t\t\t\t\t<\/div>\n\t\t\t\t<\/div>\n\t\t\t\t\t<\/div>\n\t\t<\/div>\n\t\t\t\t\t<\/div>\n\t\t<\/section>\n\t\t\t\t<section class=\"elementor-section elementor-top-section elementor-element elementor-element-79c7ef4e elementor-section-boxed elementor-section-height-default elementor-section-height-default\" data-id=\"79c7ef4e\" data-element_type=\"section\">\n\t\t\t\t\t\t<div class=\"elementor-container elementor-column-gap-default\">\n\t\t\t\t\t<div class=\"elementor-column elementor-col-100 elementor-top-column elementor-element elementor-element-5cd8e664\" data-id=\"5cd8e664\" data-element_type=\"column\">\n\t\t\t<div class=\"elementor-widget-wrap elementor-element-populated\">\n\t\t\t\t\t\t<div class=\"elementor-element elementor-element-58417071 elementor-widget elementor-widget-table-of-contents\" data-id=\"58417071\" data-element_type=\"widget\" data-settings=\"{&quot;headings_by_tags&quot;:[&quot;h2&quot;],&quot;exclude_headings_by_selector&quot;:[],&quot;marker_view&quot;:&quot;bullets&quot;,&quot;icon&quot;:{&quot;value&quot;:&quot;&quot;,&quot;library&quot;:&quot;&quot;},&quot;no_headings_message&quot;:&quot;No headings were found on this page.&quot;,&quot;hierarchical_view&quot;:&quot;yes&quot;,&quot;min_height&quot;:{&quot;unit&quot;:&quot;px&quot;,&quot;size&quot;:&quot;&quot;,&quot;sizes&quot;:[]},&quot;min_height_tablet&quot;:{&quot;unit&quot;:&quot;px&quot;,&quot;size&quot;:&quot;&quot;,&quot;sizes&quot;:[]},&quot;min_height_mobile&quot;:{&quot;unit&quot;:&quot;px&quot;,&quot;size&quot;:&quot;&quot;,&quot;sizes&quot;:[]}}\" data-widget_type=\"table-of-contents.default\">\n\t\t\t\t<div class=\"elementor-widget-container\">\n\t\t\t\t\t\t\t<div class=\"elementor-toc__header\">\n\t\t\t<div class=\"elementor-toc__header-title\">\n\t\t\t\tVerzeichnis\t\t\t<\/div>\n\t\t\t\t\t<\/div>\n\t\t<div id=\"elementor-toc__58417071\" class=\"elementor-toc__body\">\n\t\t\t<div class=\"elementor-toc__spinner-container\">\n\t\t\t\t<i class=\"elementor-toc__spinner eicon-animation-spin eicon-loading\" aria-hidden=\"true\"><\/i>\t\t\t<\/div>\n\t\t<\/div>\n\t\t\t\t\t\t<\/div>\n\t\t\t\t<\/div>\n\t\t\t\t\t<\/div>\n\t\t<\/div>\n\t\t\t\t\t<\/div>\n\t\t<\/section>\n\t\t\t\t<section class=\"elementor-section elementor-top-section elementor-element elementor-element-26e5412 elementor-section-boxed elementor-section-height-default elementor-section-height-default\" data-id=\"26e5412\" data-element_type=\"section\">\n\t\t\t\t\t\t<div class=\"elementor-container elementor-column-gap-default\">\n\t\t\t\t\t<div class=\"elementor-column elementor-col-100 elementor-top-column elementor-element elementor-element-5ba1bfe\" data-id=\"5ba1bfe\" data-element_type=\"column\">\n\t\t\t<div class=\"elementor-widget-wrap elementor-element-populated\">\n\t\t\t\t\t\t<div class=\"elementor-element elementor-element-d8e6313 elementor-widget elementor-widget-heading\" data-id=\"d8e6313\" data-element_type=\"widget\" data-widget_type=\"heading.default\">\n\t\t\t\t<div class=\"elementor-widget-container\">\n\t\t\t\t\t<h2 class=\"elementor-heading-title elementor-size-default\">Wetter und Temperaturen auf Gran Canaria im Dezember\n<\/h2>\t\t\t\t<\/div>\n\t\t\t\t<\/div>\n\t\t\t\t<div class=\"elementor-element elementor-element-ff8ec31 elementor-widget elementor-widget-text-editor\" data-id=\"ff8ec31\" data-element_type=\"widget\" data-widget_type=\"text-editor.default\">\n\t\t\t\t<div class=\"elementor-widget-container\">\n\t\t\t\t\t\t\t\t\t<p>Wenn wir an die Kanarischen Inseln denken, haben wir direkt das Bild von Str\u00e4nden vor Augen, nicht wahr? Die Wahrheit ist, dass viele Menschen sogar im Dezember in den warmen Gew\u00e4ssern dieses Teils des Atlantiks baden! Vergessen Sie also Ihre Badesachen nicht, nur f\u00fcr alle F\u00e4lle\u00a0\u2026 Wenn Sie die Berge Gran Canarias besuchen m\u00f6chten, denken Sie daran, dass die H\u00f6he und die Passatwinde ein wichtiger Faktor sind, der die Temperaturen in den Bergregionen senkt. Aus diesem Grund empfehlen wir Ihnen auch, w\u00e4rmere Kleidung mitzunehmen, auch wenn wir Ihnen versichern wollen, dass die Sonne garantiert scheinen wird!<\/p>\t\t\t\t\t\t\t\t<\/div>\n\t\t\t\t<\/div>\n\t\t\t\t\t<\/div>\n\t\t<\/div>\n\t\t\t\t\t<\/div>\n\t\t<\/section>\n\t\t\t\t<section class=\"elementor-section elementor-top-section elementor-element elementor-element-08ea1a7 elementor-section-boxed elementor-section-height-default elementor-section-height-default\" data-id=\"08ea1a7\" data-element_type=\"section\">\n\t\t\t\t\t\t<div class=\"elementor-container elementor-column-gap-default\">\n\t\t\t\t\t<div class=\"elementor-column elementor-col-100 elementor-top-column elementor-element elementor-element-7fdb7fa\" data-id=\"7fdb7fa\" data-element_type=\"column\">\n\t\t\t<div class=\"elementor-widget-wrap elementor-element-populated\">\n\t\t\t\t\t\t<div class=\"elementor-element elementor-element-b73ec0a elementor-widget elementor-widget-heading\" data-id=\"b73ec0a\" data-element_type=\"widget\" data-widget_type=\"heading.default\">\n\t\t\t\t<div class=\"elementor-widget-container\">\n\t\t\t\t\t<h2 class=\"elementor-heading-title elementor-size-default\">Was man im Dezember auf Gran Canaria unternehmen kann: Aktivit\u00e4ten und Veranstaltungen\n<\/h2>\t\t\t\t<\/div>\n\t\t\t\t<\/div>\n\t\t\t\t<div class=\"elementor-element elementor-element-8690aee elementor-widget elementor-widget-text-editor\" data-id=\"8690aee\" data-element_type=\"widget\" data-widget_type=\"text-editor.default\">\n\t\t\t\t<div class=\"elementor-widget-container\">\n\t\t\t\t\t\t\t\t\t<p>Wenn Sie im Dezember nach Gran Canaria reisen, gibt es viele M\u00f6glichkeiten, etwas zu unternehmen. Wir stellen Ihnen hier die interessantesten vor:<\/p>\t\t\t\t\t\t\t\t<\/div>\n\t\t\t\t<\/div>\n\t\t\t\t\t<\/div>\n\t\t<\/div>\n\t\t\t\t\t<\/div>\n\t\t<\/section>\n\t\t\t\t<section class=\"elementor-section elementor-top-section elementor-element elementor-element-908432d elementor-section-boxed elementor-section-height-default elementor-section-height-default\" data-id=\"908432d\" data-element_type=\"section\">\n\t\t\t\t\t\t<div class=\"elementor-container elementor-column-gap-default\">\n\t\t\t\t\t<div class=\"elementor-column elementor-col-50 elementor-top-column elementor-element elementor-element-0c820df\" data-id=\"0c820df\" data-element_type=\"column\">\n\t\t\t<div class=\"elementor-widget-wrap elementor-element-populated\">\n\t\t\t\t\t\t<div class=\"elementor-element elementor-element-20a65f44 elementor-widget elementor-widget-heading\" data-id=\"20a65f44\" data-element_type=\"widget\" data-widget_type=\"heading.default\">\n\t\t\t\t<div class=\"elementor-widget-container\">\n\t\t\t\t\t<h3 class=\"elementor-heading-title elementor-size-default\">Sandkrippe am Strand von Las Canteras\n<\/h3>\t\t\t\t<\/div>\n\t\t\t\t<\/div>\n\t\t\t\t<div class=\"elementor-element elementor-element-6d174497 elementor-widget elementor-widget-text-editor\" data-id=\"6d174497\" data-element_type=\"widget\" data-widget_type=\"text-editor.default\">\n\t\t\t\t<div class=\"elementor-widget-container\">\n\t\t\t\t\t\t\t\t\t<p>Diese originelle Kunstausstellung, die jedes Jahr Tausende von Menschen auf der Insel Gran Canaria zusammenbringt, ist eines der wichtigsten Ereignisse im Monat Dezember. K\u00fcnstler aus der ganzen Welt reisen in diese Region, um ihr Talent auf beeindruckende Weise zu entfalten und wunderbare Kunstwerke zu schaffen. Diese familienfreundliche Veranstaltung kann durch Workshops f\u00fcr Sandskulpturen erg\u00e4nzt werden. Dar\u00fcber hinaus verfolgt diese Veranstaltung einen wohlt\u00e4tigen Zweck: Der Eintritt ist freiwillig und kommt den Bed\u00fcrftigen der Insel zugute.<\/p>\t\t\t\t\t\t\t\t<\/div>\n\t\t\t\t<\/div>\n\t\t\t\t\t<\/div>\n\t\t<\/div>\n\t\t\t\t<div class=\"elementor-column elementor-col-50 elementor-top-column elementor-element elementor-element-289e362\" data-id=\"289e362\" data-element_type=\"column\">\n\t\t\t<div class=\"elementor-widget-wrap elementor-element-populated\">\n\t\t\t\t\t\t<div class=\"elementor-element elementor-element-13f7ae7 elementor-widget elementor-widget-heading\" data-id=\"13f7ae7\" data-element_type=\"widget\" data-widget_type=\"heading.default\">\n\t\t\t\t<div class=\"elementor-widget-container\">\n\t\t\t\t\t<h3 class=\"elementor-heading-title elementor-size-default\">Gran Canaria Bestial Race<\/h3>\t\t\t\t<\/div>\n\t\t\t\t<\/div>\n\t\t\t\t<div class=\"elementor-element elementor-element-92ddbaf elementor-widget elementor-widget-text-editor\" data-id=\"92ddbaf\" data-element_type=\"widget\" data-widget_type=\"text-editor.default\">\n\t\t\t\t<div class=\"elementor-widget-container\">\n\t\t\t\t\t\t\t\t\t<p>Am 7. Dezember findet in Arucas die elfte Ausgabe des Gran Canaria Bestial Race statt, ein spektakul\u00e4res Sportereignis, das die besten Hindernisl\u00e4ufer der Welt zusammenbringt. Es gibt Strecken f\u00fcr Anf\u00e4nger sowie andere f\u00fcr Sportler, die eine k\u00f6rperliche und geistige Herausforderung suchen.<\/p>\t\t\t\t\t\t\t\t<\/div>\n\t\t\t\t<\/div>\n\t\t\t\t\t<\/div>\n\t\t<\/div>\n\t\t\t\t\t<\/div>\n\t\t<\/section>\n\t\t\t\t<section class=\"elementor-section elementor-top-section elementor-element elementor-element-51c7950 elementor-section-boxed elementor-section-height-default elementor-section-height-default\" data-id=\"51c7950\" data-element_type=\"section\">\n\t\t\t\t\t\t<div class=\"elementor-container elementor-column-gap-default\">\n\t\t\t\t\t<div class=\"elementor-column elementor-col-50 elementor-top-column elementor-element elementor-element-5ac2b28\" data-id=\"5ac2b28\" data-element_type=\"column\">\n\t\t\t<div class=\"elementor-widget-wrap elementor-element-populated\">\n\t\t\t\t\t\t<div class=\"elementor-element elementor-element-8ee9c00 elementor-widget elementor-widget-heading\" data-id=\"8ee9c00\" data-element_type=\"widget\" data-widget_type=\"heading.default\">\n\t\t\t\t<div class=\"elementor-widget-container\">\n\t\t\t\t\t<h3 class=\"elementor-heading-title elementor-size-default\">Weihnachtsm\u00e4rkte\n<\/h3>\t\t\t\t<\/div>\n\t\t\t\t<\/div>\n\t\t\t\t<div class=\"elementor-element elementor-element-6df10b6 elementor-widget elementor-widget-text-editor\" data-id=\"6df10b6\" data-element_type=\"widget\" data-widget_type=\"text-editor.default\">\n\t\t\t\t<div class=\"elementor-widget-container\">\n\t\t\t\t\t\t\t\t\t<p>\u00dcberall auf der Insel k\u00f6nnen Sie Weihnachtsm\u00e4rkte mit Musik, Unterhaltung, Kunsthandwerk, typischer Gastronomie der Saison und vielem mehr finden. Das sind sehr interessante Unternehmungen f\u00fcr die ganze Familie, sowohl tags\u00fcber als auch abends, bei denen man ein wenig mehr \u00fcber die Traditionen der Insel erfahren kann.<\/p>\t\t\t\t\t\t\t\t<\/div>\n\t\t\t\t<\/div>\n\t\t\t\t\t<\/div>\n\t\t<\/div>\n\t\t\t\t<div class=\"elementor-column elementor-col-50 elementor-top-column elementor-element elementor-element-7f7f74e\" data-id=\"7f7f74e\" data-element_type=\"column\">\n\t\t\t<div class=\"elementor-widget-wrap elementor-element-populated\">\n\t\t\t\t\t\t<div class=\"elementor-element elementor-element-1e390cf elementor-widget elementor-widget-heading\" data-id=\"1e390cf\" data-element_type=\"widget\" data-widget_type=\"heading.default\">\n\t\t\t\t<div class=\"elementor-widget-container\">\n\t\t\t\t\t<h3 class=\"elementor-heading-title elementor-size-default\">Tauchen mit Haien\n<\/h3>\t\t\t\t<\/div>\n\t\t\t\t<\/div>\n\t\t\t\t<div class=\"elementor-element elementor-element-775cfff elementor-widget elementor-widget-text-editor\" data-id=\"775cfff\" data-element_type=\"widget\" data-widget_type=\"text-editor.default\">\n\t\t\t\t<div class=\"elementor-widget-container\">\n\t\t\t\t\t\t\t\t\t<p>Tauchen auf den Kanarischen Inseln ist ein fantastisches Erlebnis, das aufgrund der Qualit\u00e4t der Gew\u00e4sser und der in dieser Region vorhandenen Artenvielfalt Menschen aus der ganzen Welt anzieht. Im Dezember kommt ein ganz besonderer Besucher nach Gran Canaria: der vom Aussterben bedrohte Engelhai. Da diese Aktivit\u00e4t zu dieser Jahreszeit sehr beliebt ist, empfiehlt es sich, einen Ausflug im Voraus zu buchen.<\/p>\t\t\t\t\t\t\t\t<\/div>\n\t\t\t\t<\/div>\n\t\t\t\t\t<\/div>\n\t\t<\/div>\n\t\t\t\t\t<\/div>\n\t\t<\/section>\n\t\t\t\t<section class=\"elementor-section elementor-top-section elementor-element elementor-element-9598eb elementor-section-boxed elementor-section-height-default elementor-section-height-default\" data-id=\"9598eb\" data-element_type=\"section\">\n\t\t\t\t\t\t<div class=\"elementor-container elementor-column-gap-default\">\n\t\t\t\t\t<div class=\"elementor-column elementor-col-100 elementor-top-column elementor-element elementor-element-67795289\" data-id=\"67795289\" data-element_type=\"column\">\n\t\t\t<div class=\"elementor-widget-wrap elementor-element-populated\">\n\t\t\t\t\t\t<div class=\"elementor-element elementor-element-1480988 elementor-widget elementor-widget-image\" data-id=\"1480988\" data-element_type=\"widget\" data-widget_type=\"image.default\">\n\t\t\t\t<div class=\"elementor-widget-container\">\n\t\t\t\t\t\t\t\t\t\t\t\t\t\t\t<img fetchpriority=\"high\" decoding=\"async\" width=\"1254\" height=\"627\" src=\"https:\/\/www.grancanariastays.com\/blog\/wp-content\/uploads\/2024\/10\/tiempo-diciembre-canarias.jpg\" class=\"attachment-full size-full wp-image-4709\" alt=\"tiempo-diciembre-canarias\" srcset=\"https:\/\/www.grancanariastays.com\/blog\/wp-content\/uploads\/2024\/10\/tiempo-diciembre-canarias.jpg 1254w, https:\/\/www.grancanariastays.com\/blog\/wp-content\/uploads\/2024\/10\/tiempo-diciembre-canarias-768x384.jpg 768w\" sizes=\"(max-width: 1254px) 100vw, 1254px\" \/>\t\t\t\t\t\t\t\t\t\t\t\t\t\t\t<\/div>\n\t\t\t\t<\/div>\n\t\t\t\t\t<\/div>\n\t\t<\/div>\n\t\t\t\t\t<\/div>\n\t\t<\/section>\n\t\t\t\t<section class=\"elementor-section elementor-top-section elementor-element elementor-element-6ded1f5 elementor-section-boxed elementor-section-height-default elementor-section-height-default\" data-id=\"6ded1f5\" data-element_type=\"section\">\n\t\t\t\t\t\t<div class=\"elementor-container elementor-column-gap-default\">\n\t\t\t\t\t<div class=\"elementor-column elementor-col-100 elementor-top-column elementor-element elementor-element-412ea23\" data-id=\"412ea23\" data-element_type=\"column\">\n\t\t\t<div class=\"elementor-widget-wrap elementor-element-populated\">\n\t\t\t\t\t\t<div class=\"elementor-element elementor-element-ef97472 elementor-widget elementor-widget-heading\" data-id=\"ef97472\" data-element_type=\"widget\" data-widget_type=\"heading.default\">\n\t\t\t\t<div class=\"elementor-widget-container\">\n\t\t\t\t\t<h2 class=\"elementor-heading-title elementor-size-default\">Welche Kleidung man im Dezember nach Gran Canaria mitnehmen sollte\n<\/h2>\t\t\t\t<\/div>\n\t\t\t\t<\/div>\n\t\t\t\t<div class=\"elementor-element elementor-element-24b5410 elementor-widget elementor-widget-text-editor\" data-id=\"24b5410\" data-element_type=\"widget\" data-widget_type=\"text-editor.default\">\n\t\t\t\t<div class=\"elementor-widget-container\">\n\t\t\t\t\t\t\t\t\t<p>F\u00fcr einen Besuch auf Gran Canaria ist es immer ratsam, bequeme und praktische Kleidung mitzunehmen, die f\u00fcr die vielen verschiedenen Aktivit\u00e4ten auf der Insel geeignet ist. Denken Sie daran, dass Sie auf Gran Canaria die M\u00f6glichkeit haben, am selben Tag am Strand und in den Bergen zu sein.<\/p><p>Sie wissen bereits, dass Sie Ihre Badesachen mitnehmen sollten, da die Wahrscheinlichkeit von Sonnentagen sehr hoch ist, aber bringen Sie auch etwas f\u00fcr die k\u00fchleren Tageszeiten und f\u00fcr Ihre Besuche in Bergd\u00f6rfern, H\u00f6hlen und anderen Gegenden mit, in denen die Temperaturen nicht so hei\u00df sind. Die Temperaturen auf Gran Canaria sind im Dezember sehr angenehm, obwohl es in den h\u00f6heren Lagen sehr kalt werden kann. Nehmen Sie auch bequeme Wanderschuhe mit, um die wunderbare Natur Gran Canarias zu genie\u00dfen, wie zum Beispiel den Roque Nublo oder den Aussichtspunkt Pico de las Nieves im Herzen des Biosph\u00e4renreservats.<\/p>\t\t\t\t\t\t\t\t<\/div>\n\t\t\t\t<\/div>\n\t\t\t\t\t<\/div>\n\t\t<\/div>\n\t\t\t\t\t<\/div>\n\t\t<\/section>\n\t\t\t\t<section class=\"elementor-section elementor-top-section elementor-element elementor-element-a72c889 elementor-section-boxed elementor-section-height-default elementor-section-height-default\" data-id=\"a72c889\" data-element_type=\"section\">\n\t\t\t\t\t\t<div class=\"elementor-container elementor-column-gap-default\">\n\t\t\t\t\t<div class=\"elementor-column elementor-col-100 elementor-top-column elementor-element elementor-element-aaba5aa\" data-id=\"aaba5aa\" data-element_type=\"column\">\n\t\t\t<div class=\"elementor-widget-wrap elementor-element-populated\">\n\t\t\t\t\t\t<div class=\"elementor-element elementor-element-dac6872 elementor-widget elementor-widget-heading\" data-id=\"dac6872\" data-element_type=\"widget\" data-widget_type=\"heading.default\">\n\t\t\t\t<div class=\"elementor-widget-container\">\n\t\t\t\t\t<h2 class=\"elementor-heading-title elementor-size-default\">Tipps zum Genie\u00dfen von Gran Canaria im Dezember\n<\/h2>\t\t\t\t<\/div>\n\t\t\t\t<\/div>\n\t\t\t\t<div class=\"elementor-element elementor-element-95b85ea elementor-widget elementor-widget-text-editor\" data-id=\"95b85ea\" data-element_type=\"widget\" data-widget_type=\"text-editor.default\">\n\t\t\t\t<div class=\"elementor-widget-container\">\n\t\t\t\t\t\t\t\t\t<p>Der wichtigste Rat, den wir Ihnen geben k\u00f6nnen, ist, Ihre Zeit auf Gran Canaria optimal zu nutzen, egal zu welcher Jahreszeit. Wir m\u00f6chten Ihnen aber auch einige spezifischere Tipps geben, damit Sie das Beste aus dieser magischen Insel herausholen k\u00f6nnen:<\/p>\t\t\t\t\t\t\t\t<\/div>\n\t\t\t\t<\/div>\n\t\t\t\t\t<\/div>\n\t\t<\/div>\n\t\t\t\t\t<\/div>\n\t\t<\/section>\n\t\t\t\t<section class=\"elementor-section elementor-top-section elementor-element elementor-element-a42620c elementor-section-boxed elementor-section-height-default elementor-section-height-default\" data-id=\"a42620c\" data-element_type=\"section\">\n\t\t\t\t\t\t<div class=\"elementor-container elementor-column-gap-default\">\n\t\t\t\t\t<div class=\"elementor-column elementor-col-50 elementor-top-column elementor-element elementor-element-1b86738\" data-id=\"1b86738\" data-element_type=\"column\">\n\t\t\t<div class=\"elementor-widget-wrap elementor-element-populated\">\n\t\t\t\t\t\t<div class=\"elementor-element elementor-element-bb47ac3 elementor-widget elementor-widget-heading\" data-id=\"bb47ac3\" data-element_type=\"widget\" data-widget_type=\"heading.default\">\n\t\t\t\t<div class=\"elementor-widget-container\">\n\t\t\t\t\t<h3 class=\"elementor-heading-title elementor-size-default\">Ein Auto mieten und die Insel im eigenen Tempo entdecken\n<\/h3>\t\t\t\t<\/div>\n\t\t\t\t<\/div>\n\t\t\t\t<div class=\"elementor-element elementor-element-35193cd elementor-widget elementor-widget-text-editor\" data-id=\"35193cd\" data-element_type=\"widget\" data-widget_type=\"text-editor.default\">\n\t\t\t\t<div class=\"elementor-widget-container\">\n\t\t\t\t\t\t\t\t\t<p>Die beste Art, sich auf der Insel fortzubewegen, ist mit dem Auto, denn die wichtigsten St\u00e4dte sind gut miteinander verbunden und die Stra\u00dfen sind von guter Qualit\u00e4t und sicher. So k\u00f6nnen Sie in Ihrem eigenen Tempo reisen und ganz einfach die gesamte Insel kennenlernen.<\/p>\t\t\t\t\t\t\t\t<\/div>\n\t\t\t\t<\/div>\n\t\t\t\t\t<\/div>\n\t\t<\/div>\n\t\t\t\t<div class=\"elementor-column elementor-col-50 elementor-top-column elementor-element elementor-element-b91ed88\" data-id=\"b91ed88\" data-element_type=\"column\">\n\t\t\t<div class=\"elementor-widget-wrap elementor-element-populated\">\n\t\t\t\t\t\t<div class=\"elementor-element elementor-element-da783fe elementor-widget elementor-widget-heading\" data-id=\"da783fe\" data-element_type=\"widget\" data-widget_type=\"heading.default\">\n\t\t\t\t<div class=\"elementor-widget-container\">\n\t\t\t\t\t<h3 class=\"elementor-heading-title elementor-size-default\">Unterkunft und Aktivit\u00e4ten im Voraus buchen\n<\/h3>\t\t\t\t<\/div>\n\t\t\t\t<\/div>\n\t\t\t\t<div class=\"elementor-element elementor-element-f7efb7d elementor-widget elementor-widget-text-editor\" data-id=\"f7efb7d\" data-element_type=\"widget\" data-widget_type=\"text-editor.default\">\n\t\t\t\t<div class=\"elementor-widget-container\">\n\t\t\t\t\t\t\t\t\t<p>Da die Kanarischen Inseln ein hervorragendes Reiseziel sind, ist es nur nat\u00fcrlich, dass die Preise zu bestimmten Zeiten des Jahres steigen, und je n\u00e4her Sie den Terminen kommen, desto teurer wird es. Wenn Sie so viel wie m\u00f6glich im Voraus buchen, k\u00f6nnen Sie \u00fcberh\u00f6hte Kosten vermeiden.<\/p>\t\t\t\t\t\t\t\t<\/div>\n\t\t\t\t<\/div>\n\t\t\t\t\t<\/div>\n\t\t<\/div>\n\t\t\t\t\t<\/div>\n\t\t<\/section>\n\t\t\t\t<section class=\"elementor-section elementor-top-section elementor-element elementor-element-21539f1 elementor-section-boxed elementor-section-height-default elementor-section-height-default\" data-id=\"21539f1\" data-element_type=\"section\">\n\t\t\t\t\t\t<div class=\"elementor-container elementor-column-gap-default\">\n\t\t\t\t\t<div class=\"elementor-column elementor-col-100 elementor-top-column elementor-element elementor-element-0f7d1fc\" data-id=\"0f7d1fc\" data-element_type=\"column\">\n\t\t\t<div class=\"elementor-widget-wrap elementor-element-populated\">\n\t\t\t\t\t\t<div class=\"elementor-element elementor-element-391db4f elementor-widget elementor-widget-image\" data-id=\"391db4f\" data-element_type=\"widget\" data-widget_type=\"image.default\">\n\t\t\t\t<div class=\"elementor-widget-container\">\n\t\t\t\t\t\t\t\t\t\t\t\t\t\t\t<img decoding=\"async\" width=\"1254\" height=\"627\" src=\"https:\/\/www.grancanariastays.com\/blog\/wp-content\/uploads\/2024\/10\/diciembre-gran-canaria.jpg\" class=\"attachment-full size-full wp-image-4718\" alt=\"diciembre gran canaria\" srcset=\"https:\/\/www.grancanariastays.com\/blog\/wp-content\/uploads\/2024\/10\/diciembre-gran-canaria.jpg 1254w, https:\/\/www.grancanariastays.com\/blog\/wp-content\/uploads\/2024\/10\/diciembre-gran-canaria-768x384.jpg 768w\" sizes=\"(max-width: 1254px) 100vw, 1254px\" \/>\t\t\t\t\t\t\t\t\t\t\t\t\t\t\t<\/div>\n\t\t\t\t<\/div>\n\t\t\t\t\t<\/div>\n\t\t<\/div>\n\t\t\t\t\t<\/div>\n\t\t<\/section>\n\t\t\t\t<section class=\"elementor-section elementor-top-section elementor-element elementor-element-5fe98c35 elementor-section-boxed elementor-section-height-default elementor-section-height-default\" data-id=\"5fe98c35\" data-element_type=\"section\">\n\t\t\t\t\t\t<div class=\"elementor-container elementor-column-gap-default\">\n\t\t\t\t\t<div class=\"elementor-column elementor-col-100 elementor-top-column elementor-element elementor-element-1e567153\" data-id=\"1e567153\" data-element_type=\"column\">\n\t\t\t<div class=\"elementor-widget-wrap elementor-element-populated\">\n\t\t\t\t\t\t<div class=\"elementor-element elementor-element-656d4f4a elementor-widget elementor-widget-heading\" data-id=\"656d4f4a\" data-element_type=\"widget\" data-widget_type=\"heading.default\">\n\t\t\t\t<div class=\"elementor-widget-container\">\n\t\t\t\t\t<h2 class=\"elementor-heading-title elementor-size-default\">Gran Canaria erwartet Sie das ganze Jahr \u00fcber\n<\/h2>\t\t\t\t<\/div>\n\t\t\t\t<\/div>\n\t\t\t\t<div class=\"elementor-element elementor-element-1bda9ed2 elementor-widget elementor-widget-text-editor\" data-id=\"1bda9ed2\" data-element_type=\"widget\" data-widget_type=\"text-editor.default\">\n\t\t\t\t<div class=\"elementor-widget-container\">\n\t\t\t\t\t\t\t\t\t<p>Wenn Sie im Dezember eine Reise nach Gran Canaria planen, sollten Sie bedenken, dass die N\u00e4he der Insel zur afrikanischen K\u00fcste und zum \u00c4quator f\u00fcr fantastische Temperaturen sorgt. Das bedeutet, dass Sie all die guten Dinge genie\u00dfen k\u00f6nnen, die Sie auf einer der wichtigsten Kanarischen Inseln erwarten, und das mit weniger Menschen: charmante D\u00f6rfer, Natur in ihrer reinsten Form, historische Denkm\u00e4ler, exquisite Gastronomie und vieles mehr. Z\u00f6gern Sie nicht und kommen Sie nach Gran Canaria, auch wenn es im Dezember ist.<\/p><p>Finden Sie jetzt Ihre ideale Unterkunft bei Gran Canaria Stays und machen Sie den ersten Schritt zu einem unvergesslichen Urlaub auf einer der spektakul\u00e4rsten Inseln. Hier finden Sie eine wunderbare Auswahl an Apartments, Bungalows, H\u00e4usern, Villen und Studios f\u00fcr Ihre Familie, Ihre Gruppe von Freunden oder f\u00fcr einen romantischen Kurzurlaub zu zweit. Die Unterk\u00fcnfte befinden sich in verschiedenen Gebieten der Insel, so dass Sie in der N\u00e4he dessen sein k\u00f6nnen, was Sie am meisten interessiert. Worauf warten Sie noch, um das Paradies zu genie\u00dfen?<\/p>\t\t\t\t\t\t\t\t<\/div>\n\t\t\t\t<\/div>\n\t\t\t\t\t<\/div>\n\t\t<\/div>\n\t\t\t\t\t<\/div>\n\t\t<\/section>\n\t\t\t\t<section class=\"elementor-section elementor-top-section elementor-element elementor-element-2f02def7 elementor-section-boxed elementor-section-height-default elementor-section-height-default\" data-id=\"2f02def7\" data-element_type=\"section\">\n\t\t\t\t\t\t<div class=\"elementor-container elementor-column-gap-default\">\n\t\t\t\t\t<div class=\"elementor-column elementor-col-33 elementor-top-column elementor-element elementor-element-3a86c096\" data-id=\"3a86c096\" data-element_type=\"column\">\n\t\t\t<div class=\"elementor-widget-wrap elementor-element-populated\">\n\t\t\t\t\t\t<div class=\"elementor-element elementor-element-45499564 elementor-align-center elementor-widget elementor-widget-button\" data-id=\"45499564\" data-element_type=\"widget\" data-widget_type=\"button.default\">\n\t\t\t\t<div class=\"elementor-widget-container\">\n\t\t\t\t\t\t\t\t\t<div class=\"elementor-button-wrapper\">\n\t\t\t\t\t<a class=\"elementor-button elementor-button-link elementor-size-sm\" href=\"https:\/\/www.grancanariastays.com\/de\/vermietung\/vermietungen-gran-canaria-e77\/\" target=\"_blank\">\n\t\t\t\t\t\t<span class=\"elementor-button-content-wrapper\">\n\t\t\t\t\t\t\t\t\t<span class=\"elementor-button-text\">Ferienhaus Gran Canaria<\/span>\n\t\t\t\t\t<\/span>\n\t\t\t\t\t<\/a>\n\t\t\t\t<\/div>\n\t\t\t\t\t\t\t\t<\/div>\n\t\t\t\t<\/div>\n\t\t\t\t\t<\/div>\n\t\t<\/div>\n\t\t\t\t<div class=\"elementor-column elementor-col-33 elementor-top-column elementor-element elementor-element-6ed52364\" data-id=\"6ed52364\" data-element_type=\"column\">\n\t\t\t<div class=\"elementor-widget-wrap elementor-element-populated\">\n\t\t\t\t\t\t<div class=\"elementor-element elementor-element-68c3f27b elementor-align-center elementor-widget elementor-widget-button\" data-id=\"68c3f27b\" data-element_type=\"widget\" data-widget_type=\"button.default\">\n\t\t\t\t<div class=\"elementor-widget-container\">\n\t\t\t\t\t\t\t\t\t<div class=\"elementor-button-wrapper\">\n\t\t\t\t\t<a class=\"elementor-button elementor-button-link elementor-size-sm\" href=\"https:\/\/www.grancanariastays.com\/de\/vermietung\/ferienhauser-gran-canaria-c19e77\/\" target=\"_blank\">\n\t\t\t\t\t\t<span class=\"elementor-button-content-wrapper\">\n\t\t\t\t\t\t\t\t\t<span class=\"elementor-button-text\">Haus Gran Canaria<\/span>\n\t\t\t\t\t<\/span>\n\t\t\t\t\t<\/a>\n\t\t\t\t<\/div>\n\t\t\t\t\t\t\t\t<\/div>\n\t\t\t\t<\/div>\n\t\t\t\t\t<\/div>\n\t\t<\/div>\n\t\t\t\t<div class=\"elementor-column elementor-col-33 elementor-top-column elementor-element elementor-element-726d41c5\" data-id=\"726d41c5\" data-element_type=\"column\">\n\t\t\t<div class=\"elementor-widget-wrap elementor-element-populated\">\n\t\t\t\t\t\t<div class=\"elementor-element elementor-element-6f4b1ca1 elementor-align-center elementor-widget elementor-widget-button\" data-id=\"6f4b1ca1\" data-element_type=\"widget\" data-widget_type=\"button.default\">\n\t\t\t\t<div class=\"elementor-widget-container\">\n\t\t\t\t\t\t\t\t\t<div class=\"elementor-button-wrapper\">\n\t\t\t\t\t<a class=\"elementor-button elementor-button-link elementor-size-sm\" href=\"https:\/\/www.grancanariastays.com\/de\/vermietung\/villen-gran-canaria-c2e77\/\" target=\"_blank\">\n\t\t\t\t\t\t<span class=\"elementor-button-content-wrapper\">\n\t\t\t\t\t\t\t\t\t<span class=\"elementor-button-text\">Villas Gran Canaria<\/span>\n\t\t\t\t\t<\/span>\n\t\t\t\t\t<\/a>\n\t\t\t\t<\/div>\n\t\t\t\t\t\t\t\t<\/div>\n\t\t\t\t<\/div>\n\t\t\t\t\t<\/div>\n\t\t<\/div>\n\t\t\t\t\t<\/div>\n\t\t<\/section>\n\t\t\t\t<\/div>\n\t\t","protected":false},"excerpt":{"rendered":"<p>Das ist die Millionen-Dollar-Frage, und die Antwort lautet: Ja, Sie k\u00f6nnen im Dezember nach Gran Canaria reisen. Wenn Sie es vorziehen, in einer ruhigeren und weniger \u00fcberf\u00fcllten Umgebung zu reisen, ist dieser Monat eine fantastische Option f\u00fcr Sie. Obwohl das Wetter nicht so hei\u00df ist wie im Sommer, sind die Temperaturen auf Gran Canaria im [&hellip;]<\/p>\n","protected":false},"author":3,"featured_media":4715,"comment_status":"open","ping_status":"open","sticky":false,"template":"","format":"standard","meta":{"footnotes":""},"categories":[105],"tags":[],"class_list":["post-5089","post","type-post","status-publish","format-standard","has-post-thumbnail","hentry","category-wetter"],"yoast_head":"<!-- This site is optimized with the Yoast SEO plugin v25.1 - https:\/\/yoast.com\/wordpress\/plugins\/seo\/ -->\n<title>Aktivit\u00e4ten auf Gran Canaria im Dezember | Gran Canaria Stays<\/title>\n<meta name=\"description\" content=\"Finden Sie heraus, was Sie im Dezember auf Gran Canaria unternehmen k\u00f6nnen. Machen Sie sich bereit f\u00fcr einen perfekten Urlaub.\" \/>\n<meta name=\"robots\" content=\"index, follow, max-snippet:-1, max-image-preview:large, max-video-preview:-1\" \/>\n<link rel=\"canonical\" href=\"https:\/\/www.grancanariastays.com\/blog\/de\/die-besten-aktivitaten-auf-gran-canaria-im-dezember\/\" \/>\n<meta property=\"og:locale\" content=\"de_DE\" \/>\n<meta property=\"og:type\" content=\"article\" \/>\n<meta property=\"og:title\" content=\"Aktivit\u00e4ten auf Gran Canaria im Dezember | Gran Canaria Stays\" \/>\n<meta property=\"og:description\" content=\"Finden Sie heraus, was Sie im Dezember auf Gran Canaria unternehmen k\u00f6nnen. Machen Sie sich bereit f\u00fcr einen perfekten Urlaub.\" \/>\n<meta property=\"og:url\" content=\"https:\/\/www.grancanariastays.com\/blog\/de\/die-besten-aktivitaten-auf-gran-canaria-im-dezember\/\" \/>\n<meta property=\"og:site_name\" content=\"Gran Canaria | Blog\" \/>\n<meta property=\"article:publisher\" content=\"https:\/\/www.facebook.com\/Grancanariastays\" \/>\n<meta property=\"article:published_time\" content=\"2024-10-25T08:29:01+00:00\" \/>\n<meta property=\"article:modified_time\" content=\"2025-05-29T10:45:52+00:00\" \/>\n<meta property=\"og:image\" content=\"https:\/\/www.grancanariastays.com\/blog\/wp-content\/uploads\/2024\/10\/gran-canaria-diciembre.jpg\" \/>\n\t<meta property=\"og:image:width\" content=\"1920\" \/>\n\t<meta property=\"og:image:height\" content=\"594\" \/>\n\t<meta property=\"og:image:type\" content=\"image\/jpeg\" \/>\n<meta name=\"author\" content=\"digitalservices@avantio.com\" \/>\n<meta name=\"twitter:card\" content=\"summary_large_image\" \/>\n<meta name=\"twitter:label1\" content=\"Written by\" \/>\n\t<meta name=\"twitter:data1\" content=\"digitalservices@avantio.com\" \/>\n\t<meta name=\"twitter:label2\" content=\"Est. reading time\" \/>\n\t<meta name=\"twitter:data2\" content=\"6 minutes\" \/>\n<script type=\"application\/ld+json\" class=\"yoast-schema-graph\">{\"@context\":\"https:\/\/schema.org\",\"@graph\":[{\"@type\":\"Article\",\"@id\":\"https:\/\/www.grancanariastays.com\/blog\/de\/die-besten-aktivitaten-auf-gran-canaria-im-dezember\/#article\",\"isPartOf\":{\"@id\":\"https:\/\/www.grancanariastays.com\/blog\/de\/die-besten-aktivitaten-auf-gran-canaria-im-dezember\/\"},\"author\":{\"name\":\"digitalservices@avantio.com\",\"@id\":\"https:\/\/www.grancanariastays.com\/blog\/#\/schema\/person\/35f7856bb384d1ebae2b3aa592e46d5f\"},\"headline\":\"Die besten Aktivit\u00e4ten auf Gran Canaria im Dezember\",\"datePublished\":\"2024-10-25T08:29:01+00:00\",\"dateModified\":\"2025-05-29T10:45:52+00:00\",\"mainEntityOfPage\":{\"@id\":\"https:\/\/www.grancanariastays.com\/blog\/de\/die-besten-aktivitaten-auf-gran-canaria-im-dezember\/\"},\"wordCount\":1065,\"commentCount\":0,\"publisher\":{\"@id\":\"https:\/\/www.grancanariastays.com\/blog\/#organization\"},\"image\":{\"@id\":\"https:\/\/www.grancanariastays.com\/blog\/de\/die-besten-aktivitaten-auf-gran-canaria-im-dezember\/#primaryimage\"},\"thumbnailUrl\":\"https:\/\/www.grancanariastays.com\/blog\/wp-content\/uploads\/2024\/10\/gran-canaria-diciembre.jpg\",\"articleSection\":[\"Wetter\"],\"inLanguage\":\"de\",\"potentialAction\":[{\"@type\":\"CommentAction\",\"name\":\"Comment\",\"target\":[\"https:\/\/www.grancanariastays.com\/blog\/de\/die-besten-aktivitaten-auf-gran-canaria-im-dezember\/#respond\"]}]},{\"@type\":\"WebPage\",\"@id\":\"https:\/\/www.grancanariastays.com\/blog\/de\/die-besten-aktivitaten-auf-gran-canaria-im-dezember\/\",\"url\":\"https:\/\/www.grancanariastays.com\/blog\/de\/die-besten-aktivitaten-auf-gran-canaria-im-dezember\/\",\"name\":\"Aktivit\u00e4ten auf Gran Canaria im Dezember | Gran Canaria Stays\",\"isPartOf\":{\"@id\":\"https:\/\/www.grancanariastays.com\/blog\/#website\"},\"primaryImageOfPage\":{\"@id\":\"https:\/\/www.grancanariastays.com\/blog\/de\/die-besten-aktivitaten-auf-gran-canaria-im-dezember\/#primaryimage\"},\"image\":{\"@id\":\"https:\/\/www.grancanariastays.com\/blog\/de\/die-besten-aktivitaten-auf-gran-canaria-im-dezember\/#primaryimage\"},\"thumbnailUrl\":\"https:\/\/www.grancanariastays.com\/blog\/wp-content\/uploads\/2024\/10\/gran-canaria-diciembre.jpg\",\"datePublished\":\"2024-10-25T08:29:01+00:00\",\"dateModified\":\"2025-05-29T10:45:52+00:00\",\"description\":\"Finden Sie heraus, was Sie im Dezember auf Gran Canaria unternehmen k\u00f6nnen. Machen Sie sich bereit f\u00fcr einen perfekten Urlaub.\",\"breadcrumb\":{\"@id\":\"https:\/\/www.grancanariastays.com\/blog\/de\/die-besten-aktivitaten-auf-gran-canaria-im-dezember\/#breadcrumb\"},\"inLanguage\":\"de\",\"potentialAction\":[{\"@type\":\"ReadAction\",\"target\":[\"https:\/\/www.grancanariastays.com\/blog\/de\/die-besten-aktivitaten-auf-gran-canaria-im-dezember\/\"]}]},{\"@type\":\"ImageObject\",\"inLanguage\":\"de\",\"@id\":\"https:\/\/www.grancanariastays.com\/blog\/de\/die-besten-aktivitaten-auf-gran-canaria-im-dezember\/#primaryimage\",\"url\":\"https:\/\/www.grancanariastays.com\/blog\/wp-content\/uploads\/2024\/10\/gran-canaria-diciembre.jpg\",\"contentUrl\":\"https:\/\/www.grancanariastays.com\/blog\/wp-content\/uploads\/2024\/10\/gran-canaria-diciembre.jpg\",\"width\":1920,\"height\":594,\"caption\":\"gran canaria diciembre\"},{\"@type\":\"BreadcrumbList\",\"@id\":\"https:\/\/www.grancanariastays.com\/blog\/de\/die-besten-aktivitaten-auf-gran-canaria-im-dezember\/#breadcrumb\",\"itemListElement\":[{\"@type\":\"ListItem\",\"position\":1,\"name\":\"Portada\",\"item\":\"https:\/\/www.grancanariastays.com\/blog\/\"},{\"@type\":\"ListItem\",\"position\":2,\"name\":\"Die besten Aktivit\u00e4ten auf Gran Canaria im Dezember\"}]},{\"@type\":\"WebSite\",\"@id\":\"https:\/\/www.grancanariastays.com\/blog\/#website\",\"url\":\"https:\/\/www.grancanariastays.com\/blog\/\",\"name\":\"Gran Canaria Stays\",\"description\":\"\",\"publisher\":{\"@id\":\"https:\/\/www.grancanariastays.com\/blog\/#organization\"},\"potentialAction\":[{\"@type\":\"SearchAction\",\"target\":{\"@type\":\"EntryPoint\",\"urlTemplate\":\"https:\/\/www.grancanariastays.com\/blog\/?s={search_term_string}\"},\"query-input\":{\"@type\":\"PropertyValueSpecification\",\"valueRequired\":true,\"valueName\":\"search_term_string\"}}],\"inLanguage\":\"de\"},{\"@type\":\"Organization\",\"@id\":\"https:\/\/www.grancanariastays.com\/blog\/#organization\",\"name\":\"Gran Canaria Stays\",\"url\":\"https:\/\/www.grancanariastays.com\/blog\/\",\"logo\":{\"@type\":\"ImageObject\",\"inLanguage\":\"de\",\"@id\":\"https:\/\/www.grancanariastays.com\/blog\/#\/schema\/logo\/image\/\",\"url\":\"https:\/\/www.grancanariastays.com\/blog\/wp-content\/uploads\/2024\/01\/logo-gran-canaria-stays.png\",\"contentUrl\":\"https:\/\/www.grancanariastays.com\/blog\/wp-content\/uploads\/2024\/01\/logo-gran-canaria-stays.png\",\"width\":300,\"height\":112,\"caption\":\"Gran Canaria Stays\"},\"image\":{\"@id\":\"https:\/\/www.grancanariastays.com\/blog\/#\/schema\/logo\/image\/\"},\"sameAs\":[\"https:\/\/www.facebook.com\/Grancanariastays\",\"https:\/\/www.instagram.com\/grancanariastays\/\"]},{\"@type\":\"Person\",\"@id\":\"https:\/\/www.grancanariastays.com\/blog\/#\/schema\/person\/35f7856bb384d1ebae2b3aa592e46d5f\",\"name\":\"digitalservices@avantio.com\",\"image\":{\"@type\":\"ImageObject\",\"inLanguage\":\"de\",\"@id\":\"https:\/\/www.grancanariastays.com\/blog\/#\/schema\/person\/image\/\",\"url\":\"https:\/\/secure.gravatar.com\/avatar\/af30f88a1904294c1f3eb09a9d7903eec4ffa18fa2cf40c28a8681014ecdfc20?s=96&d=mm&r=g\",\"contentUrl\":\"https:\/\/secure.gravatar.com\/avatar\/af30f88a1904294c1f3eb09a9d7903eec4ffa18fa2cf40c28a8681014ecdfc20?s=96&d=mm&r=g\",\"caption\":\"digitalservices@avantio.com\"},\"url\":\"https:\/\/www.grancanariastays.com\/blog\/de\/author\/digitalservicesavantio-com\/\"}]}<\/script>\n<!-- \/ Yoast SEO plugin. -->","yoast_head_json":{"title":"Aktivit\u00e4ten auf Gran Canaria im Dezember | Gran Canaria Stays","description":"Finden Sie heraus, was Sie im Dezember auf Gran Canaria unternehmen k\u00f6nnen. Machen Sie sich bereit f\u00fcr einen perfekten Urlaub.","robots":{"index":"index","follow":"follow","max-snippet":"max-snippet:-1","max-image-preview":"max-image-preview:large","max-video-preview":"max-video-preview:-1"},"canonical":"https:\/\/www.grancanariastays.com\/blog\/de\/die-besten-aktivitaten-auf-gran-canaria-im-dezember\/","og_locale":"de_DE","og_type":"article","og_title":"Aktivit\u00e4ten auf Gran Canaria im Dezember | Gran Canaria Stays","og_description":"Finden Sie heraus, was Sie im Dezember auf Gran Canaria unternehmen k\u00f6nnen. Machen Sie sich bereit f\u00fcr einen perfekten Urlaub.","og_url":"https:\/\/www.grancanariastays.com\/blog\/de\/die-besten-aktivitaten-auf-gran-canaria-im-dezember\/","og_site_name":"Gran Canaria | Blog","article_publisher":"https:\/\/www.facebook.com\/Grancanariastays","article_published_time":"2024-10-25T08:29:01+00:00","article_modified_time":"2025-05-29T10:45:52+00:00","og_image":[{"width":1920,"height":594,"url":"https:\/\/www.grancanariastays.com\/blog\/wp-content\/uploads\/2024\/10\/gran-canaria-diciembre.jpg","type":"image\/jpeg"}],"author":"digitalservices@avantio.com","twitter_card":"summary_large_image","twitter_misc":{"Written by":"digitalservices@avantio.com","Est. reading time":"6 minutes"},"schema":{"@context":"https:\/\/schema.org","@graph":[{"@type":"Article","@id":"https:\/\/www.grancanariastays.com\/blog\/de\/die-besten-aktivitaten-auf-gran-canaria-im-dezember\/#article","isPartOf":{"@id":"https:\/\/www.grancanariastays.com\/blog\/de\/die-besten-aktivitaten-auf-gran-canaria-im-dezember\/"},"author":{"name":"digitalservices@avantio.com","@id":"https:\/\/www.grancanariastays.com\/blog\/#\/schema\/person\/35f7856bb384d1ebae2b3aa592e46d5f"},"headline":"Die besten Aktivit\u00e4ten auf Gran Canaria im Dezember","datePublished":"2024-10-25T08:29:01+00:00","dateModified":"2025-05-29T10:45:52+00:00","mainEntityOfPage":{"@id":"https:\/\/www.grancanariastays.com\/blog\/de\/die-besten-aktivitaten-auf-gran-canaria-im-dezember\/"},"wordCount":1065,"commentCount":0,"publisher":{"@id":"https:\/\/www.grancanariastays.com\/blog\/#organization"},"image":{"@id":"https:\/\/www.grancanariastays.com\/blog\/de\/die-besten-aktivitaten-auf-gran-canaria-im-dezember\/#primaryimage"},"thumbnailUrl":"https:\/\/www.grancanariastays.com\/blog\/wp-content\/uploads\/2024\/10\/gran-canaria-diciembre.jpg","articleSection":["Wetter"],"inLanguage":"de","potentialAction":[{"@type":"CommentAction","name":"Comment","target":["https:\/\/www.grancanariastays.com\/blog\/de\/die-besten-aktivitaten-auf-gran-canaria-im-dezember\/#respond"]}]},{"@type":"WebPage","@id":"https:\/\/www.grancanariastays.com\/blog\/de\/die-besten-aktivitaten-auf-gran-canaria-im-dezember\/","url":"https:\/\/www.grancanariastays.com\/blog\/de\/die-besten-aktivitaten-auf-gran-canaria-im-dezember\/","name":"Aktivit\u00e4ten auf Gran Canaria im Dezember | Gran Canaria Stays","isPartOf":{"@id":"https:\/\/www.grancanariastays.com\/blog\/#website"},"primaryImageOfPage":{"@id":"https:\/\/www.grancanariastays.com\/blog\/de\/die-besten-aktivitaten-auf-gran-canaria-im-dezember\/#primaryimage"},"image":{"@id":"https:\/\/www.grancanariastays.com\/blog\/de\/die-besten-aktivitaten-auf-gran-canaria-im-dezember\/#primaryimage"},"thumbnailUrl":"https:\/\/www.grancanariastays.com\/blog\/wp-content\/uploads\/2024\/10\/gran-canaria-diciembre.jpg","datePublished":"2024-10-25T08:29:01+00:00","dateModified":"2025-05-29T10:45:52+00:00","description":"Finden Sie heraus, was Sie im Dezember auf Gran Canaria unternehmen k\u00f6nnen. Machen Sie sich bereit f\u00fcr einen perfekten Urlaub.","breadcrumb":{"@id":"https:\/\/www.grancanariastays.com\/blog\/de\/die-besten-aktivitaten-auf-gran-canaria-im-dezember\/#breadcrumb"},"inLanguage":"de","potentialAction":[{"@type":"ReadAction","target":["https:\/\/www.grancanariastays.com\/blog\/de\/die-besten-aktivitaten-auf-gran-canaria-im-dezember\/"]}]},{"@type":"ImageObject","inLanguage":"de","@id":"https:\/\/www.grancanariastays.com\/blog\/de\/die-besten-aktivitaten-auf-gran-canaria-im-dezember\/#primaryimage","url":"https:\/\/www.grancanariastays.com\/blog\/wp-content\/uploads\/2024\/10\/gran-canaria-diciembre.jpg","contentUrl":"https:\/\/www.grancanariastays.com\/blog\/wp-content\/uploads\/2024\/10\/gran-canaria-diciembre.jpg","width":1920,"height":594,"caption":"gran canaria diciembre"},{"@type":"BreadcrumbList","@id":"https:\/\/www.grancanariastays.com\/blog\/de\/die-besten-aktivitaten-auf-gran-canaria-im-dezember\/#breadcrumb","itemListElement":[{"@type":"ListItem","position":1,"name":"Portada","item":"https:\/\/www.grancanariastays.com\/blog\/"},{"@type":"ListItem","position":2,"name":"Die besten Aktivit\u00e4ten auf Gran Canaria im Dezember"}]},{"@type":"WebSite","@id":"https:\/\/www.grancanariastays.com\/blog\/#website","url":"https:\/\/www.grancanariastays.com\/blog\/","name":"Gran Canaria Stays","description":"","publisher":{"@id":"https:\/\/www.grancanariastays.com\/blog\/#organization"},"potentialAction":[{"@type":"SearchAction","target":{"@type":"EntryPoint","urlTemplate":"https:\/\/www.grancanariastays.com\/blog\/?s={search_term_string}"},"query-input":{"@type":"PropertyValueSpecification","valueRequired":true,"valueName":"search_term_string"}}],"inLanguage":"de"},{"@type":"Organization","@id":"https:\/\/www.grancanariastays.com\/blog\/#organization","name":"Gran Canaria Stays","url":"https:\/\/www.grancanariastays.com\/blog\/","logo":{"@type":"ImageObject","inLanguage":"de","@id":"https:\/\/www.grancanariastays.com\/blog\/#\/schema\/logo\/image\/","url":"https:\/\/www.grancanariastays.com\/blog\/wp-content\/uploads\/2024\/01\/logo-gran-canaria-stays.png","contentUrl":"https:\/\/www.grancanariastays.com\/blog\/wp-content\/uploads\/2024\/01\/logo-gran-canaria-stays.png","width":300,"height":112,"caption":"Gran Canaria Stays"},"image":{"@id":"https:\/\/www.grancanariastays.com\/blog\/#\/schema\/logo\/image\/"},"sameAs":["https:\/\/www.facebook.com\/Grancanariastays","https:\/\/www.instagram.com\/grancanariastays\/"]},{"@type":"Person","@id":"https:\/\/www.grancanariastays.com\/blog\/#\/schema\/person\/35f7856bb384d1ebae2b3aa592e46d5f","name":"digitalservices@avantio.com","image":{"@type":"ImageObject","inLanguage":"de","@id":"https:\/\/www.grancanariastays.com\/blog\/#\/schema\/person\/image\/","url":"https:\/\/secure.gravatar.com\/avatar\/af30f88a1904294c1f3eb09a9d7903eec4ffa18fa2cf40c28a8681014ecdfc20?s=96&d=mm&r=g","contentUrl":"https:\/\/secure.gravatar.com\/avatar\/af30f88a1904294c1f3eb09a9d7903eec4ffa18fa2cf40c28a8681014ecdfc20?s=96&d=mm&r=g","caption":"digitalservices@avantio.com"},"url":"https:\/\/www.grancanariastays.com\/blog\/de\/author\/digitalservicesavantio-com\/"}]}},"_links":{"self":[{"href":"https:\/\/www.grancanariastays.com\/blog\/de\/wp-json\/wp\/v2\/posts\/5089","targetHints":{"allow":["GET"]}}],"collection":[{"href":"https:\/\/www.grancanariastays.com\/blog\/de\/wp-json\/wp\/v2\/posts"}],"about":[{"href":"https:\/\/www.grancanariastays.com\/blog\/de\/wp-json\/wp\/v2\/types\/post"}],"author":[{"embeddable":true,"href":"https:\/\/www.grancanariastays.com\/blog\/de\/wp-json\/wp\/v2\/users\/3"}],"replies":[{"embeddable":true,"href":"https:\/\/www.grancanariastays.com\/blog\/de\/wp-json\/wp\/v2\/comments?post=5089"}],"version-history":[{"count":8,"href":"https:\/\/www.grancanariastays.com\/blog\/de\/wp-json\/wp\/v2\/posts\/5089\/revisions"}],"predecessor-version":[{"id":5100,"href":"https:\/\/www.grancanariastays.com\/blog\/de\/wp-json\/wp\/v2\/posts\/5089\/revisions\/5100"}],"wp:featuredmedia":[{"embeddable":true,"href":"https:\/\/www.grancanariastays.com\/blog\/de\/wp-json\/wp\/v2\/media\/4715"}],"wp:attachment":[{"href":"https:\/\/www.grancanariastays.com\/blog\/de\/wp-json\/wp\/v2\/media?parent=5089"}],"wp:term":[{"taxonomy":"category","embeddable":true,"href":"https:\/\/www.grancanariastays.com\/blog\/de\/wp-json\/wp\/v2\/categories?post=5089"},{"taxonomy":"post_tag","embeddable":true,"href":"https:\/\/www.grancanariastays.com\/blog\/de\/wp-json\/wp\/v2\/tags?post=5089"}],"curies":[{"name":"wp","href":"https:\/\/api.w.org\/{rel}","templated":true}]}}