{"id":5187,"date":"2024-12-01T08:00:00","date_gmt":"2024-12-01T08:00:00","guid":{"rendered":"https:\/\/www.grancanariastays.com\/blog\/?p=5187"},"modified":"2025-05-29T10:37:54","modified_gmt":"2025-05-29T10:37:54","slug":"gran-canaria-zu-weihnachten-organisieren-sie-ihren-unvergesslichen-fest","status":"publish","type":"post","link":"https:\/\/www.grancanariastays.com\/blog\/de\/gran-canaria-zu-weihnachten-organisieren-sie-ihren-unvergesslichen-fest\/","title":{"rendered":"Gran Canaria zu Weihnachten: Organisieren Sie Ihren unvergesslichen Fest"},"content":{"rendered":"\t\t<div data-elementor-type=\"wp-post\" data-elementor-id=\"5187\" class=\"elementor elementor-5187 elementor-5154\" data-elementor-post-type=\"post\">\n\t\t\t\t\t\t<section class=\"elementor-section elementor-top-section elementor-element elementor-element-770d0fa elementor-section-boxed elementor-section-height-default elementor-section-height-default\" data-id=\"770d0fa\" data-element_type=\"section\">\n\t\t\t\t\t\t<div class=\"elementor-container elementor-column-gap-default\">\n\t\t\t\t\t<div class=\"elementor-column elementor-col-100 elementor-top-column elementor-element elementor-element-22daa9b\" data-id=\"22daa9b\" data-element_type=\"column\">\n\t\t\t<div class=\"elementor-widget-wrap elementor-element-populated\">\n\t\t\t\t\t\t<div class=\"elementor-element elementor-element-3a0df9e elementor-widget elementor-widget-text-editor\" data-id=\"3a0df9e\" data-element_type=\"widget\" data-widget_type=\"text-editor.default\">\n\t\t\t\t<div class=\"elementor-widget-container\">\n\t\t\t\t\t\t\t\t\t<p><span style=\"font-weight: 400;\">Gran Canaria zu Weihnachten steht f\u00fcr unvergessliche Momente in einer Umgebung voller Charme und einzigartiger Traditionen. Dieses Reiseziel kombiniert Entspannung und Feierlichkeiten perfekt und ist der ideale Ort, um eine wirklich besondere Weihnachtszeit zu erleben.<\/span><\/p><p><span style=\"font-weight: 400;\">In diesem umfassenden Reisef\u00fchrer helfen wir dir, jeden Aspekt deines Aufenthalts zu planen \u2013 von Aktivit\u00e4ten bis hin zur Unterkunft \u2013, damit du alles, was die Insel in dieser besonderen Jahreszeit zu bieten hat, in vollen Z\u00fcgen genie\u00dfen kannst. Mach dich bereit, zu entdecken, warum Gran Canaria zu Weihnachten ein unvergessliches Erlebnis wird.<\/span><\/p>\t\t\t\t\t\t\t\t<\/div>\n\t\t\t\t<\/div>\n\t\t\t\t\t<\/div>\n\t\t<\/div>\n\t\t\t\t\t<\/div>\n\t\t<\/section>\n\t\t\t\t<section class=\"elementor-section elementor-top-section elementor-element elementor-element-aba8fe9 elementor-section-boxed elementor-section-height-default elementor-section-height-default\" data-id=\"aba8fe9\" data-element_type=\"section\">\n\t\t\t\t\t\t<div class=\"elementor-container elementor-column-gap-default\">\n\t\t\t\t\t<div class=\"elementor-column elementor-col-100 elementor-top-column elementor-element elementor-element-633f8be\" data-id=\"633f8be\" data-element_type=\"column\">\n\t\t\t<div class=\"elementor-widget-wrap elementor-element-populated\">\n\t\t\t\t\t\t<div class=\"elementor-element elementor-element-bbf7602 elementor-widget elementor-widget-heading\" data-id=\"bbf7602\" data-element_type=\"widget\" data-widget_type=\"heading.default\">\n\t\t\t\t<div class=\"elementor-widget-container\">\n\t\t\t\t\t<h2 class=\"elementor-heading-title elementor-size-default\">Warum Gran Canaria zu Weihnachten besuchen?\n\n<\/h2>\t\t\t\t<\/div>\n\t\t\t\t<\/div>\n\t\t\t\t<div class=\"elementor-element elementor-element-071d3c2 elementor-widget elementor-widget-text-editor\" data-id=\"071d3c2\" data-element_type=\"widget\" data-widget_type=\"text-editor.default\">\n\t\t\t\t<div class=\"elementor-widget-container\">\n\t\t\t\t\t\t\t\t\t<p><span style=\"font-weight: 400;\">Zu Weihnachten verwandelt sich Gran Canaria in ein einzigartiges Reiseziel, das besondere Veranstaltungen mit unvergesslichen Traditionen verbindet. Entdecke die Gr\u00fcnde, warum dieser Ort auf deiner Liste f\u00fcr eine unvergessliche Weihnachtszeit stehen sollte.<\/span><\/p>\t\t\t\t\t\t\t\t<\/div>\n\t\t\t\t<\/div>\n\t\t\t\t\t<\/div>\n\t\t<\/div>\n\t\t\t\t\t<\/div>\n\t\t<\/section>\n\t\t\t\t<section class=\"elementor-section elementor-top-section elementor-element elementor-element-9817e3a elementor-section-boxed elementor-section-height-default elementor-section-height-default\" data-id=\"9817e3a\" data-element_type=\"section\">\n\t\t\t\t\t\t<div class=\"elementor-container elementor-column-gap-default\">\n\t\t\t\t\t<div class=\"elementor-column elementor-col-100 elementor-top-column elementor-element elementor-element-6fba81e\" data-id=\"6fba81e\" data-element_type=\"column\">\n\t\t\t<div class=\"elementor-widget-wrap elementor-element-populated\">\n\t\t\t\t\t\t<div class=\"elementor-element elementor-element-f0e68a8 elementor-widget elementor-widget-heading\" data-id=\"f0e68a8\" data-element_type=\"widget\" data-widget_type=\"heading.default\">\n\t\t\t\t<div class=\"elementor-widget-container\">\n\t\t\t\t\t<h3 class=\"elementor-heading-title elementor-size-default\">Weihnachtsm\u00e4rkte<\/h3>\t\t\t\t<\/div>\n\t\t\t\t<\/div>\n\t\t\t\t<div class=\"elementor-element elementor-element-4ad9204 elementor-widget elementor-widget-text-editor\" data-id=\"4ad9204\" data-element_type=\"widget\" data-widget_type=\"text-editor.default\">\n\t\t\t\t<div class=\"elementor-widget-container\">\n\t\t\t\t\t\t\t\t\t<p><span style=\"font-weight: 400;\">Die Weihnachtsm\u00e4rkte auf Gran Canaria bieten die perfekte Kombination aus festlicher Atmosph\u00e4re, lokalem Kunsthandwerk und kulinarischen K\u00f6stlichkeiten. St\u00e4dte wie Las Palmas und andere Orte auf der Insel veranstalten diese M\u00e4rkte, auf denen du traditionelle Produkte, Weihnachtsdekorationen und einzigartige handgefertigte Geschenke finden kannst. Viele M\u00e4rkte bieten au\u00dferdem Live-Musik und Aktivit\u00e4ten f\u00fcr Kinder, was sie zu einem idealen Erlebnis f\u00fcr die ganze Familie macht.<\/span><\/p>\t\t\t\t\t\t\t\t<\/div>\n\t\t\t\t<\/div>\n\t\t\t\t\t<\/div>\n\t\t<\/div>\n\t\t\t\t\t<\/div>\n\t\t<\/section>\n\t\t\t\t<section class=\"elementor-section elementor-top-section elementor-element elementor-element-6a46144 elementor-section-boxed elementor-section-height-default elementor-section-height-default\" data-id=\"6a46144\" data-element_type=\"section\">\n\t\t\t\t\t\t<div class=\"elementor-container elementor-column-gap-default\">\n\t\t\t\t\t<div class=\"elementor-column elementor-col-100 elementor-top-column elementor-element elementor-element-1b7f078\" data-id=\"1b7f078\" data-element_type=\"column\">\n\t\t\t<div class=\"elementor-widget-wrap elementor-element-populated\">\n\t\t\t\t\t\t<div class=\"elementor-element elementor-element-5fe52e5 elementor-widget elementor-widget-heading\" data-id=\"5fe52e5\" data-element_type=\"widget\" data-widget_type=\"heading.default\">\n\t\t\t\t<div class=\"elementor-widget-container\">\n\t\t\t\t\t<h3 class=\"elementor-heading-title elementor-size-default\">Silvesterkonzerte<\/h3>\t\t\t\t<\/div>\n\t\t\t\t<\/div>\n\t\t\t\t<div class=\"elementor-element elementor-element-5f25fa3 elementor-widget elementor-widget-text-editor\" data-id=\"5f25fa3\" data-element_type=\"widget\" data-widget_type=\"text-editor.default\">\n\t\t\t\t<div class=\"elementor-widget-container\">\n\t\t\t\t\t\t\t\t\t<p><span style=\"font-weight: 400;\">Was gibt es Sch\u00f6neres, als das Jahr mit Live-Musik in einer spektakul\u00e4ren Umgebung zu verabschieden? Gran Canaria organisiert Open-Air-Konzerte an ikonischen Orten wie dem Alfredo-Kraus-Auditorium, wo Besucher Auftritte von lokalen und internationalen K\u00fcnstlern genie\u00dfen k\u00f6nnen. Au\u00dferdem bieten einige Hotels und Str\u00e4nde Konzerte mit Blick auf den Ozean \u2013 eine ideale Kulisse, um stilvoll ins neue Jahr zu starten.<\/span><\/p>\t\t\t\t\t\t\t\t<\/div>\n\t\t\t\t<\/div>\n\t\t\t\t\t<\/div>\n\t\t<\/div>\n\t\t\t\t\t<\/div>\n\t\t<\/section>\n\t\t\t\t<section class=\"elementor-section elementor-top-section elementor-element elementor-element-493cb9d elementor-section-boxed elementor-section-height-default elementor-section-height-default\" data-id=\"493cb9d\" data-element_type=\"section\">\n\t\t\t\t\t\t<div class=\"elementor-container elementor-column-gap-default\">\n\t\t\t\t\t<div class=\"elementor-column elementor-col-100 elementor-top-column elementor-element elementor-element-c411acd\" data-id=\"c411acd\" data-element_type=\"column\">\n\t\t\t<div class=\"elementor-widget-wrap elementor-element-populated\">\n\t\t\t\t\t\t<div class=\"elementor-element elementor-element-5a2baba elementor-widget elementor-widget-heading\" data-id=\"5a2baba\" data-element_type=\"widget\" data-widget_type=\"heading.default\">\n\t\t\t\t<div class=\"elementor-widget-container\">\n\t\t\t\t\t<h3 class=\"elementor-heading-title elementor-size-default\">Sandkrippe<\/h3>\t\t\t\t<\/div>\n\t\t\t\t<\/div>\n\t\t\t\t<div class=\"elementor-element elementor-element-4ca9eda elementor-widget elementor-widget-text-editor\" data-id=\"4ca9eda\" data-element_type=\"widget\" data-widget_type=\"text-editor.default\">\n\t\t\t\t<div class=\"elementor-widget-container\">\n\t\t\t\t\t\t\t\t\t<p><span style=\"font-weight: 400;\">Die Sandskulpturen-Krippe ist eines der bekanntesten Symbole von Weihnachten auf Gran Canaria. Diese beeindruckende Krippe wird jedes Jahr an der Playa de Las Canteras von international renommierten K\u00fcnstlern geschaffen, die Weihnachtsszenen in atemberaubenden Sandskulpturen zum Leben erwecken. Dieses einzigartige Spektakel begeistert nicht nur durch seine Sch\u00f6nheit und Detailtreue, sondern ist auch ein gro\u00dfartiger Ort f\u00fcr Fotos, um den Weihnachtsgeist mit Freunden und Familie zu teilen.<\/span><\/p><p>Erfahren Sie <strong><a href=\"https:\/\/www.grancanariastays.com\/blog\/de\/spektakulare-sandkrippe-las-canteras\/\">alles \u00fcber die Sandkrippe Las Canteras<\/a><\/strong>.<\/p>\t\t\t\t\t\t\t\t<\/div>\n\t\t\t\t<\/div>\n\t\t\t\t\t<\/div>\n\t\t<\/div>\n\t\t\t\t\t<\/div>\n\t\t<\/section>\n\t\t\t\t<section class=\"elementor-section elementor-top-section elementor-element elementor-element-e1bf25c elementor-section-boxed elementor-section-height-default elementor-section-height-default\" data-id=\"e1bf25c\" data-element_type=\"section\">\n\t\t\t\t\t\t<div class=\"elementor-container elementor-column-gap-default\">\n\t\t\t\t\t<div class=\"elementor-column elementor-col-100 elementor-top-column elementor-element elementor-element-ecf3a8c\" data-id=\"ecf3a8c\" data-element_type=\"column\">\n\t\t\t<div class=\"elementor-widget-wrap elementor-element-populated\">\n\t\t\t\t\t\t<div class=\"elementor-element elementor-element-4df6dc8 elementor-widget elementor-widget-heading\" data-id=\"4df6dc8\" data-element_type=\"widget\" data-widget_type=\"heading.default\">\n\t\t\t\t<div class=\"elementor-widget-container\">\n\t\t\t\t\t<h3 class=\"elementor-heading-title elementor-size-default\">Kulturelle Veranstaltungen<\/h3>\t\t\t\t<\/div>\n\t\t\t\t<\/div>\n\t\t\t\t<div class=\"elementor-element elementor-element-9294026 elementor-widget elementor-widget-text-editor\" data-id=\"9294026\" data-element_type=\"widget\" data-widget_type=\"text-editor.default\">\n\t\t\t\t<div class=\"elementor-widget-container\">\n\t\t\t\t\t\t\t\t\t<p><span style=\"font-weight: 400;\">Weihnachten auf Gran Canaria ist auch reich an kulturellen Aktivit\u00e4ten, die das Besuchererlebnis bereichern. Von Theaterauff\u00fchrungen und Ausstellungen bis hin zu Workshops f\u00fcr die ganze Familie ist f\u00fcr jeden etwas dabei. Ein Highlight ist<\/span><a href=\"https:\/\/planetagrancanaria.es\/\"> <b>Planeta<\/b><\/a><span style=\"font-weight: 400;\">, eine kulturelle Initiative mit einer Vielzahl k\u00fcnstlerischer und p\u00e4dagogischer Angebote \u2013 perfekt, um in die lokale Kultur einzutauchen und die festliche Atmosph\u00e4re zu genie\u00dfen.<\/span><\/p><p><a href=\"https:\/\/www.grancanaria.com\/turismo\/es\/agenda\/agenda\/?r=event%2Findex&amp;EventSearch%5Btype%5D=53&amp;id=4066&amp;L=0\"><b>Hier findest du die Agenda von Gran Canaria<\/b><\/a><span style=\"font-weight: 400;\">, damit du nichts verpasst.<\/span><\/p>\t\t\t\t\t\t\t\t<\/div>\n\t\t\t\t<\/div>\n\t\t\t\t\t<\/div>\n\t\t<\/div>\n\t\t\t\t\t<\/div>\n\t\t<\/section>\n\t\t\t\t<section class=\"elementor-section elementor-top-section elementor-element elementor-element-b36c1a5 elementor-section-boxed elementor-section-height-default elementor-section-height-default\" data-id=\"b36c1a5\" data-element_type=\"section\">\n\t\t\t\t\t\t<div class=\"elementor-container elementor-column-gap-default\">\n\t\t\t\t\t<div class=\"elementor-column elementor-col-100 elementor-top-column elementor-element elementor-element-6baef7a\" data-id=\"6baef7a\" data-element_type=\"column\">\n\t\t\t<div class=\"elementor-widget-wrap elementor-element-populated\">\n\t\t\t\t\t\t<div class=\"elementor-element elementor-element-e9e6e0a elementor-hidden-desktop elementor-hidden-tablet elementor-widget elementor-widget-image\" data-id=\"e9e6e0a\" data-element_type=\"widget\" data-widget_type=\"image.default\">\n\t\t\t\t<div class=\"elementor-widget-container\">\n\t\t\t\t\t\t\t\t\t\t\t\t\t\t\t<img fetchpriority=\"high\" decoding=\"async\" width=\"800\" height=\"500\" src=\"https:\/\/www.grancanariastays.com\/blog\/wp-content\/uploads\/2024\/11\/navidad-en-gran-canaria-5.webp\" class=\"attachment-full size-full wp-image-5172\" alt=\"Christmas in Gran Canaria\" srcset=\"https:\/\/www.grancanariastays.com\/blog\/wp-content\/uploads\/2024\/11\/navidad-en-gran-canaria-5.webp 800w, https:\/\/www.grancanariastays.com\/blog\/wp-content\/uploads\/2024\/11\/navidad-en-gran-canaria-5-300x188.webp 300w, https:\/\/www.grancanariastays.com\/blog\/wp-content\/uploads\/2024\/11\/navidad-en-gran-canaria-5-768x480.webp 768w\" sizes=\"(max-width: 800px) 100vw, 800px\" \/>\t\t\t\t\t\t\t\t\t\t\t\t\t\t\t<\/div>\n\t\t\t\t<\/div>\n\t\t\t\t\t<\/div>\n\t\t<\/div>\n\t\t\t\t\t<\/div>\n\t\t<\/section>\n\t\t\t\t<section class=\"elementor-section elementor-top-section elementor-element elementor-element-5e249c3 elementor-section-boxed elementor-section-height-default elementor-section-height-default\" data-id=\"5e249c3\" data-element_type=\"section\">\n\t\t\t\t\t\t<div class=\"elementor-container elementor-column-gap-default\">\n\t\t\t\t\t<div class=\"elementor-column elementor-col-100 elementor-top-column elementor-element elementor-element-c0d8679\" data-id=\"c0d8679\" data-element_type=\"column\">\n\t\t\t<div class=\"elementor-widget-wrap elementor-element-populated\">\n\t\t\t\t\t\t<div class=\"elementor-element elementor-element-0d0a5a9 elementor-hidden-mobile elementor-widget elementor-widget-image\" data-id=\"0d0a5a9\" data-element_type=\"widget\" data-widget_type=\"image.default\">\n\t\t\t\t<div class=\"elementor-widget-container\">\n\t\t\t\t\t\t\t\t\t\t\t\t\t\t\t<img decoding=\"async\" width=\"1920\" height=\"600\" src=\"https:\/\/www.grancanariastays.com\/blog\/wp-content\/uploads\/2024\/11\/navidad-en-gran-canaria-2.webp\" class=\"attachment-full size-full wp-image-5157\" alt=\"Navidad en Gran Canaria\" srcset=\"https:\/\/www.grancanariastays.com\/blog\/wp-content\/uploads\/2024\/11\/navidad-en-gran-canaria-2.webp 1920w, https:\/\/www.grancanariastays.com\/blog\/wp-content\/uploads\/2024\/11\/navidad-en-gran-canaria-2-300x94.webp 300w, https:\/\/www.grancanariastays.com\/blog\/wp-content\/uploads\/2024\/11\/navidad-en-gran-canaria-2-1024x320.webp 1024w, https:\/\/www.grancanariastays.com\/blog\/wp-content\/uploads\/2024\/11\/navidad-en-gran-canaria-2-768x240.webp 768w, https:\/\/www.grancanariastays.com\/blog\/wp-content\/uploads\/2024\/11\/navidad-en-gran-canaria-2-1536x480.webp 1536w\" sizes=\"(max-width: 1920px) 100vw, 1920px\" \/>\t\t\t\t\t\t\t\t\t\t\t\t\t\t\t<\/div>\n\t\t\t\t<\/div>\n\t\t\t\t\t<\/div>\n\t\t<\/div>\n\t\t\t\t\t<\/div>\n\t\t<\/section>\n\t\t\t\t<section class=\"elementor-section elementor-top-section elementor-element elementor-element-b5a04a0 elementor-section-boxed elementor-section-height-default elementor-section-height-default\" data-id=\"b5a04a0\" data-element_type=\"section\">\n\t\t\t\t\t\t<div class=\"elementor-container elementor-column-gap-default\">\n\t\t\t\t\t<div class=\"elementor-column elementor-col-100 elementor-top-column elementor-element elementor-element-4fbdef5\" data-id=\"4fbdef5\" data-element_type=\"column\">\n\t\t\t<div class=\"elementor-widget-wrap elementor-element-populated\">\n\t\t\t\t\t\t<div class=\"elementor-element elementor-element-6401673 elementor-widget elementor-widget-heading\" data-id=\"6401673\" data-element_type=\"widget\" data-widget_type=\"heading.default\">\n\t\t\t\t<div class=\"elementor-widget-container\">\n\t\t\t\t\t<h2 class=\"elementor-heading-title elementor-size-default\">Aktivit\u00e4ten zu Weihnachten in Gran Canaria<\/h2>\t\t\t\t<\/div>\n\t\t\t\t<\/div>\n\t\t\t\t<div class=\"elementor-element elementor-element-29213c0 elementor-widget elementor-widget-text-editor\" data-id=\"29213c0\" data-element_type=\"widget\" data-widget_type=\"text-editor.default\">\n\t\t\t\t<div class=\"elementor-widget-container\">\n\t\t\t\t\t\t\t\t\t<p><span style=\"font-weight: 400;\">Die Vielfalt an Aktivit\u00e4ten, die die Insel bietet, ist alles, was du brauchst, um Weihnachten<\/span><b> in Gran Canaria<\/b><span style=\"font-weight: 400;\"> zu genie\u00dfen. Von Abenteuern im Freien bis hin zur Erkundung der lokalen Kultur gibt es f\u00fcr jeden Geschmack etwas. Entdecke sie!<\/span><\/p><ul><li style=\"font-weight: 400;\" aria-level=\"1\"><span style=\"font-weight: 400;\">Wandern durch die wundersch\u00f6nen Berglandschaften der Insel, wie den Naturpark Tamadaba oder den Roque Nublo.<\/span><\/li><li style=\"font-weight: 400;\" aria-level=\"1\"><span style=\"font-weight: 400;\">Besuche emblematische Museen wie das Museo Canario oder das Museum f\u00fcr Wissenschaft und Technologie in Las Palmas.<\/span><\/li><li style=\"font-weight: 400;\" aria-level=\"1\"><span style=\"font-weight: 400;\">Besuche das Poema del Mar Aquarium, ein faszinierendes Erlebnis, um das Meeresleben des Atlantiks kennenzulernen. Dieser Plan ist ideal f\u00fcr Kinder und Familien.<\/span><\/li><li style=\"font-weight: 400;\" aria-level=\"1\"><span style=\"font-weight: 400;\">Schlendere durch die Kunsthandwerksm\u00e4rkte in Orten wie Teror und Las Palmas, wo du handgefertigte Produkte und typische Souvenirs finden kannst.<\/span><\/li><li style=\"font-weight: 400;\" aria-level=\"1\"><span style=\"font-weight: 400;\">Probiere die lokale Gastronomie, wie die ber\u00fchmten \u201ePapas arrugadas\u201c mit Mojo, \u201eGofio\u201c und die k\u00f6stlichen kanarischen Weihnachtsgeb\u00e4cke.<\/span><\/li><\/ul>\t\t\t\t\t\t\t\t<\/div>\n\t\t\t\t<\/div>\n\t\t\t\t\t<\/div>\n\t\t<\/div>\n\t\t\t\t\t<\/div>\n\t\t<\/section>\n\t\t\t\t<section class=\"elementor-section elementor-top-section elementor-element elementor-element-7d2ebd7 elementor-section-boxed elementor-section-height-default elementor-section-height-default\" data-id=\"7d2ebd7\" data-element_type=\"section\">\n\t\t\t\t\t\t<div class=\"elementor-container elementor-column-gap-default\">\n\t\t\t\t\t<div class=\"elementor-column elementor-col-33 elementor-top-column elementor-element elementor-element-7b9c3f0\" data-id=\"7b9c3f0\" data-element_type=\"column\">\n\t\t\t<div class=\"elementor-widget-wrap elementor-element-populated\">\n\t\t\t\t\t\t<div class=\"elementor-element elementor-element-22920dc elementor-widget elementor-widget-image\" data-id=\"22920dc\" data-element_type=\"widget\" data-widget_type=\"image.default\">\n\t\t\t\t<div class=\"elementor-widget-container\">\n\t\t\t\t\t\t\t\t\t\t\t\t\t\t\t<img decoding=\"async\" width=\"800\" height=\"500\" src=\"https:\/\/www.grancanariastays.com\/blog\/wp-content\/uploads\/2024\/11\/navidad-en-gran-canaria-3.webp\" class=\"attachment-large size-large wp-image-5169\" alt=\"Christmas in Gran Canaria\" srcset=\"https:\/\/www.grancanariastays.com\/blog\/wp-content\/uploads\/2024\/11\/navidad-en-gran-canaria-3.webp 800w, https:\/\/www.grancanariastays.com\/blog\/wp-content\/uploads\/2024\/11\/navidad-en-gran-canaria-3-300x188.webp 300w, https:\/\/www.grancanariastays.com\/blog\/wp-content\/uploads\/2024\/11\/navidad-en-gran-canaria-3-768x480.webp 768w\" sizes=\"(max-width: 800px) 100vw, 800px\" \/>\t\t\t\t\t\t\t\t\t\t\t\t\t\t\t<\/div>\n\t\t\t\t<\/div>\n\t\t\t\t\t<\/div>\n\t\t<\/div>\n\t\t\t\t<div class=\"elementor-column elementor-col-33 elementor-top-column elementor-element elementor-element-970c14b\" data-id=\"970c14b\" data-element_type=\"column\">\n\t\t\t<div class=\"elementor-widget-wrap elementor-element-populated\">\n\t\t\t\t\t\t<div class=\"elementor-element elementor-element-b4b3647 elementor-widget elementor-widget-image\" data-id=\"b4b3647\" data-element_type=\"widget\" data-widget_type=\"image.default\">\n\t\t\t\t<div class=\"elementor-widget-container\">\n\t\t\t\t\t\t\t\t\t\t\t\t\t\t\t<img loading=\"lazy\" decoding=\"async\" width=\"800\" height=\"500\" src=\"https:\/\/www.grancanariastays.com\/blog\/wp-content\/uploads\/2024\/11\/navidad-en-gran-canaria-4.webp\" class=\"attachment-large size-large wp-image-5163\" alt=\"Navidad en Gran Canaria\" srcset=\"https:\/\/www.grancanariastays.com\/blog\/wp-content\/uploads\/2024\/11\/navidad-en-gran-canaria-4.webp 800w, https:\/\/www.grancanariastays.com\/blog\/wp-content\/uploads\/2024\/11\/navidad-en-gran-canaria-4-300x188.webp 300w, https:\/\/www.grancanariastays.com\/blog\/wp-content\/uploads\/2024\/11\/navidad-en-gran-canaria-4-768x480.webp 768w\" sizes=\"(max-width: 800px) 100vw, 800px\" \/>\t\t\t\t\t\t\t\t\t\t\t\t\t\t\t<\/div>\n\t\t\t\t<\/div>\n\t\t\t\t\t<\/div>\n\t\t<\/div>\n\t\t\t\t<div class=\"elementor-column elementor-col-33 elementor-top-column elementor-element elementor-element-f39563d\" data-id=\"f39563d\" data-element_type=\"column\">\n\t\t\t<div class=\"elementor-widget-wrap elementor-element-populated\">\n\t\t\t\t\t\t<div class=\"elementor-element elementor-element-d2c4c99 elementor-hidden-tablet elementor-hidden-mobile elementor-widget elementor-widget-image\" data-id=\"d2c4c99\" data-element_type=\"widget\" data-widget_type=\"image.default\">\n\t\t\t\t<div class=\"elementor-widget-container\">\n\t\t\t\t\t\t\t\t\t\t\t\t\t\t\t<img loading=\"lazy\" decoding=\"async\" width=\"800\" height=\"500\" src=\"https:\/\/www.grancanariastays.com\/blog\/wp-content\/uploads\/2024\/11\/navidad-en-gran-canaria-5.webp\" class=\"attachment-large size-large wp-image-5172\" alt=\"Christmas in Gran Canaria\" srcset=\"https:\/\/www.grancanariastays.com\/blog\/wp-content\/uploads\/2024\/11\/navidad-en-gran-canaria-5.webp 800w, https:\/\/www.grancanariastays.com\/blog\/wp-content\/uploads\/2024\/11\/navidad-en-gran-canaria-5-300x188.webp 300w, https:\/\/www.grancanariastays.com\/blog\/wp-content\/uploads\/2024\/11\/navidad-en-gran-canaria-5-768x480.webp 768w\" sizes=\"(max-width: 800px) 100vw, 800px\" \/>\t\t\t\t\t\t\t\t\t\t\t\t\t\t\t<\/div>\n\t\t\t\t<\/div>\n\t\t\t\t\t<\/div>\n\t\t<\/div>\n\t\t\t\t\t<\/div>\n\t\t<\/section>\n\t\t\t\t<section class=\"elementor-section elementor-top-section elementor-element elementor-element-8f03d9e elementor-section-boxed elementor-section-height-default elementor-section-height-default\" data-id=\"8f03d9e\" data-element_type=\"section\">\n\t\t\t\t\t\t<div class=\"elementor-container elementor-column-gap-default\">\n\t\t\t\t\t<div class=\"elementor-column elementor-col-100 elementor-top-column elementor-element elementor-element-d370e5b\" data-id=\"d370e5b\" data-element_type=\"column\">\n\t\t\t<div class=\"elementor-widget-wrap elementor-element-populated\">\n\t\t\t\t\t\t<div class=\"elementor-element elementor-element-6fbe706 elementor-widget elementor-widget-heading\" data-id=\"6fbe706\" data-element_type=\"widget\" data-widget_type=\"heading.default\">\n\t\t\t\t<div class=\"elementor-widget-container\">\n\t\t\t\t\t<h2 class=\"elementor-heading-title elementor-size-default\">Gran Canaria zu Weihnachten, lohnt sich das?\n<\/h2>\t\t\t\t<\/div>\n\t\t\t\t<\/div>\n\t\t\t\t<div class=\"elementor-element elementor-element-f6efa29 elementor-widget elementor-widget-text-editor\" data-id=\"f6efa29\" data-element_type=\"widget\" data-widget_type=\"text-editor.default\">\n\t\t\t\t<div class=\"elementor-widget-container\">\n\t\t\t\t\t\t\t\t\t<p><span style=\"font-weight: 400;\">Viele Touristen fragen sich, ob <\/span><b>gran canaria zu weihnachten<\/b><span style=\"font-weight: 400;\"> eine attraktive Option ist, da Unsicherheit \u00fcber das Wetter zu dieser Jahreszeit besteht. W\u00e4hrend andere Weihnachtsziele kalt und schneebedeckt sind, bietet Gran Canaria eine w\u00e4rmere Alternative, was Fragen dar\u00fcber aufwirft, wie die Festtage auf der Insel erlebt werden. In diesem Artikel erkl\u00e4ren wir alles, was du wissen musst, um die Entscheidung zu treffen, ob sich eine Reise nach Gran Canaria im Dezember lohnt.<\/span><\/p>\t\t\t\t\t\t\t\t<\/div>\n\t\t\t\t<\/div>\n\t\t\t\t<div class=\"elementor-element elementor-element-0ea2f21 elementor-widget elementor-widget-heading\" data-id=\"0ea2f21\" data-element_type=\"widget\" data-widget_type=\"heading.default\">\n\t\t\t\t<div class=\"elementor-widget-container\">\n\t\t\t\t\t<h3 class=\"elementor-heading-title elementor-size-default\">Das Klima im Dezember auf Gran Canaria\n<\/h3>\t\t\t\t<\/div>\n\t\t\t\t<\/div>\n\t\t\t\t<div class=\"elementor-element elementor-element-ce3f7b7 elementor-widget elementor-widget-text-editor\" data-id=\"ce3f7b7\" data-element_type=\"widget\" data-widget_type=\"text-editor.default\">\n\t\t\t\t<div class=\"elementor-widget-container\">\n\t\t\t\t\t\t\t\t\t<p><span style=\"font-weight: 400;\">Im Dezember ist das Klima auf Gran Canaria im Allgemeinen mild und gem\u00e4\u00dfigt, mit Temperaturen zwischen 18\u00baC und 22\u00baC tags\u00fcber und abends sinken sie auf etwa 14\u00baC bis 15\u00baC. Obwohl die Insel das ganze Jahr \u00fcber ein angenehmes Klima genie\u00dft, kannst du im Dezember sonnige Tage und gelegentliche Regenf\u00e4lle erwarten, vor allem in den bergigen Regionen. Obwohl es nicht extrem hei\u00df ist, ist es eine ideale Temperatur, um Outdoor-Aktivit\u00e4ten wie Wandern oder Strandspazierg\u00e4nge zu genie\u00dfen, ohne die Sommermassen. Dieses milde Klima macht die Insel zu einer ausgezeichneten Wahl f\u00fcr diejenigen, die dem kalten europ\u00e4ischen Winter entfliehen m\u00f6chten.<\/span><\/p>\t\t\t\t\t\t\t\t<\/div>\n\t\t\t\t<\/div>\n\t\t\t\t<div class=\"elementor-element elementor-element-96971d7 elementor-widget elementor-widget-heading\" data-id=\"96971d7\" data-element_type=\"widget\" data-widget_type=\"heading.default\">\n\t\t\t\t<div class=\"elementor-widget-container\">\n\t\t\t\t\t<h3 class=\"elementor-heading-title elementor-size-default\">Die Wassertemperatur im Dezember\n\n<\/h3>\t\t\t\t<\/div>\n\t\t\t\t<\/div>\n\t\t\t\t<div class=\"elementor-element elementor-element-b099659 elementor-widget elementor-widget-text-editor\" data-id=\"b099659\" data-element_type=\"widget\" data-widget_type=\"text-editor.default\">\n\t\t\t\t<div class=\"elementor-widget-container\">\n\t\t\t\t\t\t\t\t\t<p><span style=\"font-weight: 400;\">Die Wassertemperatur im Dezember auf Gran Canaria bleibt angenehm mild mit einer Durchschnittstemperatur von 21\u00baC. Obwohl es k\u00fchler ist als in den Sommermonaten, ist es immer noch angenehm zum Schwimmen, besonders f\u00fcr diejenigen, die k\u00fchleres Wasser gew\u00f6hnt sind. Die Str\u00e4nde im S\u00fcden der Insel, wie Playa del Ingl\u00e9s oder Maspalomas, sind nach wie vor beliebt f\u00fcr Wassersportarten wie Surfen und Windsurfen. Wenn du ruhigere Aktivit\u00e4ten bevorzugst, sind die Ozeanw\u00e4sser ideal f\u00fcr ein entspannendes Bad oder f\u00fcr das Erkunden der Unterwasserwelt beim Schnorcheln.<\/span><\/p>\t\t\t\t\t\t\t\t<\/div>\n\t\t\t\t<\/div>\n\t\t\t\t\t<\/div>\n\t\t<\/div>\n\t\t\t\t\t<\/div>\n\t\t<\/section>\n\t\t\t\t<section class=\"elementor-section elementor-top-section elementor-element elementor-element-c411a76 elementor-section-boxed elementor-section-height-default elementor-section-height-default\" data-id=\"c411a76\" data-element_type=\"section\">\n\t\t\t\t\t\t<div class=\"elementor-container elementor-column-gap-default\">\n\t\t\t\t\t<div class=\"elementor-column elementor-col-50 elementor-top-column elementor-element elementor-element-2992302\" data-id=\"2992302\" data-element_type=\"column\">\n\t\t\t<div class=\"elementor-widget-wrap elementor-element-populated\">\n\t\t\t\t\t\t<div class=\"elementor-element elementor-element-73deade elementor-hidden-mobile elementor-widget elementor-widget-image\" data-id=\"73deade\" data-element_type=\"widget\" data-widget_type=\"image.default\">\n\t\t\t\t<div class=\"elementor-widget-container\">\n\t\t\t\t\t\t\t\t\t\t\t\t\t\t\t<img loading=\"lazy\" decoding=\"async\" width=\"800\" height=\"500\" src=\"https:\/\/www.grancanariastays.com\/blog\/wp-content\/uploads\/2024\/11\/navidad-en-gran-canaria-6.webp\" class=\"attachment-large size-large wp-image-5160\" alt=\"Navidad en Gran Canaria\" srcset=\"https:\/\/www.grancanariastays.com\/blog\/wp-content\/uploads\/2024\/11\/navidad-en-gran-canaria-6.webp 800w, https:\/\/www.grancanariastays.com\/blog\/wp-content\/uploads\/2024\/11\/navidad-en-gran-canaria-6-300x188.webp 300w, https:\/\/www.grancanariastays.com\/blog\/wp-content\/uploads\/2024\/11\/navidad-en-gran-canaria-6-768x480.webp 768w\" sizes=\"(max-width: 800px) 100vw, 800px\" \/>\t\t\t\t\t\t\t\t\t\t\t\t\t\t\t<\/div>\n\t\t\t\t<\/div>\n\t\t\t\t\t<\/div>\n\t\t<\/div>\n\t\t\t\t<div class=\"elementor-column elementor-col-50 elementor-top-column elementor-element elementor-element-ee1bbe6\" data-id=\"ee1bbe6\" data-element_type=\"column\">\n\t\t\t<div class=\"elementor-widget-wrap elementor-element-populated\">\n\t\t\t\t\t\t<div class=\"elementor-element elementor-element-e5a4844 elementor-widget elementor-widget-image\" data-id=\"e5a4844\" data-element_type=\"widget\" data-widget_type=\"image.default\">\n\t\t\t\t<div class=\"elementor-widget-container\">\n\t\t\t\t\t\t\t\t\t\t\t\t\t\t\t<img loading=\"lazy\" decoding=\"async\" width=\"800\" height=\"500\" src=\"https:\/\/www.grancanariastays.com\/blog\/wp-content\/uploads\/2024\/11\/navidad-en-gran-canaria-7.webp\" class=\"attachment-large size-large wp-image-5166\" alt=\"Christmas in Gran Canaria\" srcset=\"https:\/\/www.grancanariastays.com\/blog\/wp-content\/uploads\/2024\/11\/navidad-en-gran-canaria-7.webp 800w, https:\/\/www.grancanariastays.com\/blog\/wp-content\/uploads\/2024\/11\/navidad-en-gran-canaria-7-300x188.webp 300w, https:\/\/www.grancanariastays.com\/blog\/wp-content\/uploads\/2024\/11\/navidad-en-gran-canaria-7-768x480.webp 768w\" sizes=\"(max-width: 800px) 100vw, 800px\" \/>\t\t\t\t\t\t\t\t\t\t\t\t\t\t\t<\/div>\n\t\t\t\t<\/div>\n\t\t\t\t\t<\/div>\n\t\t<\/div>\n\t\t\t\t\t<\/div>\n\t\t<\/section>\n\t\t\t\t<section class=\"elementor-section elementor-top-section elementor-element elementor-element-a808341 elementor-section-boxed elementor-section-height-default elementor-section-height-default\" data-id=\"a808341\" data-element_type=\"section\">\n\t\t\t\t\t\t<div class=\"elementor-container elementor-column-gap-default\">\n\t\t\t\t\t<div class=\"elementor-column elementor-col-100 elementor-top-column elementor-element elementor-element-089ce8e\" data-id=\"089ce8e\" data-element_type=\"column\">\n\t\t\t<div class=\"elementor-widget-wrap elementor-element-populated\">\n\t\t\t\t\t\t<div class=\"elementor-element elementor-element-50ebebe elementor-widget elementor-widget-heading\" data-id=\"50ebebe\" data-element_type=\"widget\" data-widget_type=\"heading.default\">\n\t\t\t\t<div class=\"elementor-widget-container\">\n\t\t\t\t\t<h2 class=\"elementor-heading-title elementor-size-default\">Die besten Unterk\u00fcnfte f\u00fcr deine Reise nach Gran Canaria\n\n<\/h2>\t\t\t\t<\/div>\n\t\t\t\t<\/div>\n\t\t\t\t<div class=\"elementor-element elementor-element-3a4bdec elementor-widget elementor-widget-text-editor\" data-id=\"3a4bdec\" data-element_type=\"widget\" data-widget_type=\"text-editor.default\">\n\t\t\t\t<div class=\"elementor-widget-container\">\n\t\t\t\t\t\t\t\t\t<p><span style=\"font-weight: 400;\">In Gran Canaria gibt es eine gro\u00dfe Auswahl an Unterk\u00fcnften, von luxuri\u00f6sen Resorts und Hotels am Meer bis hin zu Ferienwohnungen und l\u00e4ndlichen H\u00e4usern im Inneren der Insel. Wenn du nach Komfort und einer pers\u00f6nlichen Erfahrung suchst, sind <\/span><b>Ferienwohnungen<\/b><span style=\"font-weight: 400;\"> eine ausgezeichnete Wahl. Diese Unterk\u00fcnfte bieten dir Unabh\u00e4ngigkeit und sind in der Regel gut ausgestattet mit allem, was du f\u00fcr einen vollst\u00e4ndigen Urlaub ben\u00f6tigst, wie zum Beispiel voll ausgestattete K\u00fcche, Ruhebereiche und Zugang zu den besten Gegenden der Insel.<\/span><\/p><p><b>Ferienwohnungen<\/b><span style=\"font-weight: 400;\"> sind besonders ideal f\u00fcr den kanarischen Winter, da sie darauf ausgelegt sind, dir den gr\u00f6\u00dftm\u00f6glichen Komfort in den k\u00fchleren N\u00e4chten und den milden Dezembertagen zu bieten. Sie sind mit Annehmlichkeiten wie Heizung oder Klimaanlage ausgestattet, um sich perfekt an das Klima der Insel anzupassen. Wenn du die besten Unterk\u00fcnfte f\u00fcr deine Reise nach Gran Canaria suchst, z\u00f6gere nicht, bei <\/span><b>Gran Canaria Stays<\/b><span style=\"font-weight: 400;\"> zu buchen, wo du Optionen findest, die deinen Bed\u00fcrfnissen gerecht werden.<\/span><\/p>\t\t\t\t\t\t\t\t<\/div>\n\t\t\t\t<\/div>\n\t\t\t\t<div class=\"elementor-element elementor-element-73ad529 elementor-widget elementor-widget-shortcode\" data-id=\"73ad529\" data-element_type=\"widget\" data-widget_type=\"shortcode.default\">\n\t\t\t\t<div class=\"elementor-widget-container\">\n\t\t\t\t\t\t\t<div class=\"elementor-shortcode\">\t\t<div data-elementor-type=\"section\" data-elementor-id=\"1875\" class=\"elementor elementor-1875 elementor-2343\" data-elementor-post-type=\"elementor_library\">\n\t\t\t\t\t<section class=\"elementor-section elementor-top-section elementor-element elementor-element-2e67786d elementor-section-boxed elementor-section-height-default elementor-section-height-default\" data-id=\"2e67786d\" data-element_type=\"section\">\n\t\t\t\t\t\t<div class=\"elementor-container elementor-column-gap-default\">\n\t\t\t\t\t<div class=\"elementor-column elementor-col-33 elementor-top-column elementor-element elementor-element-51e008e0\" data-id=\"51e008e0\" data-element_type=\"column\">\n\t\t\t<div class=\"elementor-widget-wrap elementor-element-populated\">\n\t\t\t\t\t\t<div class=\"elementor-element elementor-element-8ed4d2 elementor-align-center elementor-widget elementor-widget-button\" data-id=\"8ed4d2\" data-element_type=\"widget\" data-widget_type=\"button.default\">\n\t\t\t\t<div class=\"elementor-widget-container\">\n\t\t\t\t\t\t\t\t\t<div class=\"elementor-button-wrapper\">\n\t\t\t\t\t<a class=\"elementor-button elementor-button-link elementor-size-sm\" href=\"https:\/\/www.grancanariastays.com\/de\/vermietung\/vermietungen-gran-canaria-e77\/\" target=\"_blank\">\n\t\t\t\t\t\t<span class=\"elementor-button-content-wrapper\">\n\t\t\t\t\t\t\t\t\t<span class=\"elementor-button-text\">Ferienhaus Gran Canaria<\/span>\n\t\t\t\t\t<\/span>\n\t\t\t\t\t<\/a>\n\t\t\t\t<\/div>\n\t\t\t\t\t\t\t\t<\/div>\n\t\t\t\t<\/div>\n\t\t\t\t\t<\/div>\n\t\t<\/div>\n\t\t\t\t<div class=\"elementor-column elementor-col-33 elementor-top-column elementor-element elementor-element-11b78e8a\" data-id=\"11b78e8a\" data-element_type=\"column\">\n\t\t\t<div class=\"elementor-widget-wrap elementor-element-populated\">\n\t\t\t\t\t\t<div class=\"elementor-element elementor-element-7231a42b elementor-align-center elementor-widget elementor-widget-button\" data-id=\"7231a42b\" data-element_type=\"widget\" data-widget_type=\"button.default\">\n\t\t\t\t<div class=\"elementor-widget-container\">\n\t\t\t\t\t\t\t\t\t<div class=\"elementor-button-wrapper\">\n\t\t\t\t\t<a class=\"elementor-button elementor-button-link elementor-size-sm\" href=\"https:\/\/www.grancanariastays.com\/de\/vermietung\/ferienhauser-gran-canaria-c19e77\/\" target=\"_blank\">\n\t\t\t\t\t\t<span class=\"elementor-button-content-wrapper\">\n\t\t\t\t\t\t\t\t\t<span class=\"elementor-button-text\">Haus Gran Canaria<\/span>\n\t\t\t\t\t<\/span>\n\t\t\t\t\t<\/a>\n\t\t\t\t<\/div>\n\t\t\t\t\t\t\t\t<\/div>\n\t\t\t\t<\/div>\n\t\t\t\t\t<\/div>\n\t\t<\/div>\n\t\t\t\t<div class=\"elementor-column elementor-col-33 elementor-top-column elementor-element elementor-element-339fd4a1\" data-id=\"339fd4a1\" data-element_type=\"column\">\n\t\t\t<div class=\"elementor-widget-wrap elementor-element-populated\">\n\t\t\t\t\t\t<div class=\"elementor-element elementor-element-30f61082 elementor-align-center elementor-widget elementor-widget-button\" data-id=\"30f61082\" data-element_type=\"widget\" data-widget_type=\"button.default\">\n\t\t\t\t<div class=\"elementor-widget-container\">\n\t\t\t\t\t\t\t\t\t<div class=\"elementor-button-wrapper\">\n\t\t\t\t\t<a class=\"elementor-button elementor-button-link elementor-size-sm\" href=\"https:\/\/www.grancanariastays.com\/de\/vermietung\/villen-gran-canaria-c2e77\/\" target=\"_blank\">\n\t\t\t\t\t\t<span class=\"elementor-button-content-wrapper\">\n\t\t\t\t\t\t\t\t\t<span class=\"elementor-button-text\">Villas Gran Canaria<\/span>\n\t\t\t\t\t<\/span>\n\t\t\t\t\t<\/a>\n\t\t\t\t<\/div>\n\t\t\t\t\t\t\t\t<\/div>\n\t\t\t\t<\/div>\n\t\t\t\t\t<\/div>\n\t\t<\/div>\n\t\t\t\t\t<\/div>\n\t\t<\/section>\n\t\t\t\t<\/div>\n\t\t<\/div>\n\t\t\t\t\t\t<\/div>\n\t\t\t\t<\/div>\n\t\t\t\t\t<\/div>\n\t\t<\/div>\n\t\t\t\t\t<\/div>\n\t\t<\/section>\n\t\t\t\t<\/div>\n\t\t","protected":false},"excerpt":{"rendered":"<p>Gran Canaria zu Weihnachten steht f\u00fcr unvergessliche Momente in einer Umgebung voller Charme und einzigartiger Traditionen. Dieses Reiseziel kombiniert Entspannung und Feierlichkeiten perfekt und ist der ideale Ort, um eine wirklich besondere Weihnachtszeit zu erleben. In diesem umfassenden Reisef\u00fchrer helfen wir dir, jeden Aspekt deines Aufenthalts zu planen \u2013 von Aktivit\u00e4ten bis hin zur Unterkunft [&hellip;]<\/p>\n","protected":false},"author":3,"featured_media":5174,"comment_status":"open","ping_status":"open","sticky":false,"template":"","format":"standard","meta":{"footnotes":""},"categories":[75],"tags":[],"class_list":["post-5187","post","type-post","status-publish","format-standard","has-post-thumbnail","hentry","category-unverzichtbar"],"yoast_head":"<!-- This site is optimized with the Yoast SEO plugin v25.1 - https:\/\/yoast.com\/wordpress\/plugins\/seo\/ -->\n<title>Gran Canaria zu Weihnachten - Vollst\u00e4ndiger Reisef\u00fchrer | GCS<\/title>\n<meta name=\"description\" content=\"Gran Canaria zu Weihnachten ist unvergesslich. Genie\u00dfen Sie ein unterhaltsames und warmes Reiseziel, perfekt f\u00fcr die ganze Familie.\" \/>\n<meta name=\"robots\" content=\"index, follow, max-snippet:-1, max-image-preview:large, max-video-preview:-1\" \/>\n<link rel=\"canonical\" href=\"https:\/\/www.grancanariastays.com\/blog\/de\/gran-canaria-zu-weihnachten-organisieren-sie-ihren-unvergesslichen-fest\/\" \/>\n<meta property=\"og:locale\" content=\"de_DE\" \/>\n<meta property=\"og:type\" content=\"article\" \/>\n<meta property=\"og:title\" content=\"Gran Canaria zu Weihnachten - Vollst\u00e4ndiger Reisef\u00fchrer | GCS\" \/>\n<meta property=\"og:description\" content=\"Gran Canaria zu Weihnachten ist unvergesslich. Genie\u00dfen Sie ein unterhaltsames und warmes Reiseziel, perfekt f\u00fcr die ganze Familie.\" \/>\n<meta property=\"og:url\" content=\"https:\/\/www.grancanariastays.com\/blog\/de\/gran-canaria-zu-weihnachten-organisieren-sie-ihren-unvergesslichen-fest\/\" \/>\n<meta property=\"og:site_name\" content=\"Gran Canaria | Blog\" \/>\n<meta property=\"article:publisher\" content=\"https:\/\/www.facebook.com\/Grancanariastays\" \/>\n<meta property=\"article:published_time\" content=\"2024-12-01T08:00:00+00:00\" \/>\n<meta property=\"article:modified_time\" content=\"2025-05-29T10:37:54+00:00\" \/>\n<meta property=\"og:image\" content=\"https:\/\/www.grancanariastays.com\/blog\/wp-content\/uploads\/2024\/11\/navidad-en-gran-canaria.webp\" \/>\n\t<meta property=\"og:image:width\" content=\"1920\" \/>\n\t<meta property=\"og:image:height\" content=\"600\" \/>\n\t<meta property=\"og:image:type\" content=\"image\/webp\" \/>\n<meta name=\"author\" content=\"digitalservices@avantio.com\" \/>\n<meta name=\"twitter:card\" content=\"summary_large_image\" \/>\n<meta name=\"twitter:label1\" content=\"Written by\" \/>\n\t<meta name=\"twitter:data1\" content=\"digitalservices@avantio.com\" \/>\n\t<meta name=\"twitter:label2\" content=\"Est. reading time\" \/>\n\t<meta name=\"twitter:data2\" content=\"7 minutes\" \/>\n<script type=\"application\/ld+json\" class=\"yoast-schema-graph\">{\"@context\":\"https:\/\/schema.org\",\"@graph\":[{\"@type\":\"Article\",\"@id\":\"https:\/\/www.grancanariastays.com\/blog\/de\/gran-canaria-zu-weihnachten-organisieren-sie-ihren-unvergesslichen-fest\/#article\",\"isPartOf\":{\"@id\":\"https:\/\/www.grancanariastays.com\/blog\/de\/gran-canaria-zu-weihnachten-organisieren-sie-ihren-unvergesslichen-fest\/\"},\"author\":{\"name\":\"digitalservices@avantio.com\",\"@id\":\"https:\/\/www.grancanariastays.com\/blog\/#\/schema\/person\/35f7856bb384d1ebae2b3aa592e46d5f\"},\"headline\":\"Gran Canaria zu Weihnachten: Organisieren Sie Ihren unvergesslichen Fest\",\"datePublished\":\"2024-12-01T08:00:00+00:00\",\"dateModified\":\"2025-05-29T10:37:54+00:00\",\"mainEntityOfPage\":{\"@id\":\"https:\/\/www.grancanariastays.com\/blog\/de\/gran-canaria-zu-weihnachten-organisieren-sie-ihren-unvergesslichen-fest\/\"},\"wordCount\":1066,\"commentCount\":0,\"publisher\":{\"@id\":\"https:\/\/www.grancanariastays.com\/blog\/#organization\"},\"image\":{\"@id\":\"https:\/\/www.grancanariastays.com\/blog\/de\/gran-canaria-zu-weihnachten-organisieren-sie-ihren-unvergesslichen-fest\/#primaryimage\"},\"thumbnailUrl\":\"https:\/\/www.grancanariastays.com\/blog\/wp-content\/uploads\/2024\/11\/navidad-en-gran-canaria.webp\",\"articleSection\":[\"Unverzichtbar\"],\"inLanguage\":\"de\",\"potentialAction\":[{\"@type\":\"CommentAction\",\"name\":\"Comment\",\"target\":[\"https:\/\/www.grancanariastays.com\/blog\/de\/gran-canaria-zu-weihnachten-organisieren-sie-ihren-unvergesslichen-fest\/#respond\"]}]},{\"@type\":\"WebPage\",\"@id\":\"https:\/\/www.grancanariastays.com\/blog\/de\/gran-canaria-zu-weihnachten-organisieren-sie-ihren-unvergesslichen-fest\/\",\"url\":\"https:\/\/www.grancanariastays.com\/blog\/de\/gran-canaria-zu-weihnachten-organisieren-sie-ihren-unvergesslichen-fest\/\",\"name\":\"Gran Canaria zu Weihnachten - Vollst\u00e4ndiger Reisef\u00fchrer | GCS\",\"isPartOf\":{\"@id\":\"https:\/\/www.grancanariastays.com\/blog\/#website\"},\"primaryImageOfPage\":{\"@id\":\"https:\/\/www.grancanariastays.com\/blog\/de\/gran-canaria-zu-weihnachten-organisieren-sie-ihren-unvergesslichen-fest\/#primaryimage\"},\"image\":{\"@id\":\"https:\/\/www.grancanariastays.com\/blog\/de\/gran-canaria-zu-weihnachten-organisieren-sie-ihren-unvergesslichen-fest\/#primaryimage\"},\"thumbnailUrl\":\"https:\/\/www.grancanariastays.com\/blog\/wp-content\/uploads\/2024\/11\/navidad-en-gran-canaria.webp\",\"datePublished\":\"2024-12-01T08:00:00+00:00\",\"dateModified\":\"2025-05-29T10:37:54+00:00\",\"description\":\"Gran Canaria zu Weihnachten ist unvergesslich. Genie\u00dfen Sie ein unterhaltsames und warmes Reiseziel, perfekt f\u00fcr die ganze Familie.\",\"breadcrumb\":{\"@id\":\"https:\/\/www.grancanariastays.com\/blog\/de\/gran-canaria-zu-weihnachten-organisieren-sie-ihren-unvergesslichen-fest\/#breadcrumb\"},\"inLanguage\":\"de\",\"potentialAction\":[{\"@type\":\"ReadAction\",\"target\":[\"https:\/\/www.grancanariastays.com\/blog\/de\/gran-canaria-zu-weihnachten-organisieren-sie-ihren-unvergesslichen-fest\/\"]}]},{\"@type\":\"ImageObject\",\"inLanguage\":\"de\",\"@id\":\"https:\/\/www.grancanariastays.com\/blog\/de\/gran-canaria-zu-weihnachten-organisieren-sie-ihren-unvergesslichen-fest\/#primaryimage\",\"url\":\"https:\/\/www.grancanariastays.com\/blog\/wp-content\/uploads\/2024\/11\/navidad-en-gran-canaria.webp\",\"contentUrl\":\"https:\/\/www.grancanariastays.com\/blog\/wp-content\/uploads\/2024\/11\/navidad-en-gran-canaria.webp\",\"width\":1920,\"height\":600,\"caption\":\"Christmas in Gran Canaria\"},{\"@type\":\"BreadcrumbList\",\"@id\":\"https:\/\/www.grancanariastays.com\/blog\/de\/gran-canaria-zu-weihnachten-organisieren-sie-ihren-unvergesslichen-fest\/#breadcrumb\",\"itemListElement\":[{\"@type\":\"ListItem\",\"position\":1,\"name\":\"Portada\",\"item\":\"https:\/\/www.grancanariastays.com\/blog\/\"},{\"@type\":\"ListItem\",\"position\":2,\"name\":\"Gran Canaria zu Weihnachten: Organisieren Sie Ihren unvergesslichen Fest\"}]},{\"@type\":\"WebSite\",\"@id\":\"https:\/\/www.grancanariastays.com\/blog\/#website\",\"url\":\"https:\/\/www.grancanariastays.com\/blog\/\",\"name\":\"Gran Canaria Stays\",\"description\":\"\",\"publisher\":{\"@id\":\"https:\/\/www.grancanariastays.com\/blog\/#organization\"},\"potentialAction\":[{\"@type\":\"SearchAction\",\"target\":{\"@type\":\"EntryPoint\",\"urlTemplate\":\"https:\/\/www.grancanariastays.com\/blog\/?s={search_term_string}\"},\"query-input\":{\"@type\":\"PropertyValueSpecification\",\"valueRequired\":true,\"valueName\":\"search_term_string\"}}],\"inLanguage\":\"de\"},{\"@type\":\"Organization\",\"@id\":\"https:\/\/www.grancanariastays.com\/blog\/#organization\",\"name\":\"Gran Canaria Stays\",\"url\":\"https:\/\/www.grancanariastays.com\/blog\/\",\"logo\":{\"@type\":\"ImageObject\",\"inLanguage\":\"de\",\"@id\":\"https:\/\/www.grancanariastays.com\/blog\/#\/schema\/logo\/image\/\",\"url\":\"https:\/\/www.grancanariastays.com\/blog\/wp-content\/uploads\/2024\/01\/logo-gran-canaria-stays.png\",\"contentUrl\":\"https:\/\/www.grancanariastays.com\/blog\/wp-content\/uploads\/2024\/01\/logo-gran-canaria-stays.png\",\"width\":300,\"height\":112,\"caption\":\"Gran Canaria Stays\"},\"image\":{\"@id\":\"https:\/\/www.grancanariastays.com\/blog\/#\/schema\/logo\/image\/\"},\"sameAs\":[\"https:\/\/www.facebook.com\/Grancanariastays\",\"https:\/\/www.instagram.com\/grancanariastays\/\"]},{\"@type\":\"Person\",\"@id\":\"https:\/\/www.grancanariastays.com\/blog\/#\/schema\/person\/35f7856bb384d1ebae2b3aa592e46d5f\",\"name\":\"digitalservices@avantio.com\",\"image\":{\"@type\":\"ImageObject\",\"inLanguage\":\"de\",\"@id\":\"https:\/\/www.grancanariastays.com\/blog\/#\/schema\/person\/image\/\",\"url\":\"https:\/\/secure.gravatar.com\/avatar\/af30f88a1904294c1f3eb09a9d7903eec4ffa18fa2cf40c28a8681014ecdfc20?s=96&d=mm&r=g\",\"contentUrl\":\"https:\/\/secure.gravatar.com\/avatar\/af30f88a1904294c1f3eb09a9d7903eec4ffa18fa2cf40c28a8681014ecdfc20?s=96&d=mm&r=g\",\"caption\":\"digitalservices@avantio.com\"},\"url\":\"https:\/\/www.grancanariastays.com\/blog\/de\/author\/digitalservicesavantio-com\/\"}]}<\/script>\n<!-- \/ Yoast SEO plugin. -->","yoast_head_json":{"title":"Gran Canaria zu Weihnachten - Vollst\u00e4ndiger Reisef\u00fchrer | GCS","description":"Gran Canaria zu Weihnachten ist unvergesslich. Genie\u00dfen Sie ein unterhaltsames und warmes Reiseziel, perfekt f\u00fcr die ganze Familie.","robots":{"index":"index","follow":"follow","max-snippet":"max-snippet:-1","max-image-preview":"max-image-preview:large","max-video-preview":"max-video-preview:-1"},"canonical":"https:\/\/www.grancanariastays.com\/blog\/de\/gran-canaria-zu-weihnachten-organisieren-sie-ihren-unvergesslichen-fest\/","og_locale":"de_DE","og_type":"article","og_title":"Gran Canaria zu Weihnachten - Vollst\u00e4ndiger Reisef\u00fchrer | GCS","og_description":"Gran Canaria zu Weihnachten ist unvergesslich. Genie\u00dfen Sie ein unterhaltsames und warmes Reiseziel, perfekt f\u00fcr die ganze Familie.","og_url":"https:\/\/www.grancanariastays.com\/blog\/de\/gran-canaria-zu-weihnachten-organisieren-sie-ihren-unvergesslichen-fest\/","og_site_name":"Gran Canaria | Blog","article_publisher":"https:\/\/www.facebook.com\/Grancanariastays","article_published_time":"2024-12-01T08:00:00+00:00","article_modified_time":"2025-05-29T10:37:54+00:00","og_image":[{"width":1920,"height":600,"url":"https:\/\/www.grancanariastays.com\/blog\/wp-content\/uploads\/2024\/11\/navidad-en-gran-canaria.webp","type":"image\/webp"}],"author":"digitalservices@avantio.com","twitter_card":"summary_large_image","twitter_misc":{"Written by":"digitalservices@avantio.com","Est. reading time":"7 minutes"},"schema":{"@context":"https:\/\/schema.org","@graph":[{"@type":"Article","@id":"https:\/\/www.grancanariastays.com\/blog\/de\/gran-canaria-zu-weihnachten-organisieren-sie-ihren-unvergesslichen-fest\/#article","isPartOf":{"@id":"https:\/\/www.grancanariastays.com\/blog\/de\/gran-canaria-zu-weihnachten-organisieren-sie-ihren-unvergesslichen-fest\/"},"author":{"name":"digitalservices@avantio.com","@id":"https:\/\/www.grancanariastays.com\/blog\/#\/schema\/person\/35f7856bb384d1ebae2b3aa592e46d5f"},"headline":"Gran Canaria zu Weihnachten: Organisieren Sie Ihren unvergesslichen Fest","datePublished":"2024-12-01T08:00:00+00:00","dateModified":"2025-05-29T10:37:54+00:00","mainEntityOfPage":{"@id":"https:\/\/www.grancanariastays.com\/blog\/de\/gran-canaria-zu-weihnachten-organisieren-sie-ihren-unvergesslichen-fest\/"},"wordCount":1066,"commentCount":0,"publisher":{"@id":"https:\/\/www.grancanariastays.com\/blog\/#organization"},"image":{"@id":"https:\/\/www.grancanariastays.com\/blog\/de\/gran-canaria-zu-weihnachten-organisieren-sie-ihren-unvergesslichen-fest\/#primaryimage"},"thumbnailUrl":"https:\/\/www.grancanariastays.com\/blog\/wp-content\/uploads\/2024\/11\/navidad-en-gran-canaria.webp","articleSection":["Unverzichtbar"],"inLanguage":"de","potentialAction":[{"@type":"CommentAction","name":"Comment","target":["https:\/\/www.grancanariastays.com\/blog\/de\/gran-canaria-zu-weihnachten-organisieren-sie-ihren-unvergesslichen-fest\/#respond"]}]},{"@type":"WebPage","@id":"https:\/\/www.grancanariastays.com\/blog\/de\/gran-canaria-zu-weihnachten-organisieren-sie-ihren-unvergesslichen-fest\/","url":"https:\/\/www.grancanariastays.com\/blog\/de\/gran-canaria-zu-weihnachten-organisieren-sie-ihren-unvergesslichen-fest\/","name":"Gran Canaria zu Weihnachten - Vollst\u00e4ndiger Reisef\u00fchrer | GCS","isPartOf":{"@id":"https:\/\/www.grancanariastays.com\/blog\/#website"},"primaryImageOfPage":{"@id":"https:\/\/www.grancanariastays.com\/blog\/de\/gran-canaria-zu-weihnachten-organisieren-sie-ihren-unvergesslichen-fest\/#primaryimage"},"image":{"@id":"https:\/\/www.grancanariastays.com\/blog\/de\/gran-canaria-zu-weihnachten-organisieren-sie-ihren-unvergesslichen-fest\/#primaryimage"},"thumbnailUrl":"https:\/\/www.grancanariastays.com\/blog\/wp-content\/uploads\/2024\/11\/navidad-en-gran-canaria.webp","datePublished":"2024-12-01T08:00:00+00:00","dateModified":"2025-05-29T10:37:54+00:00","description":"Gran Canaria zu Weihnachten ist unvergesslich. Genie\u00dfen Sie ein unterhaltsames und warmes Reiseziel, perfekt f\u00fcr die ganze Familie.","breadcrumb":{"@id":"https:\/\/www.grancanariastays.com\/blog\/de\/gran-canaria-zu-weihnachten-organisieren-sie-ihren-unvergesslichen-fest\/#breadcrumb"},"inLanguage":"de","potentialAction":[{"@type":"ReadAction","target":["https:\/\/www.grancanariastays.com\/blog\/de\/gran-canaria-zu-weihnachten-organisieren-sie-ihren-unvergesslichen-fest\/"]}]},{"@type":"ImageObject","inLanguage":"de","@id":"https:\/\/www.grancanariastays.com\/blog\/de\/gran-canaria-zu-weihnachten-organisieren-sie-ihren-unvergesslichen-fest\/#primaryimage","url":"https:\/\/www.grancanariastays.com\/blog\/wp-content\/uploads\/2024\/11\/navidad-en-gran-canaria.webp","contentUrl":"https:\/\/www.grancanariastays.com\/blog\/wp-content\/uploads\/2024\/11\/navidad-en-gran-canaria.webp","width":1920,"height":600,"caption":"Christmas in Gran Canaria"},{"@type":"BreadcrumbList","@id":"https:\/\/www.grancanariastays.com\/blog\/de\/gran-canaria-zu-weihnachten-organisieren-sie-ihren-unvergesslichen-fest\/#breadcrumb","itemListElement":[{"@type":"ListItem","position":1,"name":"Portada","item":"https:\/\/www.grancanariastays.com\/blog\/"},{"@type":"ListItem","position":2,"name":"Gran Canaria zu Weihnachten: Organisieren Sie Ihren unvergesslichen Fest"}]},{"@type":"WebSite","@id":"https:\/\/www.grancanariastays.com\/blog\/#website","url":"https:\/\/www.grancanariastays.com\/blog\/","name":"Gran Canaria Stays","description":"","publisher":{"@id":"https:\/\/www.grancanariastays.com\/blog\/#organization"},"potentialAction":[{"@type":"SearchAction","target":{"@type":"EntryPoint","urlTemplate":"https:\/\/www.grancanariastays.com\/blog\/?s={search_term_string}"},"query-input":{"@type":"PropertyValueSpecification","valueRequired":true,"valueName":"search_term_string"}}],"inLanguage":"de"},{"@type":"Organization","@id":"https:\/\/www.grancanariastays.com\/blog\/#organization","name":"Gran Canaria Stays","url":"https:\/\/www.grancanariastays.com\/blog\/","logo":{"@type":"ImageObject","inLanguage":"de","@id":"https:\/\/www.grancanariastays.com\/blog\/#\/schema\/logo\/image\/","url":"https:\/\/www.grancanariastays.com\/blog\/wp-content\/uploads\/2024\/01\/logo-gran-canaria-stays.png","contentUrl":"https:\/\/www.grancanariastays.com\/blog\/wp-content\/uploads\/2024\/01\/logo-gran-canaria-stays.png","width":300,"height":112,"caption":"Gran Canaria Stays"},"image":{"@id":"https:\/\/www.grancanariastays.com\/blog\/#\/schema\/logo\/image\/"},"sameAs":["https:\/\/www.facebook.com\/Grancanariastays","https:\/\/www.instagram.com\/grancanariastays\/"]},{"@type":"Person","@id":"https:\/\/www.grancanariastays.com\/blog\/#\/schema\/person\/35f7856bb384d1ebae2b3aa592e46d5f","name":"digitalservices@avantio.com","image":{"@type":"ImageObject","inLanguage":"de","@id":"https:\/\/www.grancanariastays.com\/blog\/#\/schema\/person\/image\/","url":"https:\/\/secure.gravatar.com\/avatar\/af30f88a1904294c1f3eb09a9d7903eec4ffa18fa2cf40c28a8681014ecdfc20?s=96&d=mm&r=g","contentUrl":"https:\/\/secure.gravatar.com\/avatar\/af30f88a1904294c1f3eb09a9d7903eec4ffa18fa2cf40c28a8681014ecdfc20?s=96&d=mm&r=g","caption":"digitalservices@avantio.com"},"url":"https:\/\/www.grancanariastays.com\/blog\/de\/author\/digitalservicesavantio-com\/"}]}},"_links":{"self":[{"href":"https:\/\/www.grancanariastays.com\/blog\/de\/wp-json\/wp\/v2\/posts\/5187","targetHints":{"allow":["GET"]}}],"collection":[{"href":"https:\/\/www.grancanariastays.com\/blog\/de\/wp-json\/wp\/v2\/posts"}],"about":[{"href":"https:\/\/www.grancanariastays.com\/blog\/de\/wp-json\/wp\/v2\/types\/post"}],"author":[{"embeddable":true,"href":"https:\/\/www.grancanariastays.com\/blog\/de\/wp-json\/wp\/v2\/users\/3"}],"replies":[{"embeddable":true,"href":"https:\/\/www.grancanariastays.com\/blog\/de\/wp-json\/wp\/v2\/comments?post=5187"}],"version-history":[{"count":4,"href":"https:\/\/www.grancanariastays.com\/blog\/de\/wp-json\/wp\/v2\/posts\/5187\/revisions"}],"predecessor-version":[{"id":5198,"href":"https:\/\/www.grancanariastays.com\/blog\/de\/wp-json\/wp\/v2\/posts\/5187\/revisions\/5198"}],"wp:featuredmedia":[{"embeddable":true,"href":"https:\/\/www.grancanariastays.com\/blog\/de\/wp-json\/wp\/v2\/media\/5174"}],"wp:attachment":[{"href":"https:\/\/www.grancanariastays.com\/blog\/de\/wp-json\/wp\/v2\/media?parent=5187"}],"wp:term":[{"taxonomy":"category","embeddable":true,"href":"https:\/\/www.grancanariastays.com\/blog\/de\/wp-json\/wp\/v2\/categories?post=5187"},{"taxonomy":"post_tag","embeddable":true,"href":"https:\/\/www.grancanariastays.com\/blog\/de\/wp-json\/wp\/v2\/tags?post=5187"}],"curies":[{"name":"wp","href":"https:\/\/api.w.org\/{rel}","templated":true}]}}