{"id":1564,"date":"2023-09-12T15:06:39","date_gmt":"2023-09-12T15:06:39","guid":{"rendered":"https:\/\/www.grancanariastays.com\/blog\/?p=1564"},"modified":"2025-05-29T10:20:31","modified_gmt":"2025-05-29T10:20:31","slug":"winter-pride-maspalomas","status":"publish","type":"post","link":"https:\/\/www.grancanariastays.com\/blog\/winter-pride-maspalomas\/","title":{"rendered":"Winter Pride Maspalomas 2024: la Celebraci\u00f3n del Orgullo que ilumina el invierno"},"content":{"rendered":"\t\t<div data-elementor-type=\"wp-post\" data-elementor-id=\"1564\" class=\"elementor elementor-1564\" data-elementor-post-type=\"post\">\n\t\t\t\t\t\t<section class=\"elementor-section elementor-top-section elementor-element elementor-element-7ea00ca2 elementor-section-boxed elementor-section-height-default elementor-section-height-default\" data-id=\"7ea00ca2\" data-element_type=\"section\">\n\t\t\t\t\t\t<div class=\"elementor-container elementor-column-gap-default\">\n\t\t\t\t\t<div class=\"elementor-column elementor-col-100 elementor-top-column elementor-element elementor-element-1fa273d4\" data-id=\"1fa273d4\" data-element_type=\"column\">\n\t\t\t<div class=\"elementor-widget-wrap elementor-element-populated\">\n\t\t\t\t\t\t<div class=\"elementor-element elementor-element-76336708 elementor-widget elementor-widget-text-editor\" data-id=\"76336708\" data-element_type=\"widget\" data-widget_type=\"text-editor.default\">\n\t\t\t\t<div class=\"elementor-widget-container\">\n\t\t\t\t\t\t\t\t\t<p><span style=\"font-weight: 400;\">Incluso cuando las temperaturas comienzan a bajar en otros lugares, Maspalomas en Gran Canaria mantiene su clima c\u00e1lido y acogedor, id\u00f3neo para la celebraci\u00f3n del<\/span><b> Winter Pride Maspalomas 2024<\/b><span style=\"font-weight: 400;\">. Este evento es mucho m\u00e1s que una fiesta, es un hito en el calendario LGBT+ que transforma la ciudad en un arco\u00edris de alegr\u00eda, tolerancia y diversi\u00f3n.<\/span><\/p>\t\t\t\t\t\t\t\t<\/div>\n\t\t\t\t<\/div>\n\t\t\t\t\t<\/div>\n\t\t<\/div>\n\t\t\t\t\t<\/div>\n\t\t<\/section>\n\t\t\t\t<section class=\"elementor-section elementor-top-section elementor-element elementor-element-52d27ea elementor-section-boxed elementor-section-height-default elementor-section-height-default\" data-id=\"52d27ea\" data-element_type=\"section\">\n\t\t\t\t\t\t<div class=\"elementor-container elementor-column-gap-default\">\n\t\t\t\t\t<div class=\"elementor-column elementor-col-100 elementor-top-column elementor-element elementor-element-fe70941\" data-id=\"fe70941\" data-element_type=\"column\">\n\t\t\t<div class=\"elementor-widget-wrap elementor-element-populated\">\n\t\t\t\t\t\t<div class=\"elementor-element elementor-element-6880476 elementor-blockquote--skin-border elementor-blockquote--button-color-official elementor-widget elementor-widget-blockquote\" data-id=\"6880476\" data-element_type=\"widget\" data-widget_type=\"blockquote.default\">\n\t\t\t\t<div class=\"elementor-widget-container\">\n\t\t\t\t\t\t\t<blockquote class=\"elementor-blockquote\">\n\t\t\t<p class=\"elementor-blockquote__content\">\n\t\t\t\tTe esperamos del 4 al 10 de noviembre para celebrar el Winter Pride de Maspalomas.\t\t\t<\/p>\n\t\t\t\t\t<\/blockquote>\n\t\t\t\t\t\t<\/div>\n\t\t\t\t<\/div>\n\t\t\t\t\t<\/div>\n\t\t<\/div>\n\t\t\t\t\t<\/div>\n\t\t<\/section>\n\t\t\t\t<section class=\"elementor-section elementor-top-section elementor-element elementor-element-e2cdd5f elementor-section-boxed elementor-section-height-default elementor-section-height-default\" data-id=\"e2cdd5f\" data-element_type=\"section\">\n\t\t\t\t\t\t<div class=\"elementor-container elementor-column-gap-default\">\n\t\t\t\t\t<div class=\"elementor-column elementor-col-100 elementor-top-column elementor-element elementor-element-e670215\" data-id=\"e670215\" data-element_type=\"column\">\n\t\t\t<div class=\"elementor-widget-wrap elementor-element-populated\">\n\t\t\t\t\t\t<div class=\"elementor-element elementor-element-54473ca elementor-widget elementor-widget-heading\" data-id=\"54473ca\" data-element_type=\"widget\" data-widget_type=\"heading.default\">\n\t\t\t\t<div class=\"elementor-widget-container\">\n\t\t\t\t\t<h2 class=\"elementor-heading-title elementor-size-default\">Eventos del Winter Pride de Maspalomas\n<\/h2>\t\t\t\t<\/div>\n\t\t\t\t<\/div>\n\t\t\t\t<div class=\"elementor-element elementor-element-2e55ff3 elementor-widget elementor-widget-text-editor\" data-id=\"2e55ff3\" data-element_type=\"widget\" data-widget_type=\"text-editor.default\">\n\t\t\t\t<div class=\"elementor-widget-container\">\n\t\t\t\t\t\t\t\t\t<p><span style=\"font-weight: 400;\">El <\/span><b><a href=\"https:\/\/www.winterpride.com\/es\/\">Winter Pride<\/a> Maspalomas 2024<\/b><span style=\"font-weight: 400;\"> tiene un itinerario impresionante que garantiza d\u00edas llenos de emoci\u00f3n y entretenimiento. Durante toda la semana, tendr\u00e1n lugar varios eventos y actuaciones concebidos para abarcar todos los gustos y edades.<\/span><\/p><p>\u00a0<\/p><ul><li>Lunes 4 de noviembre: <strong>BBQ y Pool Party<\/strong> en <strong>AxelBeach Hotel<\/strong><\/li><li>Martes 5 de noviembre: <strong>Drama Queen Pool Party<\/strong> en <strong>Hotel Ritual<\/strong> + <strong>Padel with pride + Activities in the Yumbo Main Stage<\/strong><\/li><li>Mi\u00e9rcoles 6 de noviembre: Wet &amp; White \u2013 Amadores Beach Club + CrossFit en Playa del Ingl\u00e9s\u00a0+ Gay Boat Sunset Cruise<\/li><li>Jueves 7 de noviembre: XXX Men Only Boat Trip + Candyland\u00a0&#8211; Blue Marlin Skylounge<\/li><li>Viernes 8 de noviembre: Tropicana, Main Pool Party en Ocean Club<\/li><li>S\u00e1bado 9 de noviembre: Pride Walk por Avenida de Tirajana + Pride Walk After Party<\/li><li>Domingo 10 de noviembre: T-Dance + Pride Stars<\/li><\/ul><p>\u00a0<\/p><p><span style=\"background-color: transparent;\">Un <\/span><b style=\"background-color: transparent;\">festival al aire libre<\/b><span style=\"background-color: transparent;\"> se celebrar\u00e1 cada tarde en el famoso <b>Yumbo Centre<\/b>. Como asistente, puedes esperar una mezcla ecl\u00e9ctica de artistas internacionales y locales que amenizar\u00e1n el ambiente con m\u00fasica en vivo. Desde pop y <\/span><i style=\"background-color: transparent;\">dance<\/i><span style=\"background-color: transparent;\"> hasta g\u00e9neros m\u00e1s alternativos, siempre hallar\u00e1s algo que encaje con cada amante de la m\u00fasica en el <\/span><b style=\"background-color: transparent;\">Maspalomas Winter Pride<\/b><span style=\"background-color: transparent;\">.<\/span><\/p><p><span style=\"background-color: transparent;\">El <\/span><b style=\"background-color: transparent;\">desfile del Pride<\/b><span style=\"background-color: transparent;\">, el coraz\u00f3n palpitante de las celebraciones, es el evento m\u00e1s esperado de la semana. Carrozas adornadas de colores, m\u00fasica vibrante y multitudes entusiastas se dar\u00e1n cita en las calles de Maspalomas, transmitiendo un mensaje poderoso de aceptaci\u00f3n y amor. S<\/span><span style=\"background-color: transparent;\">i te apetece combinar la celebraci\u00f3n con un poco de relajaci\u00f3n, la <\/span><b style=\"background-color: transparent;\">fiesta en la playa<\/b><span style=\"background-color: transparent;\"> no deber\u00eda faltar en tu agenda. Podr\u00e1s disfrutar de un d\u00eda de sol, mar y arena, todo al ritmo de la mejor m\u00fasica.<\/span><\/p><p><span style=\"background-color: transparent;\">Los <\/span><b style=\"background-color: transparent;\">eventos deportivos,<\/b><span style=\"background-color: transparent;\"> como las carreras y los torneos, tambi\u00e9n forman parte del programa. Estos eventos no solo promueven un estilo de vida saludable, sino que fomentan la amistad y el esp\u00edritu de equipo entre los participantes.<\/span><\/p>\t\t\t\t\t\t\t\t<\/div>\n\t\t\t\t<\/div>\n\t\t\t\t\t<\/div>\n\t\t<\/div>\n\t\t\t\t\t<\/div>\n\t\t<\/section>\n\t\t\t\t<section class=\"elementor-section elementor-top-section elementor-element elementor-element-52b24b6 elementor-section-boxed elementor-section-height-default elementor-section-height-default\" data-id=\"52b24b6\" data-element_type=\"section\">\n\t\t\t\t\t\t<div class=\"elementor-container elementor-column-gap-default\">\n\t\t\t\t\t<div class=\"elementor-column elementor-col-100 elementor-top-column elementor-element elementor-element-321753e\" data-id=\"321753e\" data-element_type=\"column\">\n\t\t\t<div class=\"elementor-widget-wrap elementor-element-populated\">\n\t\t\t\t\t\t<div class=\"elementor-element elementor-element-dcef3a9 elementor-widget__width-initial elementor-widget elementor-widget-image\" data-id=\"dcef3a9\" data-element_type=\"widget\" data-widget_type=\"image.default\">\n\t\t\t\t<div class=\"elementor-widget-container\">\n\t\t\t\t\t\t\t\t\t\t\t\t\t\t\t<img decoding=\"async\" src=\"https:\/\/www.grancanariastays.com\/blog\/wp-content\/uploads\/elementor\/thumbs\/festival-winter-pride-canarias-qc1uc97ozk5i5h3lzo724bb4pvuu3knsoxw5agbgr8.jpg\" title=\"festival winter pride maspalomas en gran canaria\" alt=\"festival winter pride maspalomas en gran canaria\" loading=\"lazy\" \/>\t\t\t\t\t\t\t\t\t\t\t\t\t\t\t<\/div>\n\t\t\t\t<\/div>\n\t\t\t\t\t<\/div>\n\t\t<\/div>\n\t\t\t\t\t<\/div>\n\t\t<\/section>\n\t\t\t\t<section class=\"elementor-section elementor-top-section elementor-element elementor-element-f1c7022 elementor-section-boxed elementor-section-height-default elementor-section-height-default\" data-id=\"f1c7022\" data-element_type=\"section\">\n\t\t\t\t\t\t<div class=\"elementor-container elementor-column-gap-default\">\n\t\t\t\t\t<div class=\"elementor-column elementor-col-100 elementor-top-column elementor-element elementor-element-beeab6d\" data-id=\"beeab6d\" data-element_type=\"column\">\n\t\t\t<div class=\"elementor-widget-wrap elementor-element-populated\">\n\t\t\t\t\t\t<div class=\"elementor-element elementor-element-a655973 elementor-widget elementor-widget-heading\" data-id=\"a655973\" data-element_type=\"widget\" data-widget_type=\"heading.default\">\n\t\t\t\t<div class=\"elementor-widget-container\">\n\t\t\t\t\t<h2 class=\"elementor-heading-title elementor-size-default\">El ambiente en el Maspalomas Winter Pride<\/h2>\t\t\t\t<\/div>\n\t\t\t\t<\/div>\n\t\t\t\t\t<\/div>\n\t\t<\/div>\n\t\t\t\t\t<\/div>\n\t\t<\/section>\n\t\t\t\t<section class=\"elementor-section elementor-top-section elementor-element elementor-element-2d2f907 elementor-section-boxed elementor-section-height-default elementor-section-height-default\" data-id=\"2d2f907\" data-element_type=\"section\">\n\t\t\t\t\t\t<div class=\"elementor-container elementor-column-gap-default\">\n\t\t\t\t\t<div class=\"elementor-column elementor-col-100 elementor-top-column elementor-element elementor-element-12878c7\" data-id=\"12878c7\" data-element_type=\"column\">\n\t\t\t<div class=\"elementor-widget-wrap elementor-element-populated\">\n\t\t\t\t\t\t<div class=\"elementor-element elementor-element-d89e0cd elementor-widget elementor-widget-text-editor\" data-id=\"d89e0cd\" data-element_type=\"widget\" data-widget_type=\"text-editor.default\">\n\t\t\t\t<div class=\"elementor-widget-container\">\n\t\t\t\t\t\t\t\t\t<p><span style=\"font-weight: 400;\">El ambiente del <\/span><b>Maspalomas Winter Pride 2024<\/b><span style=\"font-weight: 400;\"> es, sin duda, uno de los aspectos m\u00e1s cautivadores del evento. Durante toda la semana, la isla se transforma en un despliegue de color, m\u00fasica y alegr\u00eda que llena cada rinc\u00f3n de la ciudad.<\/span><\/p><p><span style=\"background-color: transparent;\">La energ\u00eda vibrante de las festividades se siente desde el amanecer hasta el anochecer. La ciudad se llena de banderas arco\u00edris, purpurina y sonrisas, dando lugar a un ambiente que cautiva tanto a los visitantes como a los locales.<\/span><\/p><p><span style=\"background-color: transparent;\">En las plazas, terrazas y bares, te aguarda un constante hervidero de actividades y emociones. Los conciertos al aire libre son un centro de diversi\u00f3n y baile, donde la m\u00fasica une a todos, sin importar cu\u00e1l es su origen o identidad. Los artistas crean un ambiente de fiesta con su m\u00fasica, al tiempo que el p\u00fablico responde con un entusiasmo contagioso.<\/span><\/p><p><span style=\"background-color: transparent;\">El <\/span><b style=\"background-color: transparent;\">desfile del Pride es<\/b><span style=\"background-color: transparent;\">, por supuesto, el punto culminante del ambiente festivo. Las carrozas adornadas, los disfraces extravagantes y la multitud entregada generan una atm\u00f3sfera de celebraci\u00f3n que te costar\u00e1 olvidar.<\/span><\/p>\t\t\t\t\t\t\t\t<\/div>\n\t\t\t\t<\/div>\n\t\t\t\t\t<\/div>\n\t\t<\/div>\n\t\t\t\t\t<\/div>\n\t\t<\/section>\n\t\t\t\t<section class=\"elementor-section elementor-top-section elementor-element elementor-element-011ac5e elementor-section-boxed elementor-section-height-default elementor-section-height-default\" data-id=\"011ac5e\" data-element_type=\"section\">\n\t\t\t\t\t\t<div class=\"elementor-container elementor-column-gap-default\">\n\t\t\t\t\t<div class=\"elementor-column elementor-col-100 elementor-top-column elementor-element elementor-element-c72d6f2\" data-id=\"c72d6f2\" data-element_type=\"column\">\n\t\t\t<div class=\"elementor-widget-wrap elementor-element-populated\">\n\t\t\t\t\t\t<div class=\"elementor-element elementor-element-fc4381e elementor-widget elementor-widget-heading\" data-id=\"fc4381e\" data-element_type=\"widget\" data-widget_type=\"heading.default\">\n\t\t\t\t<div class=\"elementor-widget-container\">\n\t\t\t\t\t<h2 class=\"elementor-heading-title elementor-size-default\">Maspalomas como destino LGBT+ Friendly<\/h2>\t\t\t\t<\/div>\n\t\t\t\t<\/div>\n\t\t\t\t\t<\/div>\n\t\t<\/div>\n\t\t\t\t\t<\/div>\n\t\t<\/section>\n\t\t\t\t<section class=\"elementor-section elementor-top-section elementor-element elementor-element-a7592f0 elementor-section-boxed elementor-section-height-default elementor-section-height-default\" data-id=\"a7592f0\" data-element_type=\"section\">\n\t\t\t\t\t\t<div class=\"elementor-container elementor-column-gap-default\">\n\t\t\t\t\t<div class=\"elementor-column elementor-col-50 elementor-top-column elementor-element elementor-element-069508e\" data-id=\"069508e\" data-element_type=\"column\">\n\t\t\t<div class=\"elementor-widget-wrap elementor-element-populated\">\n\t\t\t\t\t\t<div class=\"elementor-element elementor-element-7379ae5 elementor-widget elementor-widget-text-editor\" data-id=\"7379ae5\" data-element_type=\"widget\" data-widget_type=\"text-editor.default\">\n\t\t\t\t<div class=\"elementor-widget-container\">\n\t\t\t\t\t\t\t\t\t<p><span style=\"background-color: transparent;\"><span style=\"font-weight: 400;\">Maspalomas se ha ganado el reconocimiento como uno de los principales destinos amigables con la comunidad LGBT+ en el mundo, y no es dif\u00edcil entender por qu\u00e9. Con una atm\u00f3sfera abierta y acogedora y una agenda de eventos dise\u00f1ados para la comunidad LGBT+, Maspalomas es un destino que celebra la diversidad y la inclusi\u00f3n.<\/span><\/span><\/p><p><span style=\"background-color: transparent;\">Uno de sus principales reclamos es el\u00a0<\/span><span style=\"background-color: transparent; font-weight: bold;\">Centro Comercial Yumbo<\/span><span style=\"background-color: transparent;\">. Este famoso punto de encuentro es conocido por su gran cantidad de bares, restaurantes y tiendas orientados a la comunidad LGBT+. Los viajeros pueden encontrar aqu\u00ed una variedad de alternativas de ocio, desde bares de c\u00f3cteles y discotecas hasta espect\u00e1culos de\u00a0<\/span><i style=\"background-color: transparent;\">drag\u00a0<\/i><span style=\"background-color: transparent;\">y m\u00fasica en vivo.<\/span><\/p><p><span style=\"background-color: transparent;\">Si buscas relajarte bajo el sol, la <\/span><b style=\"background-color: transparent;\">playa de Maspalomas<\/b><span style=\"background-color: transparent;\"> es el lugar id\u00f3neo. Reconocida por ser especialmente amigable con la comunidad LGBT+, este arenal ofrece un ambiente tranquilo y acogedor. I<\/span><span style=\"background-color: transparent;\">gualmente, la isla alberga numerosos <\/span><b style=\"background-color: transparent;\">eventos LGBT+<\/b><span style=\"background-color: transparent;\">, siendo el Winter Pride el m\u00e1s destacado. Sin embargo, a lo largo del a\u00f1o, hay otros eventos que fomentan la diversidad y la inclusi\u00f3n, como el Maspalomas Gay Pride en mayo y el Freedom Festival en septiembre.<\/span><\/p><p><span style=\"background-color: transparent;\">La isla atesora una amplia diversidad de <\/span><a href=\"https:\/\/www.grancanariastays.com\/alquiler\/alquileres-maspalomas-san-bartolome-de-tirajana-n1904047\/\"><b>alojamientos<\/b><\/a> <span style=\"background-color: transparent;\">que prestan servicios especializados para satisfacer las necesidades de este grupo de viajeros. Algunos de estos alojamientos incluso organizan eventos sociales y fiestas en la piscina.<\/span><\/p><p><span style=\"background-color: transparent;\">Aparte de su ambiente inclusivo, Maspalomas destaca por su compromiso con la <\/span><b style=\"background-color: transparent;\">seguridad y los derechos LGBT+<\/b><span style=\"background-color: transparent;\">. As\u00ed, la ciudad dispone de un equipo de polic\u00eda tur\u00edstica que trabaja para garantizar la seguridad de los visitantes.<\/span><\/p>\t\t\t\t\t\t\t\t<\/div>\n\t\t\t\t<\/div>\n\t\t\t\t\t<\/div>\n\t\t<\/div>\n\t\t\t\t<div class=\"elementor-column elementor-col-50 elementor-top-column elementor-element elementor-element-bca54ee\" data-id=\"bca54ee\" data-element_type=\"column\">\n\t\t\t<div class=\"elementor-widget-wrap elementor-element-populated\">\n\t\t\t\t\t\t<div class=\"elementor-element elementor-element-c28dbc2 elementor-widget elementor-widget-image\" data-id=\"c28dbc2\" data-element_type=\"widget\" data-widget_type=\"image.default\">\n\t\t\t\t<div class=\"elementor-widget-container\">\n\t\t\t\t\t\t\t\t\t\t\t\t<figure class=\"wp-caption\">\n\t\t\t\t\t\t\t\t\t\t\t<a href=\"https:\/\/www.winterpride.com\/\">\n\t\t\t\t\t\t\t<img fetchpriority=\"high\" decoding=\"async\" width=\"840\" height=\"1200\" src=\"https:\/\/www.grancanariastays.com\/blog\/wp-content\/uploads\/2023\/09\/flyer2024.jpg\" class=\"attachment-full size-full wp-image-4990\" alt=\"\" srcset=\"https:\/\/www.grancanariastays.com\/blog\/wp-content\/uploads\/2023\/09\/flyer2024.jpg 840w, https:\/\/www.grancanariastays.com\/blog\/wp-content\/uploads\/2023\/09\/flyer2024-210x300.jpg 210w, https:\/\/www.grancanariastays.com\/blog\/wp-content\/uploads\/2023\/09\/flyer2024-717x1024.jpg 717w, https:\/\/www.grancanariastays.com\/blog\/wp-content\/uploads\/2023\/09\/flyer2024-768x1097.jpg 768w\" sizes=\"(max-width: 840px) 100vw, 840px\" \/>\t\t\t\t\t\t\t\t<\/a>\n\t\t\t\t\t\t\t\t\t\t\t<figcaption class=\"widget-image-caption wp-caption-text\">Source: https:\/\/www.winterpride.com\/<\/figcaption>\n\t\t\t\t\t\t\t\t\t\t<\/figure>\n\t\t\t\t\t\t\t\t\t<\/div>\n\t\t\t\t<\/div>\n\t\t\t\t\t<\/div>\n\t\t<\/div>\n\t\t\t\t\t<\/div>\n\t\t<\/section>\n\t\t\t\t<section class=\"elementor-section elementor-top-section elementor-element elementor-element-176b0ec elementor-section-boxed elementor-section-height-default elementor-section-height-default\" data-id=\"176b0ec\" data-element_type=\"section\">\n\t\t\t\t\t\t<div class=\"elementor-container elementor-column-gap-default\">\n\t\t\t\t\t<div class=\"elementor-column elementor-col-100 elementor-top-column elementor-element elementor-element-fc84b52\" data-id=\"fc84b52\" data-element_type=\"column\">\n\t\t\t<div class=\"elementor-widget-wrap elementor-element-populated\">\n\t\t\t\t\t\t<div class=\"elementor-element elementor-element-e284881 elementor-widget elementor-widget-heading\" data-id=\"e284881\" data-element_type=\"widget\" data-widget_type=\"heading.default\">\n\t\t\t\t<div class=\"elementor-widget-container\">\n\t\t\t\t\t<h2 class=\"elementor-heading-title elementor-size-default\">Vive todos los colores del arcoiris y del resto de banderas en el  Maspalomas Winter Pride<\/h2>\t\t\t\t<\/div>\n\t\t\t\t<\/div>\n\t\t\t\t<div class=\"elementor-element elementor-element-912d511 elementor-widget elementor-widget-text-editor\" data-id=\"912d511\" data-element_type=\"widget\" data-widget_type=\"text-editor.default\">\n\t\t\t\t<div class=\"elementor-widget-container\">\n\t\t\t\t\t\t\t\t\t<p><b>Winter Pride Maspalomas 2024<\/b><span style=\"font-weight: 400;\"> promete ser una celebraci\u00f3n llena de color, m\u00fasica, solidaridad y alegr\u00eda. Una oportunidad \u00fanica para disfrutar del clima privilegiado de Gran Canaria, mientras te unes a una fiesta que abraza la diversidad y el respeto. En Maspalomas, el invierno es sin\u00f3nimo de orgullo. \u00a1Te esperamos en la celebraci\u00f3n m\u00e1s c\u00e1lida del a\u00f1o!<\/span><\/p>\t\t\t\t\t\t\t\t<\/div>\n\t\t\t\t<\/div>\n\t\t\t\t\t<\/div>\n\t\t<\/div>\n\t\t\t\t\t<\/div>\n\t\t<\/section>\n\t\t\t\t<section class=\"elementor-section elementor-top-section elementor-element elementor-element-51aac8f0 elementor-section-boxed elementor-section-height-default elementor-section-height-default\" data-id=\"51aac8f0\" data-element_type=\"section\">\n\t\t\t\t\t\t<div class=\"elementor-container elementor-column-gap-default\">\n\t\t\t\t\t<div class=\"elementor-column elementor-col-33 elementor-top-column elementor-element elementor-element-2b07f9ba\" data-id=\"2b07f9ba\" data-element_type=\"column\">\n\t\t\t<div class=\"elementor-widget-wrap elementor-element-populated\">\n\t\t\t\t\t\t<div class=\"elementor-element elementor-element-4e2421c6 elementor-align-center elementor-widget elementor-widget-button\" data-id=\"4e2421c6\" data-element_type=\"widget\" data-widget_type=\"button.default\">\n\t\t\t\t<div class=\"elementor-widget-container\">\n\t\t\t\t\t\t\t\t\t<div class=\"elementor-button-wrapper\">\n\t\t\t\t\t<a class=\"elementor-button elementor-button-link elementor-size-sm\" href=\"https:\/\/www.grancanariastays.com\/alquiler\/casas-maspalomas-san-bartolome-de-tirajana-c19n1904047\/\" target=\"_blank\">\n\t\t\t\t\t\t<span class=\"elementor-button-content-wrapper\">\n\t\t\t\t\t\t\t\t\t<span class=\"elementor-button-text\">Casas en Maspalomas<\/span>\n\t\t\t\t\t<\/span>\n\t\t\t\t\t<\/a>\n\t\t\t\t<\/div>\n\t\t\t\t\t\t\t\t<\/div>\n\t\t\t\t<\/div>\n\t\t\t\t\t<\/div>\n\t\t<\/div>\n\t\t\t\t<div class=\"elementor-column elementor-col-33 elementor-top-column elementor-element elementor-element-67299caf\" data-id=\"67299caf\" data-element_type=\"column\">\n\t\t\t<div class=\"elementor-widget-wrap elementor-element-populated\">\n\t\t\t\t\t\t<div class=\"elementor-element elementor-element-7f57f632 elementor-align-center elementor-widget elementor-widget-button\" data-id=\"7f57f632\" data-element_type=\"widget\" data-widget_type=\"button.default\">\n\t\t\t\t<div class=\"elementor-widget-container\">\n\t\t\t\t\t\t\t\t\t<div class=\"elementor-button-wrapper\">\n\t\t\t\t\t<a class=\"elementor-button elementor-button-link elementor-size-sm\" href=\"https:\/\/www.grancanariastays.com\/alquiler\/chalets-maspalomas-san-bartolome-de-tirajana-c20n1904047\/\" target=\"_blank\">\n\t\t\t\t\t\t<span class=\"elementor-button-content-wrapper\">\n\t\t\t\t\t\t\t\t\t<span class=\"elementor-button-text\">Chalet en Maspalomas<\/span>\n\t\t\t\t\t<\/span>\n\t\t\t\t\t<\/a>\n\t\t\t\t<\/div>\n\t\t\t\t\t\t\t\t<\/div>\n\t\t\t\t<\/div>\n\t\t\t\t\t<\/div>\n\t\t<\/div>\n\t\t\t\t<div class=\"elementor-column elementor-col-33 elementor-top-column elementor-element elementor-element-42a44c07\" data-id=\"42a44c07\" data-element_type=\"column\">\n\t\t\t<div class=\"elementor-widget-wrap elementor-element-populated\">\n\t\t\t\t\t\t<div class=\"elementor-element elementor-element-60752216 elementor-align-center elementor-widget elementor-widget-button\" data-id=\"60752216\" data-element_type=\"widget\" data-widget_type=\"button.default\">\n\t\t\t\t<div class=\"elementor-widget-container\">\n\t\t\t\t\t\t\t\t\t<div class=\"elementor-button-wrapper\">\n\t\t\t\t\t<a class=\"elementor-button elementor-button-link elementor-size-sm\" href=\"https:\/\/www.grancanariastays.com\/alquiler\/bungalows-maspalomas-san-bartolome-de-tirajana-c21n1904047\/\" target=\"_blank\">\n\t\t\t\t\t\t<span class=\"elementor-button-content-wrapper\">\n\t\t\t\t\t\t\t\t\t<span class=\"elementor-button-text\">Bungalow en Maspalomas<\/span>\n\t\t\t\t\t<\/span>\n\t\t\t\t\t<\/a>\n\t\t\t\t<\/div>\n\t\t\t\t\t\t\t\t<\/div>\n\t\t\t\t<\/div>\n\t\t\t\t\t<\/div>\n\t\t<\/div>\n\t\t\t\t\t<\/div>\n\t\t<\/section>\n\t\t\t\t<\/div>\n\t\t","protected":false},"excerpt":{"rendered":"<p>Incluso cuando las temperaturas comienzan a bajar en otros lugares, Maspalomas en Gran Canaria mantiene su clima c\u00e1lido y acogedor, id\u00f3neo para la celebraci\u00f3n del Winter Pride Maspalomas 2024. Este evento es mucho m\u00e1s que una fiesta, es un hito en el calendario LGBT+ que transforma la ciudad en un arco\u00edris de alegr\u00eda, tolerancia y [&hellip;]<\/p>\n","protected":false},"author":3,"featured_media":1604,"comment_status":"open","ping_status":"open","sticky":false,"template":"","format":"standard","meta":{"footnotes":""},"categories":[57],"tags":[85,84],"class_list":["post-1564","post","type-post","status-publish","format-standard","has-post-thumbnail","hentry","category-fiestas-y-eventos","tag-winter-pride-2023-gran-canaria","tag-winter-pride-maspalomas"],"yoast_head":"<!-- This site is optimized with the Yoast SEO plugin v25.1 - https:\/\/yoast.com\/wordpress\/plugins\/seo\/ -->\n<title>Winter Pride Maspalomas 2023: el Orgullo en invierno<\/title>\n<meta name=\"description\" content=\"Llega el Winter Pride de Maspalomas 2023 lleno de fiesta y buen ambiente. En noviembre, Maspalomas se llena de colores. \u00a1Ven a disfrutarlo!\" \/>\n<meta name=\"robots\" content=\"index, follow, max-snippet:-1, max-image-preview:large, max-video-preview:-1\" \/>\n<link rel=\"canonical\" href=\"https:\/\/www.grancanariastays.com\/blog\/winter-pride-maspalomas\/\" \/>\n<meta property=\"og:locale\" content=\"es_ES\" \/>\n<meta property=\"og:type\" content=\"article\" \/>\n<meta property=\"og:title\" content=\"Winter Pride Maspalomas 2023: el Orgullo en invierno\" \/>\n<meta property=\"og:description\" content=\"Llega el Winter Pride de Maspalomas 2023 lleno de fiesta y buen ambiente. En noviembre, Maspalomas se llena de colores. \u00a1Ven a disfrutarlo!\" \/>\n<meta property=\"og:url\" content=\"https:\/\/www.grancanariastays.com\/blog\/winter-pride-maspalomas\/\" \/>\n<meta property=\"og:site_name\" content=\"Gran Canaria | Blog\" \/>\n<meta property=\"article:publisher\" content=\"https:\/\/www.facebook.com\/Grancanariastays\" \/>\n<meta property=\"article:published_time\" content=\"2023-09-12T15:06:39+00:00\" \/>\n<meta property=\"article:modified_time\" content=\"2025-05-29T10:20:31+00:00\" \/>\n<meta property=\"og:image\" content=\"https:\/\/www.grancanariastays.com\/blog\/wp-content\/uploads\/2023\/09\/winter-pride-maspalomas-gran-canaria-1.jpg\" \/>\n\t<meta property=\"og:image:width\" content=\"1920\" \/>\n\t<meta property=\"og:image:height\" content=\"700\" \/>\n\t<meta property=\"og:image:type\" content=\"image\/jpeg\" \/>\n<meta name=\"author\" content=\"digitalservices@avantio.com\" \/>\n<meta name=\"twitter:card\" content=\"summary_large_image\" \/>\n<meta name=\"twitter:label1\" content=\"Written by\" \/>\n\t<meta name=\"twitter:data1\" content=\"digitalservices@avantio.com\" \/>\n\t<meta name=\"twitter:label2\" content=\"Est. reading time\" \/>\n\t<meta name=\"twitter:data2\" content=\"5 minutes\" \/>\n<script type=\"application\/ld+json\" class=\"yoast-schema-graph\">{\"@context\":\"https:\/\/schema.org\",\"@graph\":[{\"@type\":\"Article\",\"@id\":\"https:\/\/www.grancanariastays.com\/blog\/winter-pride-maspalomas\/#article\",\"isPartOf\":{\"@id\":\"https:\/\/www.grancanariastays.com\/blog\/winter-pride-maspalomas\/\"},\"author\":{\"name\":\"digitalservices@avantio.com\",\"@id\":\"https:\/\/www.grancanariastays.com\/blog\/#\/schema\/person\/35f7856bb384d1ebae2b3aa592e46d5f\"},\"headline\":\"Winter Pride Maspalomas 2024: la Celebraci\u00f3n del Orgullo que ilumina el invierno\",\"datePublished\":\"2023-09-12T15:06:39+00:00\",\"dateModified\":\"2025-05-29T10:20:31+00:00\",\"mainEntityOfPage\":{\"@id\":\"https:\/\/www.grancanariastays.com\/blog\/winter-pride-maspalomas\/\"},\"wordCount\":977,\"commentCount\":0,\"publisher\":{\"@id\":\"https:\/\/www.grancanariastays.com\/blog\/#organization\"},\"image\":{\"@id\":\"https:\/\/www.grancanariastays.com\/blog\/winter-pride-maspalomas\/#primaryimage\"},\"thumbnailUrl\":\"https:\/\/www.grancanariastays.com\/blog\/wp-content\/uploads\/2023\/09\/winter-pride-maspalomas-gran-canaria-1.jpg\",\"keywords\":[\"winter pride 2023 gran canaria\",\"winter pride maspalomas\"],\"articleSection\":[\"Fiestas y Eventos\"],\"inLanguage\":\"es\",\"potentialAction\":[{\"@type\":\"CommentAction\",\"name\":\"Comment\",\"target\":[\"https:\/\/www.grancanariastays.com\/blog\/winter-pride-maspalomas\/#respond\"]}]},{\"@type\":\"WebPage\",\"@id\":\"https:\/\/www.grancanariastays.com\/blog\/winter-pride-maspalomas\/\",\"url\":\"https:\/\/www.grancanariastays.com\/blog\/winter-pride-maspalomas\/\",\"name\":\"Winter Pride Maspalomas 2023: el Orgullo en invierno\",\"isPartOf\":{\"@id\":\"https:\/\/www.grancanariastays.com\/blog\/#website\"},\"primaryImageOfPage\":{\"@id\":\"https:\/\/www.grancanariastays.com\/blog\/winter-pride-maspalomas\/#primaryimage\"},\"image\":{\"@id\":\"https:\/\/www.grancanariastays.com\/blog\/winter-pride-maspalomas\/#primaryimage\"},\"thumbnailUrl\":\"https:\/\/www.grancanariastays.com\/blog\/wp-content\/uploads\/2023\/09\/winter-pride-maspalomas-gran-canaria-1.jpg\",\"datePublished\":\"2023-09-12T15:06:39+00:00\",\"dateModified\":\"2025-05-29T10:20:31+00:00\",\"description\":\"Llega el Winter Pride de Maspalomas 2023 lleno de fiesta y buen ambiente. En noviembre, Maspalomas se llena de colores. \u00a1Ven a disfrutarlo!\",\"breadcrumb\":{\"@id\":\"https:\/\/www.grancanariastays.com\/blog\/winter-pride-maspalomas\/#breadcrumb\"},\"inLanguage\":\"es\",\"potentialAction\":[{\"@type\":\"ReadAction\",\"target\":[\"https:\/\/www.grancanariastays.com\/blog\/winter-pride-maspalomas\/\"]}]},{\"@type\":\"ImageObject\",\"inLanguage\":\"es\",\"@id\":\"https:\/\/www.grancanariastays.com\/blog\/winter-pride-maspalomas\/#primaryimage\",\"url\":\"https:\/\/www.grancanariastays.com\/blog\/wp-content\/uploads\/2023\/09\/winter-pride-maspalomas-gran-canaria-1.jpg\",\"contentUrl\":\"https:\/\/www.grancanariastays.com\/blog\/wp-content\/uploads\/2023\/09\/winter-pride-maspalomas-gran-canaria-1.jpg\",\"width\":1920,\"height\":700,\"caption\":\"Winter pride en maspalomas en gran canaria\"},{\"@type\":\"BreadcrumbList\",\"@id\":\"https:\/\/www.grancanariastays.com\/blog\/winter-pride-maspalomas\/#breadcrumb\",\"itemListElement\":[{\"@type\":\"ListItem\",\"position\":1,\"name\":\"Portada\",\"item\":\"https:\/\/www.grancanariastays.com\/blog\/\"},{\"@type\":\"ListItem\",\"position\":2,\"name\":\"Winter Pride Maspalomas 2024: la Celebraci\u00f3n del Orgullo que ilumina el invierno\"}]},{\"@type\":\"WebSite\",\"@id\":\"https:\/\/www.grancanariastays.com\/blog\/#website\",\"url\":\"https:\/\/www.grancanariastays.com\/blog\/\",\"name\":\"Gran Canaria Stays\",\"description\":\"\",\"publisher\":{\"@id\":\"https:\/\/www.grancanariastays.com\/blog\/#organization\"},\"potentialAction\":[{\"@type\":\"SearchAction\",\"target\":{\"@type\":\"EntryPoint\",\"urlTemplate\":\"https:\/\/www.grancanariastays.com\/blog\/?s={search_term_string}\"},\"query-input\":{\"@type\":\"PropertyValueSpecification\",\"valueRequired\":true,\"valueName\":\"search_term_string\"}}],\"inLanguage\":\"es\"},{\"@type\":\"Organization\",\"@id\":\"https:\/\/www.grancanariastays.com\/blog\/#organization\",\"name\":\"Gran Canaria Stays\",\"url\":\"https:\/\/www.grancanariastays.com\/blog\/\",\"logo\":{\"@type\":\"ImageObject\",\"inLanguage\":\"es\",\"@id\":\"https:\/\/www.grancanariastays.com\/blog\/#\/schema\/logo\/image\/\",\"url\":\"https:\/\/www.grancanariastays.com\/blog\/wp-content\/uploads\/2024\/01\/logo-gran-canaria-stays.png\",\"contentUrl\":\"https:\/\/www.grancanariastays.com\/blog\/wp-content\/uploads\/2024\/01\/logo-gran-canaria-stays.png\",\"width\":300,\"height\":112,\"caption\":\"Gran Canaria Stays\"},\"image\":{\"@id\":\"https:\/\/www.grancanariastays.com\/blog\/#\/schema\/logo\/image\/\"},\"sameAs\":[\"https:\/\/www.facebook.com\/Grancanariastays\",\"https:\/\/www.instagram.com\/grancanariastays\/\"]},{\"@type\":\"Person\",\"@id\":\"https:\/\/www.grancanariastays.com\/blog\/#\/schema\/person\/35f7856bb384d1ebae2b3aa592e46d5f\",\"name\":\"digitalservices@avantio.com\",\"image\":{\"@type\":\"ImageObject\",\"inLanguage\":\"es\",\"@id\":\"https:\/\/www.grancanariastays.com\/blog\/#\/schema\/person\/image\/\",\"url\":\"https:\/\/secure.gravatar.com\/avatar\/af30f88a1904294c1f3eb09a9d7903eec4ffa18fa2cf40c28a8681014ecdfc20?s=96&d=mm&r=g\",\"contentUrl\":\"https:\/\/secure.gravatar.com\/avatar\/af30f88a1904294c1f3eb09a9d7903eec4ffa18fa2cf40c28a8681014ecdfc20?s=96&d=mm&r=g\",\"caption\":\"digitalservices@avantio.com\"},\"url\":\"https:\/\/www.grancanariastays.com\/blog\/author\/digitalservicesavantio-com\/\"}]}<\/script>\n<!-- \/ Yoast SEO plugin. -->","yoast_head_json":{"title":"Winter Pride Maspalomas 2023: el Orgullo en invierno","description":"Llega el Winter Pride de Maspalomas 2023 lleno de fiesta y buen ambiente. En noviembre, Maspalomas se llena de colores. \u00a1Ven a disfrutarlo!","robots":{"index":"index","follow":"follow","max-snippet":"max-snippet:-1","max-image-preview":"max-image-preview:large","max-video-preview":"max-video-preview:-1"},"canonical":"https:\/\/www.grancanariastays.com\/blog\/winter-pride-maspalomas\/","og_locale":"es_ES","og_type":"article","og_title":"Winter Pride Maspalomas 2023: el Orgullo en invierno","og_description":"Llega el Winter Pride de Maspalomas 2023 lleno de fiesta y buen ambiente. En noviembre, Maspalomas se llena de colores. \u00a1Ven a disfrutarlo!","og_url":"https:\/\/www.grancanariastays.com\/blog\/winter-pride-maspalomas\/","og_site_name":"Gran Canaria | Blog","article_publisher":"https:\/\/www.facebook.com\/Grancanariastays","article_published_time":"2023-09-12T15:06:39+00:00","article_modified_time":"2025-05-29T10:20:31+00:00","og_image":[{"width":1920,"height":700,"url":"https:\/\/www.grancanariastays.com\/blog\/wp-content\/uploads\/2023\/09\/winter-pride-maspalomas-gran-canaria-1.jpg","type":"image\/jpeg"}],"author":"digitalservices@avantio.com","twitter_card":"summary_large_image","twitter_misc":{"Written by":"digitalservices@avantio.com","Est. reading time":"5 minutes"},"schema":{"@context":"https:\/\/schema.org","@graph":[{"@type":"Article","@id":"https:\/\/www.grancanariastays.com\/blog\/winter-pride-maspalomas\/#article","isPartOf":{"@id":"https:\/\/www.grancanariastays.com\/blog\/winter-pride-maspalomas\/"},"author":{"name":"digitalservices@avantio.com","@id":"https:\/\/www.grancanariastays.com\/blog\/#\/schema\/person\/35f7856bb384d1ebae2b3aa592e46d5f"},"headline":"Winter Pride Maspalomas 2024: la Celebraci\u00f3n del Orgullo que ilumina el invierno","datePublished":"2023-09-12T15:06:39+00:00","dateModified":"2025-05-29T10:20:31+00:00","mainEntityOfPage":{"@id":"https:\/\/www.grancanariastays.com\/blog\/winter-pride-maspalomas\/"},"wordCount":977,"commentCount":0,"publisher":{"@id":"https:\/\/www.grancanariastays.com\/blog\/#organization"},"image":{"@id":"https:\/\/www.grancanariastays.com\/blog\/winter-pride-maspalomas\/#primaryimage"},"thumbnailUrl":"https:\/\/www.grancanariastays.com\/blog\/wp-content\/uploads\/2023\/09\/winter-pride-maspalomas-gran-canaria-1.jpg","keywords":["winter pride 2023 gran canaria","winter pride maspalomas"],"articleSection":["Fiestas y Eventos"],"inLanguage":"es","potentialAction":[{"@type":"CommentAction","name":"Comment","target":["https:\/\/www.grancanariastays.com\/blog\/winter-pride-maspalomas\/#respond"]}]},{"@type":"WebPage","@id":"https:\/\/www.grancanariastays.com\/blog\/winter-pride-maspalomas\/","url":"https:\/\/www.grancanariastays.com\/blog\/winter-pride-maspalomas\/","name":"Winter Pride Maspalomas 2023: el Orgullo en invierno","isPartOf":{"@id":"https:\/\/www.grancanariastays.com\/blog\/#website"},"primaryImageOfPage":{"@id":"https:\/\/www.grancanariastays.com\/blog\/winter-pride-maspalomas\/#primaryimage"},"image":{"@id":"https:\/\/www.grancanariastays.com\/blog\/winter-pride-maspalomas\/#primaryimage"},"thumbnailUrl":"https:\/\/www.grancanariastays.com\/blog\/wp-content\/uploads\/2023\/09\/winter-pride-maspalomas-gran-canaria-1.jpg","datePublished":"2023-09-12T15:06:39+00:00","dateModified":"2025-05-29T10:20:31+00:00","description":"Llega el Winter Pride de Maspalomas 2023 lleno de fiesta y buen ambiente. En noviembre, Maspalomas se llena de colores. \u00a1Ven a disfrutarlo!","breadcrumb":{"@id":"https:\/\/www.grancanariastays.com\/blog\/winter-pride-maspalomas\/#breadcrumb"},"inLanguage":"es","potentialAction":[{"@type":"ReadAction","target":["https:\/\/www.grancanariastays.com\/blog\/winter-pride-maspalomas\/"]}]},{"@type":"ImageObject","inLanguage":"es","@id":"https:\/\/www.grancanariastays.com\/blog\/winter-pride-maspalomas\/#primaryimage","url":"https:\/\/www.grancanariastays.com\/blog\/wp-content\/uploads\/2023\/09\/winter-pride-maspalomas-gran-canaria-1.jpg","contentUrl":"https:\/\/www.grancanariastays.com\/blog\/wp-content\/uploads\/2023\/09\/winter-pride-maspalomas-gran-canaria-1.jpg","width":1920,"height":700,"caption":"Winter pride en maspalomas en gran canaria"},{"@type":"BreadcrumbList","@id":"https:\/\/www.grancanariastays.com\/blog\/winter-pride-maspalomas\/#breadcrumb","itemListElement":[{"@type":"ListItem","position":1,"name":"Portada","item":"https:\/\/www.grancanariastays.com\/blog\/"},{"@type":"ListItem","position":2,"name":"Winter Pride Maspalomas 2024: la Celebraci\u00f3n del Orgullo que ilumina el invierno"}]},{"@type":"WebSite","@id":"https:\/\/www.grancanariastays.com\/blog\/#website","url":"https:\/\/www.grancanariastays.com\/blog\/","name":"Gran Canaria Stays","description":"","publisher":{"@id":"https:\/\/www.grancanariastays.com\/blog\/#organization"},"potentialAction":[{"@type":"SearchAction","target":{"@type":"EntryPoint","urlTemplate":"https:\/\/www.grancanariastays.com\/blog\/?s={search_term_string}"},"query-input":{"@type":"PropertyValueSpecification","valueRequired":true,"valueName":"search_term_string"}}],"inLanguage":"es"},{"@type":"Organization","@id":"https:\/\/www.grancanariastays.com\/blog\/#organization","name":"Gran Canaria Stays","url":"https:\/\/www.grancanariastays.com\/blog\/","logo":{"@type":"ImageObject","inLanguage":"es","@id":"https:\/\/www.grancanariastays.com\/blog\/#\/schema\/logo\/image\/","url":"https:\/\/www.grancanariastays.com\/blog\/wp-content\/uploads\/2024\/01\/logo-gran-canaria-stays.png","contentUrl":"https:\/\/www.grancanariastays.com\/blog\/wp-content\/uploads\/2024\/01\/logo-gran-canaria-stays.png","width":300,"height":112,"caption":"Gran Canaria Stays"},"image":{"@id":"https:\/\/www.grancanariastays.com\/blog\/#\/schema\/logo\/image\/"},"sameAs":["https:\/\/www.facebook.com\/Grancanariastays","https:\/\/www.instagram.com\/grancanariastays\/"]},{"@type":"Person","@id":"https:\/\/www.grancanariastays.com\/blog\/#\/schema\/person\/35f7856bb384d1ebae2b3aa592e46d5f","name":"digitalservices@avantio.com","image":{"@type":"ImageObject","inLanguage":"es","@id":"https:\/\/www.grancanariastays.com\/blog\/#\/schema\/person\/image\/","url":"https:\/\/secure.gravatar.com\/avatar\/af30f88a1904294c1f3eb09a9d7903eec4ffa18fa2cf40c28a8681014ecdfc20?s=96&d=mm&r=g","contentUrl":"https:\/\/secure.gravatar.com\/avatar\/af30f88a1904294c1f3eb09a9d7903eec4ffa18fa2cf40c28a8681014ecdfc20?s=96&d=mm&r=g","caption":"digitalservices@avantio.com"},"url":"https:\/\/www.grancanariastays.com\/blog\/author\/digitalservicesavantio-com\/"}]}},"_links":{"self":[{"href":"https:\/\/www.grancanariastays.com\/blog\/wp-json\/wp\/v2\/posts\/1564","targetHints":{"allow":["GET"]}}],"collection":[{"href":"https:\/\/www.grancanariastays.com\/blog\/wp-json\/wp\/v2\/posts"}],"about":[{"href":"https:\/\/www.grancanariastays.com\/blog\/wp-json\/wp\/v2\/types\/post"}],"author":[{"embeddable":true,"href":"https:\/\/www.grancanariastays.com\/blog\/wp-json\/wp\/v2\/users\/3"}],"replies":[{"embeddable":true,"href":"https:\/\/www.grancanariastays.com\/blog\/wp-json\/wp\/v2\/comments?post=1564"}],"version-history":[{"count":15,"href":"https:\/\/www.grancanariastays.com\/blog\/wp-json\/wp\/v2\/posts\/1564\/revisions"}],"predecessor-version":[{"id":4995,"href":"https:\/\/www.grancanariastays.com\/blog\/wp-json\/wp\/v2\/posts\/1564\/revisions\/4995"}],"wp:featuredmedia":[{"embeddable":true,"href":"https:\/\/www.grancanariastays.com\/blog\/wp-json\/wp\/v2\/media\/1604"}],"wp:attachment":[{"href":"https:\/\/www.grancanariastays.com\/blog\/wp-json\/wp\/v2\/media?parent=1564"}],"wp:term":[{"taxonomy":"category","embeddable":true,"href":"https:\/\/www.grancanariastays.com\/blog\/wp-json\/wp\/v2\/categories?post=1564"},{"taxonomy":"post_tag","embeddable":true,"href":"https:\/\/www.grancanariastays.com\/blog\/wp-json\/wp\/v2\/tags?post=1564"}],"curies":[{"name":"wp","href":"https:\/\/api.w.org\/{rel}","templated":true}]}}