{"id":4685,"date":"2024-10-14T07:21:04","date_gmt":"2024-10-14T07:21:04","guid":{"rendered":"https:\/\/www.grancanariastays.com\/blog\/?p=4685"},"modified":"2025-05-29T11:16:13","modified_gmt":"2025-05-29T11:16:13","slug":"belen-arena-canteras-canarias","status":"publish","type":"post","link":"https:\/\/www.grancanariastays.com\/blog\/belen-arena-canteras-canarias\/","title":{"rendered":"El Espectacular Bel\u00e9n de Arena de Las Canteras"},"content":{"rendered":"\t\t<div data-elementor-type=\"wp-post\" data-elementor-id=\"4685\" class=\"elementor elementor-4685\" data-elementor-post-type=\"post\">\n\t\t\t\t\t\t<section class=\"elementor-section elementor-top-section elementor-element elementor-element-3536fad3 elementor-section-boxed elementor-section-height-default elementor-section-height-default\" data-id=\"3536fad3\" data-element_type=\"section\">\n\t\t\t\t\t\t<div class=\"elementor-container elementor-column-gap-default\">\n\t\t\t\t\t<div class=\"elementor-column elementor-col-100 elementor-top-column elementor-element elementor-element-15ee856d\" data-id=\"15ee856d\" data-element_type=\"column\">\n\t\t\t<div class=\"elementor-widget-wrap elementor-element-populated\">\n\t\t\t\t\t\t<div class=\"elementor-element elementor-element-4ea1aac1 elementor-widget elementor-widget-text-editor\" data-id=\"4ea1aac1\" data-element_type=\"widget\" data-widget_type=\"text-editor.default\">\n\t\t\t\t<div class=\"elementor-widget-container\">\n\t\t\t\t\t\t\t\t\t<p><span style=\"font-weight: 400;\">En una de las playas m\u00e1s famosas de Gran Canaria podr\u00e1s encontrar el Bel\u00e9n de Arena de la Playa de Las Canteras, visitado anualmente por m\u00e1s de 200.000 personas. Este bel\u00e9n constru\u00eddo en la playa en un \u00e1rea de m\u00e1s de 1000 metros cuadrados es uno de los principales atractivos de la isla en la \u00e9poca de Navidad: sus figuras, esculpidas por artistas nacionales e internacionales, pueden llegar a los 5 metros de altura, por tanto es una visi\u00f3n inolvidable.<\/span><\/p><p><span style=\"font-weight: 400;\">Si a eso sumamos el buen tiempo que se puede disfrutar en la isla durante todo el invierno, tenemos reunidos los ingredientes para unas vacaciones fenomenales. Si quieres saber todo lo que es relevante sobre el Bel\u00e9n de Arena de la Playa de Las Canteras, este art\u00edculo es para ti. Adem\u00e1s, te daremos algunos consejos y recomendaciones para hacer tu visita a Gran Canaria todav\u00eda m\u00e1s interesante, as\u00ed que qu\u00e9date con nosotros.<\/span><\/p>\t\t\t\t\t\t\t\t<\/div>\n\t\t\t\t<\/div>\n\t\t\t\t\t<\/div>\n\t\t<\/div>\n\t\t\t\t\t<\/div>\n\t\t<\/section>\n\t\t\t\t<section class=\"elementor-section elementor-top-section elementor-element elementor-element-67107cc0 elementor-section-boxed elementor-section-height-default elementor-section-height-default\" data-id=\"67107cc0\" data-element_type=\"section\">\n\t\t\t\t\t\t<div class=\"elementor-container elementor-column-gap-default\">\n\t\t\t\t\t<div class=\"elementor-column elementor-col-100 elementor-top-column elementor-element elementor-element-6eb3f315\" data-id=\"6eb3f315\" data-element_type=\"column\">\n\t\t\t<div class=\"elementor-widget-wrap elementor-element-populated\">\n\t\t\t\t\t\t<div class=\"elementor-element elementor-element-66270a9f elementor-widget elementor-widget-table-of-contents\" data-id=\"66270a9f\" data-element_type=\"widget\" data-settings=\"{&quot;headings_by_tags&quot;:[&quot;h2&quot;],&quot;exclude_headings_by_selector&quot;:[],&quot;marker_view&quot;:&quot;bullets&quot;,&quot;icon&quot;:{&quot;value&quot;:&quot;&quot;,&quot;library&quot;:&quot;&quot;},&quot;no_headings_message&quot;:&quot;No headings were found on this page.&quot;,&quot;hierarchical_view&quot;:&quot;yes&quot;,&quot;min_height&quot;:{&quot;unit&quot;:&quot;px&quot;,&quot;size&quot;:&quot;&quot;,&quot;sizes&quot;:[]},&quot;min_height_tablet&quot;:{&quot;unit&quot;:&quot;px&quot;,&quot;size&quot;:&quot;&quot;,&quot;sizes&quot;:[]},&quot;min_height_mobile&quot;:{&quot;unit&quot;:&quot;px&quot;,&quot;size&quot;:&quot;&quot;,&quot;sizes&quot;:[]}}\" data-widget_type=\"table-of-contents.default\">\n\t\t\t\t<div class=\"elementor-widget-container\">\n\t\t\t\t\t\t\t<div class=\"elementor-toc__header\">\n\t\t\t<div class=\"elementor-toc__header-title\">\n\t\t\t\t\u00cdndice\t\t\t<\/div>\n\t\t\t\t\t<\/div>\n\t\t<div id=\"elementor-toc__66270a9f\" class=\"elementor-toc__body\">\n\t\t\t<div class=\"elementor-toc__spinner-container\">\n\t\t\t\t<i class=\"elementor-toc__spinner eicon-animation-spin eicon-loading\" aria-hidden=\"true\"><\/i>\t\t\t<\/div>\n\t\t<\/div>\n\t\t\t\t\t\t<\/div>\n\t\t\t\t<\/div>\n\t\t\t\t\t<\/div>\n\t\t<\/div>\n\t\t\t\t\t<\/div>\n\t\t<\/section>\n\t\t\t\t<section class=\"elementor-section elementor-top-section elementor-element elementor-element-a22483e elementor-section-boxed elementor-section-height-default elementor-section-height-default\" data-id=\"a22483e\" data-element_type=\"section\">\n\t\t\t\t\t\t<div class=\"elementor-container elementor-column-gap-default\">\n\t\t\t\t\t<div class=\"elementor-column elementor-col-100 elementor-top-column elementor-element elementor-element-15fab86\" data-id=\"15fab86\" data-element_type=\"column\">\n\t\t\t<div class=\"elementor-widget-wrap elementor-element-populated\">\n\t\t\t\t\t\t<div class=\"elementor-element elementor-element-668094b elementor-widget elementor-widget-heading\" data-id=\"668094b\" data-element_type=\"widget\" data-widget_type=\"heading.default\">\n\t\t\t\t<div class=\"elementor-widget-container\">\n\t\t\t\t\t<h2 class=\"elementor-heading-title elementor-size-default\">Historia y Tradici\u00f3n del Bel\u00e9n de Arena en Las Canteras<\/h2>\t\t\t\t<\/div>\n\t\t\t\t<\/div>\n\t\t\t\t<div class=\"elementor-element elementor-element-f169f32 elementor-widget elementor-widget-text-editor\" data-id=\"f169f32\" data-element_type=\"widget\" data-widget_type=\"text-editor.default\">\n\t\t\t\t<div class=\"elementor-widget-container\">\n\t\t\t\t\t\t\t\t\t<p><span style=\"font-weight: 400;\">El Bel\u00e9n de Arena de la Playa de Las Canteras empez\u00f3 en 2006, y desde entonces no ha hecho m\u00e1s que crecer y consolidarse como un evento de escala global. De hecho, \u00a1es el tercer espacio muse\u00edstico m\u00e1s visitado de Espa\u00f1a! Solo le superan los museos del Prado y Reina Sof\u00eda. El fant\u00e1stico crecimiento del evento trajo cada vez m\u00e1s artistas internacionales hasta Gran Canaria, con lo cual tambi\u00e9n ha aumentado la calidad de las obras expuestas.<\/span><\/p><p><span style=\"font-weight: 400;\">Pero este bel\u00e9n es mucho m\u00e1s que una demostraci\u00f3n de capacidad art\u00edstica, ya que su car\u00e1cter ben\u00e9fico es tambi\u00e9n muy importante. Los ingresos y recaudaciones caritativas superan los 20.000 euros anuales, y se realiza tambi\u00e9n una importante recogida de alimentos que se destinan a personas con necesidades sociales y econ\u00f3micas. Es un evento muy bonito en todos los sentidos, as\u00ed que es totalmente recomendable como plan si est\u00e1s en Gran Canaria en estas fechas.<\/span><\/p>\t\t\t\t\t\t\t\t<\/div>\n\t\t\t\t<\/div>\n\t\t\t\t\t<\/div>\n\t\t<\/div>\n\t\t\t\t\t<\/div>\n\t\t<\/section>\n\t\t\t\t<section class=\"elementor-section elementor-top-section elementor-element elementor-element-23da523 elementor-section-boxed elementor-section-height-default elementor-section-height-default\" data-id=\"23da523\" data-element_type=\"section\">\n\t\t\t\t\t\t<div class=\"elementor-container elementor-column-gap-default\">\n\t\t\t\t\t<div class=\"elementor-column elementor-col-100 elementor-top-column elementor-element elementor-element-778935c\" data-id=\"778935c\" data-element_type=\"column\">\n\t\t\t<div class=\"elementor-widget-wrap elementor-element-populated\">\n\t\t\t\t\t\t<div class=\"elementor-element elementor-element-ef28806 elementor-widget elementor-widget-image\" data-id=\"ef28806\" data-element_type=\"widget\" data-widget_type=\"image.default\">\n\t\t\t\t<div class=\"elementor-widget-container\">\n\t\t\t\t\t\t\t\t\t\t\t\t\t\t\t<img fetchpriority=\"high\" decoding=\"async\" width=\"1290\" height=\"645\" src=\"https:\/\/www.grancanariastays.com\/blog\/wp-content\/uploads\/2024\/10\/belen-arena-canaria.jpg\" class=\"attachment-full size-full wp-image-4697\" alt=\"belen-arena-canaria\" srcset=\"https:\/\/www.grancanariastays.com\/blog\/wp-content\/uploads\/2024\/10\/belen-arena-canaria.jpg 1290w, https:\/\/www.grancanariastays.com\/blog\/wp-content\/uploads\/2024\/10\/belen-arena-canaria-768x384.jpg 768w\" sizes=\"(max-width: 1290px) 100vw, 1290px\" \/>\t\t\t\t\t\t\t\t\t\t\t\t\t\t\t<\/div>\n\t\t\t\t<\/div>\n\t\t\t\t\t<\/div>\n\t\t<\/div>\n\t\t\t\t\t<\/div>\n\t\t<\/section>\n\t\t\t\t<section class=\"elementor-section elementor-top-section elementor-element elementor-element-a48b46d elementor-section-boxed elementor-section-height-default elementor-section-height-default\" data-id=\"a48b46d\" data-element_type=\"section\">\n\t\t\t\t\t\t<div class=\"elementor-container elementor-column-gap-default\">\n\t\t\t\t\t<div class=\"elementor-column elementor-col-100 elementor-top-column elementor-element elementor-element-bbe494e\" data-id=\"bbe494e\" data-element_type=\"column\">\n\t\t\t<div class=\"elementor-widget-wrap elementor-element-populated\">\n\t\t\t\t\t\t<div class=\"elementor-element elementor-element-a9ef5ef elementor-widget elementor-widget-heading\" data-id=\"a9ef5ef\" data-element_type=\"widget\" data-widget_type=\"heading.default\">\n\t\t\t\t<div class=\"elementor-widget-container\">\n\t\t\t\t\t<h2 class=\"elementor-heading-title elementor-size-default\">Qu\u00e9 Ver en el Bel\u00e9n de Arena en Las Canteras<\/h2>\t\t\t\t<\/div>\n\t\t\t\t<\/div>\n\t\t\t\t<div class=\"elementor-element elementor-element-7a9e89d elementor-widget elementor-widget-text-editor\" data-id=\"7a9e89d\" data-element_type=\"widget\" data-widget_type=\"text-editor.default\">\n\t\t\t\t<div class=\"elementor-widget-container\">\n\t\t\t\t\t\t\t\t\t<p><span style=\"font-weight: 400;\">Si tienes la suerte de visitar Gran Canaria entre el 5 de diciembre de 2024 y el 8 de enero de 2025, podr\u00e1s ver este magn\u00edfico bel\u00e9n constru\u00eddo con arena, que representa escenas tradicionales de navidad, como el nacimiento de Jes\u00fas, la Anunciaci\u00f3n, el viaje de los Reyes Magos, as\u00ed como varios otros personajes t\u00edpicos de estas fechas. Como homenaje al lugar donde se construye este bel\u00e9n, los artistas recrean tambi\u00e9n algunos de los paisajes m\u00e1s famosos de la isla: el Roque Nublo, la Caldera de Tejeda, entre otros, as\u00ed como elementos locales f\u00e1cilmente reconocibles.<\/span><\/p>\t\t\t\t\t\t\t\t<\/div>\n\t\t\t\t<\/div>\n\t\t\t\t\t<\/div>\n\t\t<\/div>\n\t\t\t\t\t<\/div>\n\t\t<\/section>\n\t\t\t\t<section class=\"elementor-section elementor-top-section elementor-element elementor-element-ae4b5c9 elementor-section-boxed elementor-section-height-default elementor-section-height-default\" data-id=\"ae4b5c9\" data-element_type=\"section\">\n\t\t\t\t\t\t<div class=\"elementor-container elementor-column-gap-default\">\n\t\t\t\t\t<div class=\"elementor-column elementor-col-100 elementor-top-column elementor-element elementor-element-5beffa7\" data-id=\"5beffa7\" data-element_type=\"column\">\n\t\t\t<div class=\"elementor-widget-wrap elementor-element-populated\">\n\t\t\t\t\t\t<div class=\"elementor-element elementor-element-fa6d263 elementor-widget elementor-widget-heading\" data-id=\"fa6d263\" data-element_type=\"widget\" data-widget_type=\"heading.default\">\n\t\t\t\t<div class=\"elementor-widget-container\">\n\t\t\t\t\t<h2 class=\"elementor-heading-title elementor-size-default\">Actividades y Eventos en Torno al Bel\u00e9n de Arena<\/h2>\t\t\t\t<\/div>\n\t\t\t\t<\/div>\n\t\t\t\t<div class=\"elementor-element elementor-element-d60c38c elementor-widget elementor-widget-text-editor\" data-id=\"d60c38c\" data-element_type=\"widget\" data-widget_type=\"text-editor.default\">\n\t\t\t\t<div class=\"elementor-widget-container\">\n\t\t\t\t\t\t\t\t\t<p><span style=\"font-weight: 400;\">El Bel\u00e9n de Arena de Las Canteras puede ser visitado por cualquier persona, siendo una fant\u00e1stica actividad familiar, que adem\u00e1s cuenta con talleres para todas las edades. En estos workshops podr\u00e9is aprender a modelar y crear im\u00e1genes con arena de forma profesional, para impresionar a vuestros amigos y familiares en vuestras pr\u00f3ximas vacaciones en la playa. Otro de los atractivos m\u00e1s especiales de este bel\u00e9n es que el mar est\u00e1 justo al lado, y el buen tiempo que se puede disfrutar durante todo el a\u00f1o en las Islas Canarias permite incluso que los m\u00e1s valientes se den un ba\u00f1o en el Atl\u00e1ntico. \u00a1Ba\u00f1arse en Navidad es una experiencia \u00fanica!<\/span><\/p>\t\t\t\t\t\t\t\t<\/div>\n\t\t\t\t<\/div>\n\t\t\t\t\t<\/div>\n\t\t<\/div>\n\t\t\t\t\t<\/div>\n\t\t<\/section>\n\t\t\t\t<section class=\"elementor-section elementor-top-section elementor-element elementor-element-57a4a6b elementor-section-boxed elementor-section-height-default elementor-section-height-default\" data-id=\"57a4a6b\" data-element_type=\"section\">\n\t\t\t\t\t\t<div class=\"elementor-container elementor-column-gap-default\">\n\t\t\t\t\t<div class=\"elementor-column elementor-col-100 elementor-top-column elementor-element elementor-element-8dc3e00\" data-id=\"8dc3e00\" data-element_type=\"column\">\n\t\t\t<div class=\"elementor-widget-wrap elementor-element-populated\">\n\t\t\t\t\t\t<div class=\"elementor-element elementor-element-a4c147c elementor-widget elementor-widget-video\" data-id=\"a4c147c\" data-element_type=\"widget\" data-settings=\"{&quot;youtube_url&quot;:&quot;https:\\\/\\\/www.youtube.com\\\/watch?v=gteA8iQ1Rhw&quot;,&quot;video_type&quot;:&quot;youtube&quot;,&quot;controls&quot;:&quot;yes&quot;}\" data-widget_type=\"video.default\">\n\t\t\t\t<div class=\"elementor-widget-container\">\n\t\t\t\t\t\t\t<div class=\"elementor-wrapper elementor-open-inline\">\n\t\t\t<div class=\"elementor-video\"><\/div>\t\t<\/div>\n\t\t\t\t\t\t<\/div>\n\t\t\t\t<\/div>\n\t\t\t\t\t<\/div>\n\t\t<\/div>\n\t\t\t\t\t<\/div>\n\t\t<\/section>\n\t\t\t\t<section class=\"elementor-section elementor-top-section elementor-element elementor-element-d7779c2 elementor-section-boxed elementor-section-height-default elementor-section-height-default\" data-id=\"d7779c2\" data-element_type=\"section\">\n\t\t\t\t\t\t<div class=\"elementor-container elementor-column-gap-default\">\n\t\t\t\t\t<div class=\"elementor-column elementor-col-100 elementor-top-column elementor-element elementor-element-5a4dd20\" data-id=\"5a4dd20\" data-element_type=\"column\">\n\t\t\t<div class=\"elementor-widget-wrap elementor-element-populated\">\n\t\t\t\t\t\t<div class=\"elementor-element elementor-element-925949a elementor-widget elementor-widget-heading\" data-id=\"925949a\" data-element_type=\"widget\" data-widget_type=\"heading.default\">\n\t\t\t\t<div class=\"elementor-widget-container\">\n\t\t\t\t\t<h2 class=\"elementor-heading-title elementor-size-default\">Consejos para tu Visita al Bel\u00e9n de Arena de la Playa de Las Canteras<\/h2>\t\t\t\t<\/div>\n\t\t\t\t<\/div>\n\t\t\t\t<div class=\"elementor-element elementor-element-3071271 elementor-widget elementor-widget-text-editor\" data-id=\"3071271\" data-element_type=\"widget\" data-widget_type=\"text-editor.default\">\n\t\t\t\t<div class=\"elementor-widget-container\">\n\t\t\t\t\t\t\t\t\t<p><span style=\"font-weight: 400;\">Queremos que tu experiencia al visitar el Bel\u00e9n de Arena de las Canteras y la isla de Gran Canaria sea la mejor posible, as\u00ed que te daremos algunos consejos y recomendaciones:<\/span><\/p><ul><li style=\"font-weight: 400;\" aria-level=\"1\"><span style=\"font-weight: 400;\">Visita el bel\u00e9n durante el d\u00eda, para que puedas ver perfectamente las figuras con todo lujo de detalle; pero vis\u00edtalo tambi\u00e9n durante la noche, ya que el bel\u00e9n estar\u00e1 iluminado y es, para algunas personas, todav\u00eda m\u00e1s espectacular.<\/span><\/li><li style=\"font-weight: 400;\" aria-level=\"1\"><span style=\"font-weight: 400;\">Aprovecha tu estancia en Gran Canaria para visitar los imprescindibles de la isla: el Roque Nublo, las Dunas de Maspalomas, el Parque Natural de Tamadaba, el Barranco de Guayadeque, Las Palmas de Gran Canaria y Puerto de Mog\u00e1n. Existen m\u00e1s imprescindibles, pero este es nuestro top.<\/span><\/li><\/ul>\t\t\t\t\t\t\t\t<\/div>\n\t\t\t\t<\/div>\n\t\t\t\t\t<\/div>\n\t\t<\/div>\n\t\t\t\t\t<\/div>\n\t\t<\/section>\n\t\t\t\t<section class=\"elementor-section elementor-top-section elementor-element elementor-element-26ad081 elementor-section-boxed elementor-section-height-default elementor-section-height-default\" data-id=\"26ad081\" data-element_type=\"section\">\n\t\t\t\t\t\t<div class=\"elementor-container elementor-column-gap-default\">\n\t\t\t\t\t<div class=\"elementor-column elementor-col-50 elementor-top-column elementor-element elementor-element-66b2129\" data-id=\"66b2129\" data-element_type=\"column\">\n\t\t\t<div class=\"elementor-widget-wrap elementor-element-populated\">\n\t\t\t\t\t\t<div class=\"elementor-element elementor-element-002826f elementor-widget elementor-widget-text-editor\" data-id=\"002826f\" data-element_type=\"widget\" data-widget_type=\"text-editor.default\">\n\t\t\t\t<div class=\"elementor-widget-container\">\n\t\t\t\t\t\t\t\t\t<ul><li style=\"font-weight: 400;\" aria-level=\"1\"><span style=\"background-color: transparent; font-family: var( --e-global-typography-text-font-family ), Sans-serif;\">Ayuda a los m\u00e1s necesitados. La visita es gratuita, pero los donativos monetarios y de alimentos son bienvenidos, ya que se destinan a los comedores sociales de la ciudad.<\/span><\/li><li style=\"font-weight: 400;\" aria-level=\"1\"><span style=\"font-weight: 400;\">Al\u00f3jate en las proximidades de la Playa de Las Canteras para que el acceso al Bel\u00e9n de Arena sea lo m\u00e1s f\u00e1cil posible. Adem\u00e1s, en esta zona hay much\u00edsimas cosas que ver y hacer, as\u00ed que estar\u00e1s en una ubicaci\u00f3n privilegiada.<\/span><\/li><li style=\"font-weight: 400;\" aria-level=\"1\"><span style=\"font-weight: 400;\">Descubre La Isleta. Esta pen\u00ednsula en el norte de la isla est\u00e1 localizada a poca distancia de la Playa de Las Canteras y ofrece numerosas razones para una visita: 16 volcanes, la fortificaci\u00f3n m\u00e1s antigua de Canarias, restos arqueol\u00f3gicos y playas fant\u00e1sticas para el surf son algunas de ellas.<\/span><\/li><\/ul>\t\t\t\t\t\t\t\t<\/div>\n\t\t\t\t<\/div>\n\t\t\t\t\t<\/div>\n\t\t<\/div>\n\t\t\t\t<div class=\"elementor-column elementor-col-50 elementor-top-column elementor-element elementor-element-02ed031\" data-id=\"02ed031\" data-element_type=\"column\">\n\t\t\t<div class=\"elementor-widget-wrap elementor-element-populated\">\n\t\t\t\t\t\t<div class=\"elementor-element elementor-element-ec126e7 elementor-widget elementor-widget-google_maps\" data-id=\"ec126e7\" data-element_type=\"widget\" data-widget_type=\"google_maps.default\">\n\t\t\t\t<div class=\"elementor-widget-container\">\n\t\t\t\t\t\t\t<div class=\"elementor-custom-embed\">\n\t\t\t<iframe loading=\"lazy\"\n\t\t\t\t\tsrc=\"https:\/\/maps.google.com\/maps?q=playa%20canteras&#038;t=m&#038;z=13&#038;output=embed&#038;iwloc=near\"\n\t\t\t\t\ttitle=\"playa canteras\"\n\t\t\t\t\taria-label=\"playa canteras\"\n\t\t\t><\/iframe>\n\t\t<\/div>\n\t\t\t\t\t\t<\/div>\n\t\t\t\t<\/div>\n\t\t\t\t\t<\/div>\n\t\t<\/div>\n\t\t\t\t\t<\/div>\n\t\t<\/section>\n\t\t\t\t<section class=\"elementor-section elementor-top-section elementor-element elementor-element-62551db3 elementor-section-boxed elementor-section-height-default elementor-section-height-default\" data-id=\"62551db3\" data-element_type=\"section\">\n\t\t\t\t\t\t<div class=\"elementor-container elementor-column-gap-default\">\n\t\t\t\t\t<div class=\"elementor-column elementor-col-100 elementor-top-column elementor-element elementor-element-188defa3\" data-id=\"188defa3\" data-element_type=\"column\">\n\t\t\t<div class=\"elementor-widget-wrap elementor-element-populated\">\n\t\t\t\t\t\t<div class=\"elementor-element elementor-element-270c0175 elementor-widget elementor-widget-heading\" data-id=\"270c0175\" data-element_type=\"widget\" data-widget_type=\"heading.default\">\n\t\t\t\t<div class=\"elementor-widget-container\">\n\t\t\t\t\t<h2 class=\"elementor-heading-title elementor-size-default\">Gran Canaria es para t\u00ed<\/h2>\t\t\t\t<\/div>\n\t\t\t\t<\/div>\n\t\t\t\t<div class=\"elementor-element elementor-element-3f2956a3 elementor-widget elementor-widget-text-editor\" data-id=\"3f2956a3\" data-element_type=\"widget\" data-widget_type=\"text-editor.default\">\n\t\t\t\t<div class=\"elementor-widget-container\">\n\t\t\t\t\t\t\t\t\t<p><span style=\"font-weight: 400;\">Esta isla tiene tanto para ofrecer que deber\u00eda estar siempre en el listado de futuros viajes de cualquier viajero. El Bel\u00e9n de Arena en la Playa de Las Canteras es una de las cosas que merece la pena ver, pero no podemos dejar de mencionar puntos de inter\u00e9s como Roque Nublo, las Dunas de Maspalomas o el Parque Natural de Tamadaba. Ap\u00fantalos todos en tu ruta por Gran Canaria y ven a disfrutar de este pedazo de para\u00edso, en cualquier \u00e9poca del a\u00f1o.<\/span><\/p><p><span style=\"font-weight: 400;\">\u00bfYa conoces <\/span><a href=\"https:\/\/www.grancanariastays.com\/\"><span style=\"font-weight: 400;\">Gran Canaria Stays<\/span><\/a><span style=\"font-weight: 400;\">? Tenemos una fant\u00e1stica selecci\u00f3n de alojamientos para unas vacaciones perfectas en Gran Canaria: apartamentos, bungalows, casas, villas y estudios para todos tipos de grupos y en varias ubicaciones privilegiadas de la isla, incluyendo Las Canteras, para que puedas ver el Bel\u00e9n de Arena en persona. \u00a1Busca las caracter\u00edsticas que te interesan para tu alojamiento y reserva ya!<\/span><\/p>\t\t\t\t\t\t\t\t<\/div>\n\t\t\t\t<\/div>\n\t\t\t\t\t<\/div>\n\t\t<\/div>\n\t\t\t\t\t<\/div>\n\t\t<\/section>\n\t\t\t\t<section class=\"elementor-section elementor-top-section elementor-element elementor-element-19e9ac5a elementor-section-boxed elementor-section-height-default elementor-section-height-default\" data-id=\"19e9ac5a\" data-element_type=\"section\">\n\t\t\t\t\t\t<div class=\"elementor-container elementor-column-gap-default\">\n\t\t\t\t\t<div class=\"elementor-column elementor-col-33 elementor-top-column elementor-element elementor-element-39fabfeb\" data-id=\"39fabfeb\" data-element_type=\"column\">\n\t\t\t<div class=\"elementor-widget-wrap elementor-element-populated\">\n\t\t\t\t\t\t<div class=\"elementor-element elementor-element-796c18f1 elementor-align-center elementor-widget elementor-widget-button\" data-id=\"796c18f1\" data-element_type=\"widget\" data-widget_type=\"button.default\">\n\t\t\t\t<div class=\"elementor-widget-container\">\n\t\t\t\t\t\t\t\t\t<div class=\"elementor-button-wrapper\">\n\t\t\t\t\t<a class=\"elementor-button elementor-button-link elementor-size-sm\" href=\"https:\/\/www.grancanariastays.com\/alquiler-vacacional-en-gran-canaria-sur\/\" target=\"_blank\">\n\t\t\t\t\t\t<span class=\"elementor-button-content-wrapper\">\n\t\t\t\t\t\t\t\t\t<span class=\"elementor-button-text\">Alquiler Gran Canaria<\/span>\n\t\t\t\t\t<\/span>\n\t\t\t\t\t<\/a>\n\t\t\t\t<\/div>\n\t\t\t\t\t\t\t\t<\/div>\n\t\t\t\t<\/div>\n\t\t\t\t\t<\/div>\n\t\t<\/div>\n\t\t\t\t<div class=\"elementor-column elementor-col-33 elementor-top-column elementor-element elementor-element-622ed59a\" data-id=\"622ed59a\" data-element_type=\"column\">\n\t\t\t<div class=\"elementor-widget-wrap elementor-element-populated\">\n\t\t\t\t\t\t<div class=\"elementor-element elementor-element-46efef81 elementor-align-center elementor-widget elementor-widget-button\" data-id=\"46efef81\" data-element_type=\"widget\" data-widget_type=\"button.default\">\n\t\t\t\t<div class=\"elementor-widget-container\">\n\t\t\t\t\t\t\t\t\t<div class=\"elementor-button-wrapper\">\n\t\t\t\t\t<a class=\"elementor-button elementor-button-link elementor-size-sm\" href=\"https:\/\/www.grancanariastays.com\/alquiler\/casas-gran-canaria-c19e77\/\" target=\"_blank\">\n\t\t\t\t\t\t<span class=\"elementor-button-content-wrapper\">\n\t\t\t\t\t\t\t\t\t<span class=\"elementor-button-text\">Casas Gran Canaria<\/span>\n\t\t\t\t\t<\/span>\n\t\t\t\t\t<\/a>\n\t\t\t\t<\/div>\n\t\t\t\t\t\t\t\t<\/div>\n\t\t\t\t<\/div>\n\t\t\t\t\t<\/div>\n\t\t<\/div>\n\t\t\t\t<div class=\"elementor-column elementor-col-33 elementor-top-column elementor-element elementor-element-77589f4b\" data-id=\"77589f4b\" data-element_type=\"column\">\n\t\t\t<div class=\"elementor-widget-wrap elementor-element-populated\">\n\t\t\t\t\t\t<div class=\"elementor-element elementor-element-78acc1bf elementor-align-center elementor-widget elementor-widget-button\" data-id=\"78acc1bf\" data-element_type=\"widget\" data-widget_type=\"button.default\">\n\t\t\t\t<div class=\"elementor-widget-container\">\n\t\t\t\t\t\t\t\t\t<div class=\"elementor-button-wrapper\">\n\t\t\t\t\t<a class=\"elementor-button elementor-button-link elementor-size-sm\" href=\"https:\/\/www.grancanariastays.com\/villas-gran-canaria-baratas\/\" target=\"_blank\">\n\t\t\t\t\t\t<span class=\"elementor-button-content-wrapper\">\n\t\t\t\t\t\t\t\t\t<span class=\"elementor-button-text\">Villas Gran Canaria<\/span>\n\t\t\t\t\t<\/span>\n\t\t\t\t\t<\/a>\n\t\t\t\t<\/div>\n\t\t\t\t\t\t\t\t<\/div>\n\t\t\t\t<\/div>\n\t\t\t\t\t<\/div>\n\t\t<\/div>\n\t\t\t\t\t<\/div>\n\t\t<\/section>\n\t\t\t\t<\/div>\n\t\t","protected":false},"excerpt":{"rendered":"<p>En una de las playas m\u00e1s famosas de Gran Canaria podr\u00e1s encontrar el Bel\u00e9n de Arena de la Playa de Las Canteras, visitado anualmente por m\u00e1s de 200.000 personas. Este bel\u00e9n constru\u00eddo en la playa en un \u00e1rea de m\u00e1s de 1000 metros cuadrados es uno de los principales atractivos de la isla en la [&hellip;]<\/p>\n","protected":false},"author":3,"featured_media":4700,"comment_status":"open","ping_status":"open","sticky":false,"template":"","format":"standard","meta":{"footnotes":""},"categories":[53],"tags":[],"class_list":["post-4685","post","type-post","status-publish","format-standard","has-post-thumbnail","hentry","category-actividades"],"yoast_head":"<!-- This site is optimized with the Yoast SEO plugin v25.1 - https:\/\/yoast.com\/wordpress\/plugins\/seo\/ -->\n<title>El Espectacular Bel\u00e9n de Arena de Las Canteras - Gran Canaria | Blog<\/title>\n<meta name=\"description\" content=\"Descubre el Bel\u00e9n de Arena en Playa de Las Canteras. Admira las impresionantes esculturas de arena en este evento navide\u00f1o \u00fanico.\" \/>\n<meta name=\"robots\" content=\"index, follow, max-snippet:-1, max-image-preview:large, max-video-preview:-1\" \/>\n<link rel=\"canonical\" href=\"https:\/\/www.grancanariastays.com\/blog\/belen-arena-canteras-canarias\/\" \/>\n<meta property=\"og:locale\" content=\"es_ES\" \/>\n<meta property=\"og:type\" content=\"article\" \/>\n<meta property=\"og:title\" content=\"El Espectacular Bel\u00e9n de Arena de Las Canteras - Gran Canaria | Blog\" \/>\n<meta property=\"og:description\" content=\"Descubre el Bel\u00e9n de Arena en Playa de Las Canteras. Admira las impresionantes esculturas de arena en este evento navide\u00f1o \u00fanico.\" \/>\n<meta property=\"og:url\" content=\"https:\/\/www.grancanariastays.com\/blog\/belen-arena-canteras-canarias\/\" \/>\n<meta property=\"og:site_name\" content=\"Gran Canaria | Blog\" \/>\n<meta property=\"article:publisher\" content=\"https:\/\/www.facebook.com\/Grancanariastays\" \/>\n<meta property=\"article:published_time\" content=\"2024-10-14T07:21:04+00:00\" \/>\n<meta property=\"article:modified_time\" content=\"2025-05-29T11:16:13+00:00\" \/>\n<meta property=\"og:image\" content=\"https:\/\/www.grancanariastays.com\/blog\/wp-content\/uploads\/2024\/10\/belen-de-las-arena-canteras.jpg\" \/>\n\t<meta property=\"og:image:width\" content=\"1920\" \/>\n\t<meta property=\"og:image:height\" content=\"586\" \/>\n\t<meta property=\"og:image:type\" content=\"image\/jpeg\" \/>\n<meta name=\"author\" content=\"digitalservices@avantio.com\" \/>\n<meta name=\"twitter:card\" content=\"summary_large_image\" \/>\n<meta name=\"twitter:label1\" content=\"Written by\" \/>\n\t<meta name=\"twitter:data1\" content=\"digitalservices@avantio.com\" \/>\n\t<meta name=\"twitter:label2\" content=\"Est. reading time\" \/>\n\t<meta name=\"twitter:data2\" content=\"5 minutes\" \/>\n<script type=\"application\/ld+json\" class=\"yoast-schema-graph\">{\"@context\":\"https:\/\/schema.org\",\"@graph\":[{\"@type\":\"Article\",\"@id\":\"https:\/\/www.grancanariastays.com\/blog\/belen-arena-canteras-canarias\/#article\",\"isPartOf\":{\"@id\":\"https:\/\/www.grancanariastays.com\/blog\/belen-arena-canteras-canarias\/\"},\"author\":{\"name\":\"digitalservices@avantio.com\",\"@id\":\"https:\/\/www.grancanariastays.com\/blog\/#\/schema\/person\/35f7856bb384d1ebae2b3aa592e46d5f\"},\"headline\":\"El Espectacular Bel\u00e9n de Arena de Las Canteras\",\"datePublished\":\"2024-10-14T07:21:04+00:00\",\"dateModified\":\"2025-05-29T11:16:13+00:00\",\"mainEntityOfPage\":{\"@id\":\"https:\/\/www.grancanariastays.com\/blog\/belen-arena-canteras-canarias\/\"},\"wordCount\":1048,\"commentCount\":0,\"publisher\":{\"@id\":\"https:\/\/www.grancanariastays.com\/blog\/#organization\"},\"image\":{\"@id\":\"https:\/\/www.grancanariastays.com\/blog\/belen-arena-canteras-canarias\/#primaryimage\"},\"thumbnailUrl\":\"https:\/\/www.grancanariastays.com\/blog\/wp-content\/uploads\/2024\/10\/belen-de-las-arena-canteras.jpg\",\"articleSection\":[\"Actividades\"],\"inLanguage\":\"es\",\"potentialAction\":[{\"@type\":\"CommentAction\",\"name\":\"Comment\",\"target\":[\"https:\/\/www.grancanariastays.com\/blog\/belen-arena-canteras-canarias\/#respond\"]}]},{\"@type\":\"WebPage\",\"@id\":\"https:\/\/www.grancanariastays.com\/blog\/belen-arena-canteras-canarias\/\",\"url\":\"https:\/\/www.grancanariastays.com\/blog\/belen-arena-canteras-canarias\/\",\"name\":\"El Espectacular Bel\u00e9n de Arena de Las Canteras - Gran Canaria | Blog\",\"isPartOf\":{\"@id\":\"https:\/\/www.grancanariastays.com\/blog\/#website\"},\"primaryImageOfPage\":{\"@id\":\"https:\/\/www.grancanariastays.com\/blog\/belen-arena-canteras-canarias\/#primaryimage\"},\"image\":{\"@id\":\"https:\/\/www.grancanariastays.com\/blog\/belen-arena-canteras-canarias\/#primaryimage\"},\"thumbnailUrl\":\"https:\/\/www.grancanariastays.com\/blog\/wp-content\/uploads\/2024\/10\/belen-de-las-arena-canteras.jpg\",\"datePublished\":\"2024-10-14T07:21:04+00:00\",\"dateModified\":\"2025-05-29T11:16:13+00:00\",\"description\":\"Descubre el Bel\u00e9n de Arena en Playa de Las Canteras. Admira las impresionantes esculturas de arena en este evento navide\u00f1o \u00fanico.\",\"breadcrumb\":{\"@id\":\"https:\/\/www.grancanariastays.com\/blog\/belen-arena-canteras-canarias\/#breadcrumb\"},\"inLanguage\":\"es\",\"potentialAction\":[{\"@type\":\"ReadAction\",\"target\":[\"https:\/\/www.grancanariastays.com\/blog\/belen-arena-canteras-canarias\/\"]}]},{\"@type\":\"ImageObject\",\"inLanguage\":\"es\",\"@id\":\"https:\/\/www.grancanariastays.com\/blog\/belen-arena-canteras-canarias\/#primaryimage\",\"url\":\"https:\/\/www.grancanariastays.com\/blog\/wp-content\/uploads\/2024\/10\/belen-de-las-arena-canteras.jpg\",\"contentUrl\":\"https:\/\/www.grancanariastays.com\/blog\/wp-content\/uploads\/2024\/10\/belen-de-las-arena-canteras.jpg\",\"width\":1920,\"height\":586,\"caption\":\"belen de las arena canteras\"},{\"@type\":\"BreadcrumbList\",\"@id\":\"https:\/\/www.grancanariastays.com\/blog\/belen-arena-canteras-canarias\/#breadcrumb\",\"itemListElement\":[{\"@type\":\"ListItem\",\"position\":1,\"name\":\"Portada\",\"item\":\"https:\/\/www.grancanariastays.com\/blog\/\"},{\"@type\":\"ListItem\",\"position\":2,\"name\":\"El Espectacular Bel\u00e9n de Arena de Las Canteras\"}]},{\"@type\":\"WebSite\",\"@id\":\"https:\/\/www.grancanariastays.com\/blog\/#website\",\"url\":\"https:\/\/www.grancanariastays.com\/blog\/\",\"name\":\"Gran Canaria Stays\",\"description\":\"\",\"publisher\":{\"@id\":\"https:\/\/www.grancanariastays.com\/blog\/#organization\"},\"potentialAction\":[{\"@type\":\"SearchAction\",\"target\":{\"@type\":\"EntryPoint\",\"urlTemplate\":\"https:\/\/www.grancanariastays.com\/blog\/?s={search_term_string}\"},\"query-input\":{\"@type\":\"PropertyValueSpecification\",\"valueRequired\":true,\"valueName\":\"search_term_string\"}}],\"inLanguage\":\"es\"},{\"@type\":\"Organization\",\"@id\":\"https:\/\/www.grancanariastays.com\/blog\/#organization\",\"name\":\"Gran Canaria Stays\",\"url\":\"https:\/\/www.grancanariastays.com\/blog\/\",\"logo\":{\"@type\":\"ImageObject\",\"inLanguage\":\"es\",\"@id\":\"https:\/\/www.grancanariastays.com\/blog\/#\/schema\/logo\/image\/\",\"url\":\"https:\/\/www.grancanariastays.com\/blog\/wp-content\/uploads\/2024\/01\/logo-gran-canaria-stays.png\",\"contentUrl\":\"https:\/\/www.grancanariastays.com\/blog\/wp-content\/uploads\/2024\/01\/logo-gran-canaria-stays.png\",\"width\":300,\"height\":112,\"caption\":\"Gran Canaria Stays\"},\"image\":{\"@id\":\"https:\/\/www.grancanariastays.com\/blog\/#\/schema\/logo\/image\/\"},\"sameAs\":[\"https:\/\/www.facebook.com\/Grancanariastays\",\"https:\/\/www.instagram.com\/grancanariastays\/\"]},{\"@type\":\"Person\",\"@id\":\"https:\/\/www.grancanariastays.com\/blog\/#\/schema\/person\/35f7856bb384d1ebae2b3aa592e46d5f\",\"name\":\"digitalservices@avantio.com\",\"image\":{\"@type\":\"ImageObject\",\"inLanguage\":\"es\",\"@id\":\"https:\/\/www.grancanariastays.com\/blog\/#\/schema\/person\/image\/\",\"url\":\"https:\/\/secure.gravatar.com\/avatar\/af30f88a1904294c1f3eb09a9d7903eec4ffa18fa2cf40c28a8681014ecdfc20?s=96&d=mm&r=g\",\"contentUrl\":\"https:\/\/secure.gravatar.com\/avatar\/af30f88a1904294c1f3eb09a9d7903eec4ffa18fa2cf40c28a8681014ecdfc20?s=96&d=mm&r=g\",\"caption\":\"digitalservices@avantio.com\"},\"url\":\"https:\/\/www.grancanariastays.com\/blog\/author\/digitalservicesavantio-com\/\"}]}<\/script>\n<!-- \/ Yoast SEO plugin. -->","yoast_head_json":{"title":"El Espectacular Bel\u00e9n de Arena de Las Canteras - Gran Canaria | Blog","description":"Descubre el Bel\u00e9n de Arena en Playa de Las Canteras. Admira las impresionantes esculturas de arena en este evento navide\u00f1o \u00fanico.","robots":{"index":"index","follow":"follow","max-snippet":"max-snippet:-1","max-image-preview":"max-image-preview:large","max-video-preview":"max-video-preview:-1"},"canonical":"https:\/\/www.grancanariastays.com\/blog\/belen-arena-canteras-canarias\/","og_locale":"es_ES","og_type":"article","og_title":"El Espectacular Bel\u00e9n de Arena de Las Canteras - Gran Canaria | Blog","og_description":"Descubre el Bel\u00e9n de Arena en Playa de Las Canteras. Admira las impresionantes esculturas de arena en este evento navide\u00f1o \u00fanico.","og_url":"https:\/\/www.grancanariastays.com\/blog\/belen-arena-canteras-canarias\/","og_site_name":"Gran Canaria | Blog","article_publisher":"https:\/\/www.facebook.com\/Grancanariastays","article_published_time":"2024-10-14T07:21:04+00:00","article_modified_time":"2025-05-29T11:16:13+00:00","og_image":[{"width":1920,"height":586,"url":"https:\/\/www.grancanariastays.com\/blog\/wp-content\/uploads\/2024\/10\/belen-de-las-arena-canteras.jpg","type":"image\/jpeg"}],"author":"digitalservices@avantio.com","twitter_card":"summary_large_image","twitter_misc":{"Written by":"digitalservices@avantio.com","Est. reading time":"5 minutes"},"schema":{"@context":"https:\/\/schema.org","@graph":[{"@type":"Article","@id":"https:\/\/www.grancanariastays.com\/blog\/belen-arena-canteras-canarias\/#article","isPartOf":{"@id":"https:\/\/www.grancanariastays.com\/blog\/belen-arena-canteras-canarias\/"},"author":{"name":"digitalservices@avantio.com","@id":"https:\/\/www.grancanariastays.com\/blog\/#\/schema\/person\/35f7856bb384d1ebae2b3aa592e46d5f"},"headline":"El Espectacular Bel\u00e9n de Arena de Las Canteras","datePublished":"2024-10-14T07:21:04+00:00","dateModified":"2025-05-29T11:16:13+00:00","mainEntityOfPage":{"@id":"https:\/\/www.grancanariastays.com\/blog\/belen-arena-canteras-canarias\/"},"wordCount":1048,"commentCount":0,"publisher":{"@id":"https:\/\/www.grancanariastays.com\/blog\/#organization"},"image":{"@id":"https:\/\/www.grancanariastays.com\/blog\/belen-arena-canteras-canarias\/#primaryimage"},"thumbnailUrl":"https:\/\/www.grancanariastays.com\/blog\/wp-content\/uploads\/2024\/10\/belen-de-las-arena-canteras.jpg","articleSection":["Actividades"],"inLanguage":"es","potentialAction":[{"@type":"CommentAction","name":"Comment","target":["https:\/\/www.grancanariastays.com\/blog\/belen-arena-canteras-canarias\/#respond"]}]},{"@type":"WebPage","@id":"https:\/\/www.grancanariastays.com\/blog\/belen-arena-canteras-canarias\/","url":"https:\/\/www.grancanariastays.com\/blog\/belen-arena-canteras-canarias\/","name":"El Espectacular Bel\u00e9n de Arena de Las Canteras - Gran Canaria | Blog","isPartOf":{"@id":"https:\/\/www.grancanariastays.com\/blog\/#website"},"primaryImageOfPage":{"@id":"https:\/\/www.grancanariastays.com\/blog\/belen-arena-canteras-canarias\/#primaryimage"},"image":{"@id":"https:\/\/www.grancanariastays.com\/blog\/belen-arena-canteras-canarias\/#primaryimage"},"thumbnailUrl":"https:\/\/www.grancanariastays.com\/blog\/wp-content\/uploads\/2024\/10\/belen-de-las-arena-canteras.jpg","datePublished":"2024-10-14T07:21:04+00:00","dateModified":"2025-05-29T11:16:13+00:00","description":"Descubre el Bel\u00e9n de Arena en Playa de Las Canteras. Admira las impresionantes esculturas de arena en este evento navide\u00f1o \u00fanico.","breadcrumb":{"@id":"https:\/\/www.grancanariastays.com\/blog\/belen-arena-canteras-canarias\/#breadcrumb"},"inLanguage":"es","potentialAction":[{"@type":"ReadAction","target":["https:\/\/www.grancanariastays.com\/blog\/belen-arena-canteras-canarias\/"]}]},{"@type":"ImageObject","inLanguage":"es","@id":"https:\/\/www.grancanariastays.com\/blog\/belen-arena-canteras-canarias\/#primaryimage","url":"https:\/\/www.grancanariastays.com\/blog\/wp-content\/uploads\/2024\/10\/belen-de-las-arena-canteras.jpg","contentUrl":"https:\/\/www.grancanariastays.com\/blog\/wp-content\/uploads\/2024\/10\/belen-de-las-arena-canteras.jpg","width":1920,"height":586,"caption":"belen de las arena canteras"},{"@type":"BreadcrumbList","@id":"https:\/\/www.grancanariastays.com\/blog\/belen-arena-canteras-canarias\/#breadcrumb","itemListElement":[{"@type":"ListItem","position":1,"name":"Portada","item":"https:\/\/www.grancanariastays.com\/blog\/"},{"@type":"ListItem","position":2,"name":"El Espectacular Bel\u00e9n de Arena de Las Canteras"}]},{"@type":"WebSite","@id":"https:\/\/www.grancanariastays.com\/blog\/#website","url":"https:\/\/www.grancanariastays.com\/blog\/","name":"Gran Canaria Stays","description":"","publisher":{"@id":"https:\/\/www.grancanariastays.com\/blog\/#organization"},"potentialAction":[{"@type":"SearchAction","target":{"@type":"EntryPoint","urlTemplate":"https:\/\/www.grancanariastays.com\/blog\/?s={search_term_string}"},"query-input":{"@type":"PropertyValueSpecification","valueRequired":true,"valueName":"search_term_string"}}],"inLanguage":"es"},{"@type":"Organization","@id":"https:\/\/www.grancanariastays.com\/blog\/#organization","name":"Gran Canaria Stays","url":"https:\/\/www.grancanariastays.com\/blog\/","logo":{"@type":"ImageObject","inLanguage":"es","@id":"https:\/\/www.grancanariastays.com\/blog\/#\/schema\/logo\/image\/","url":"https:\/\/www.grancanariastays.com\/blog\/wp-content\/uploads\/2024\/01\/logo-gran-canaria-stays.png","contentUrl":"https:\/\/www.grancanariastays.com\/blog\/wp-content\/uploads\/2024\/01\/logo-gran-canaria-stays.png","width":300,"height":112,"caption":"Gran Canaria Stays"},"image":{"@id":"https:\/\/www.grancanariastays.com\/blog\/#\/schema\/logo\/image\/"},"sameAs":["https:\/\/www.facebook.com\/Grancanariastays","https:\/\/www.instagram.com\/grancanariastays\/"]},{"@type":"Person","@id":"https:\/\/www.grancanariastays.com\/blog\/#\/schema\/person\/35f7856bb384d1ebae2b3aa592e46d5f","name":"digitalservices@avantio.com","image":{"@type":"ImageObject","inLanguage":"es","@id":"https:\/\/www.grancanariastays.com\/blog\/#\/schema\/person\/image\/","url":"https:\/\/secure.gravatar.com\/avatar\/af30f88a1904294c1f3eb09a9d7903eec4ffa18fa2cf40c28a8681014ecdfc20?s=96&d=mm&r=g","contentUrl":"https:\/\/secure.gravatar.com\/avatar\/af30f88a1904294c1f3eb09a9d7903eec4ffa18fa2cf40c28a8681014ecdfc20?s=96&d=mm&r=g","caption":"digitalservices@avantio.com"},"url":"https:\/\/www.grancanariastays.com\/blog\/author\/digitalservicesavantio-com\/"}]}},"_links":{"self":[{"href":"https:\/\/www.grancanariastays.com\/blog\/wp-json\/wp\/v2\/posts\/4685","targetHints":{"allow":["GET"]}}],"collection":[{"href":"https:\/\/www.grancanariastays.com\/blog\/wp-json\/wp\/v2\/posts"}],"about":[{"href":"https:\/\/www.grancanariastays.com\/blog\/wp-json\/wp\/v2\/types\/post"}],"author":[{"embeddable":true,"href":"https:\/\/www.grancanariastays.com\/blog\/wp-json\/wp\/v2\/users\/3"}],"replies":[{"embeddable":true,"href":"https:\/\/www.grancanariastays.com\/blog\/wp-json\/wp\/v2\/comments?post=4685"}],"version-history":[{"count":12,"href":"https:\/\/www.grancanariastays.com\/blog\/wp-json\/wp\/v2\/posts\/4685\/revisions"}],"predecessor-version":[{"id":5103,"href":"https:\/\/www.grancanariastays.com\/blog\/wp-json\/wp\/v2\/posts\/4685\/revisions\/5103"}],"wp:featuredmedia":[{"embeddable":true,"href":"https:\/\/www.grancanariastays.com\/blog\/wp-json\/wp\/v2\/media\/4700"}],"wp:attachment":[{"href":"https:\/\/www.grancanariastays.com\/blog\/wp-json\/wp\/v2\/media?parent=4685"}],"wp:term":[{"taxonomy":"category","embeddable":true,"href":"https:\/\/www.grancanariastays.com\/blog\/wp-json\/wp\/v2\/categories?post=4685"},{"taxonomy":"post_tag","embeddable":true,"href":"https:\/\/www.grancanariastays.com\/blog\/wp-json\/wp\/v2\/tags?post=4685"}],"curies":[{"name":"wp","href":"https:\/\/api.w.org\/{rel}","templated":true}]}}