{"id":6549,"date":"2025-05-21T13:30:25","date_gmt":"2025-05-21T13:30:25","guid":{"rendered":"https:\/\/www.grancanariastays.com\/blog\/?p=6549"},"modified":"2025-05-29T10:09:00","modified_gmt":"2025-05-29T10:09:00","slug":"parque-natural-pilancones","status":"publish","type":"post","link":"https:\/\/www.grancanariastays.com\/blog\/parque-natural-pilancones\/","title":{"rendered":"Parque Natural de Pilancones: naturaleza en estado puro"},"content":{"rendered":"\t\t<div data-elementor-type=\"wp-post\" data-elementor-id=\"6549\" class=\"elementor elementor-6549\" data-elementor-post-type=\"post\">\n\t\t\t\t\t\t<section class=\"elementor-section elementor-top-section elementor-element elementor-element-53056832 elementor-section-boxed elementor-section-height-default elementor-section-height-default\" data-id=\"53056832\" data-element_type=\"section\">\n\t\t\t\t\t\t<div class=\"elementor-container elementor-column-gap-default\">\n\t\t\t\t\t<div class=\"elementor-column elementor-col-100 elementor-top-column elementor-element elementor-element-4b71be0f\" data-id=\"4b71be0f\" data-element_type=\"column\">\n\t\t\t<div class=\"elementor-widget-wrap elementor-element-populated\">\n\t\t\t\t\t\t<div class=\"elementor-element elementor-element-58af4d81 elementor-widget elementor-widget-text-editor\" data-id=\"58af4d81\" data-element_type=\"widget\" data-widget_type=\"text-editor.default\">\n\t\t\t\t<div class=\"elementor-widget-container\">\n\t\t\t\t\t\t\t\t\t<p>Si vas a visitar Gran Canaria y quieres explorar su naturaleza m\u00e1s salvaje, te<br \/>recomendamos el Parque Natural de Pilancones, en la zona sur de la isla. Este lugar id\u00edlico<br \/>tiene una extensi\u00f3n de 5.794 hect\u00e1reas y es un espacio protegido donde la naturaleza tiene<br \/>tiempo y libertad para crecer y florecer. La fauna y la flora son espectaculares y podr\u00e1s<br \/>observar especies \u00fanicas haciendo una ruta o un viaje en coche por el parque.<br \/>En este art\u00edculo te vamos a contar todo lo que debes saber antes de visitar el Parque<br \/>Natural de Pilancones y la isla de Gran Canaria, as\u00ed que sigue leyendo y empieza a so\u00f1ar<br \/>con tu pr\u00f3ximo viaje.<\/p>\t\t\t\t\t\t\t\t<\/div>\n\t\t\t\t<\/div>\n\t\t\t\t\t<\/div>\n\t\t<\/div>\n\t\t\t\t\t<\/div>\n\t\t<\/section>\n\t\t\t\t<section class=\"elementor-section elementor-top-section elementor-element elementor-element-56066669 elementor-section-boxed elementor-section-height-default elementor-section-height-default\" data-id=\"56066669\" data-element_type=\"section\">\n\t\t\t\t\t\t<div class=\"elementor-container elementor-column-gap-default\">\n\t\t\t\t\t<div class=\"elementor-column elementor-col-100 elementor-top-column elementor-element elementor-element-3ed204c5\" data-id=\"3ed204c5\" data-element_type=\"column\">\n\t\t\t<div class=\"elementor-widget-wrap elementor-element-populated\">\n\t\t\t\t\t\t<div class=\"elementor-element elementor-element-2eb0802a elementor-widget elementor-widget-table-of-contents\" data-id=\"2eb0802a\" data-element_type=\"widget\" data-settings=\"{&quot;headings_by_tags&quot;:[&quot;h2&quot;],&quot;exclude_headings_by_selector&quot;:[],&quot;marker_view&quot;:&quot;bullets&quot;,&quot;icon&quot;:{&quot;value&quot;:&quot;&quot;,&quot;library&quot;:&quot;&quot;},&quot;no_headings_message&quot;:&quot;No headings were found on this page.&quot;,&quot;hierarchical_view&quot;:&quot;yes&quot;,&quot;min_height&quot;:{&quot;unit&quot;:&quot;px&quot;,&quot;size&quot;:&quot;&quot;,&quot;sizes&quot;:[]},&quot;min_height_tablet&quot;:{&quot;unit&quot;:&quot;px&quot;,&quot;size&quot;:&quot;&quot;,&quot;sizes&quot;:[]},&quot;min_height_mobile&quot;:{&quot;unit&quot;:&quot;px&quot;,&quot;size&quot;:&quot;&quot;,&quot;sizes&quot;:[]}}\" data-widget_type=\"table-of-contents.default\">\n\t\t\t\t<div class=\"elementor-widget-container\">\n\t\t\t\t\t\t\t<div class=\"elementor-toc__header\">\n\t\t\t<div class=\"elementor-toc__header-title\">\n\t\t\t\t\u00cdndice\t\t\t<\/div>\n\t\t\t\t\t<\/div>\n\t\t<div id=\"elementor-toc__2eb0802a\" class=\"elementor-toc__body\">\n\t\t\t<div class=\"elementor-toc__spinner-container\">\n\t\t\t\t<i class=\"elementor-toc__spinner eicon-animation-spin eicon-loading\" aria-hidden=\"true\"><\/i>\t\t\t<\/div>\n\t\t<\/div>\n\t\t\t\t\t\t<\/div>\n\t\t\t\t<\/div>\n\t\t\t\t\t<\/div>\n\t\t<\/div>\n\t\t\t\t\t<\/div>\n\t\t<\/section>\n\t\t\t\t<section class=\"elementor-section elementor-top-section elementor-element elementor-element-1bd2fee0 elementor-section-boxed elementor-section-height-default elementor-section-height-default\" data-id=\"1bd2fee0\" data-element_type=\"section\">\n\t\t\t\t\t\t<div class=\"elementor-container elementor-column-gap-default\">\n\t\t\t\t\t<div class=\"elementor-column elementor-col-100 elementor-top-column elementor-element elementor-element-76e25a03\" data-id=\"76e25a03\" data-element_type=\"column\">\n\t\t\t<div class=\"elementor-widget-wrap elementor-element-populated\">\n\t\t\t\t\t\t<div class=\"elementor-element elementor-element-2cd3ab5f elementor-widget elementor-widget-heading\" data-id=\"2cd3ab5f\" data-element_type=\"widget\" data-widget_type=\"heading.default\">\n\t\t\t\t<div class=\"elementor-widget-container\">\n\t\t\t\t\t<h2 class=\"elementor-heading-title elementor-size-default\">C\u00f3mo llegar y cu\u00e1ndo es mejor visitarlo\n<\/h2>\t\t\t\t<\/div>\n\t\t\t\t<\/div>\n\t\t\t\t\t<\/div>\n\t\t<\/div>\n\t\t\t\t\t<\/div>\n\t\t<\/section>\n\t\t\t\t<section class=\"elementor-section elementor-top-section elementor-element elementor-element-7a334c1 elementor-section-boxed elementor-section-height-default elementor-section-height-default\" data-id=\"7a334c1\" data-element_type=\"section\">\n\t\t\t\t\t\t<div class=\"elementor-container elementor-column-gap-default\">\n\t\t\t\t\t<div class=\"elementor-column elementor-col-50 elementor-top-column elementor-element elementor-element-e0e6c4f\" data-id=\"e0e6c4f\" data-element_type=\"column\">\n\t\t\t<div class=\"elementor-widget-wrap elementor-element-populated\">\n\t\t\t\t\t\t<div class=\"elementor-element elementor-element-f37aa4f elementor-widget elementor-widget-text-editor\" data-id=\"f37aa4f\" data-element_type=\"widget\" data-widget_type=\"text-editor.default\">\n\t\t\t\t<div class=\"elementor-widget-container\">\n\t\t\t\t\t\t\t\t\t<p><span style=\"font-weight: 400;\">Para llegar al Parque Natural de Pilancones, por lo general se utiliza la carretera GC-60, que nos lleva hasta San Bartolom\u00e9 de Tirajana desde <\/span><a href=\"https:\/\/www.grancanariastays.com\/blog\/que-ver-en-maspalomas\/\"><span style=\"font-weight: 400;\">Maspalomas<\/span><\/a><span style=\"font-weight: 400;\">, una de las zonas m\u00e1s tur\u00edsticas en el sur de la isla. Este viaje por carretera cruza parte del parque y es una muestra de la espectacularidad de las vistas que nos esperan. Otra opci\u00f3n es usar el transporte p\u00fablico, porque existen l\u00edneas de autob\u00fas que te pueden llevar hasta zonas muy cercanas a la entrada del parque.<\/span><\/p><p><span style=\"font-weight: 400;\">Si te est\u00e1s preguntando cual es la mejor \u00e9poca del a\u00f1o para visitar el Parque Natural de Pilancones, aqu\u00ed tienes la respuesta: los meses de primavera y oto\u00f1o ofrecen las mejores condiciones para visitar el parque y explorarlo sin problemas, ya que las temperaturas son m\u00e1s suaves y el parque est\u00e1 todav\u00eda m\u00e1s verde. De todas formas, tambi\u00e9n podr\u00e1s visitar el parque en los meses de <\/span><a href=\"https:\/\/www.grancanariastays.com\/blog\/gran-canaria-agosto\/\"><span style=\"font-weight: 400;\">verano<\/span><\/a><span style=\"font-weight: 400;\"> e invierno, ya que el tiempo en Gran Canaria es bueno durante pr\u00e1cticamente todo el a\u00f1o.<\/span><\/p>\t\t\t\t\t\t\t\t<\/div>\n\t\t\t\t<\/div>\n\t\t\t\t\t<\/div>\n\t\t<\/div>\n\t\t\t\t<div class=\"elementor-column elementor-col-50 elementor-top-column elementor-element elementor-element-bb2d170\" data-id=\"bb2d170\" data-element_type=\"column\">\n\t\t\t<div class=\"elementor-widget-wrap elementor-element-populated\">\n\t\t\t\t\t\t<div class=\"elementor-element elementor-element-27a4235 elementor-widget elementor-widget-google_maps\" data-id=\"27a4235\" data-element_type=\"widget\" data-widget_type=\"google_maps.default\">\n\t\t\t\t<div class=\"elementor-widget-container\">\n\t\t\t\t\t\t\t<div class=\"elementor-custom-embed\">\n\t\t\t<iframe loading=\"lazy\"\n\t\t\t\t\tsrc=\"https:\/\/maps.google.com\/maps?q=Parque%20Natural%20de%20Pilancones&#038;t=m&#038;z=10&#038;output=embed&#038;iwloc=near\"\n\t\t\t\t\ttitle=\"Parque Natural de Pilancones\"\n\t\t\t\t\taria-label=\"Parque Natural de Pilancones\"\n\t\t\t><\/iframe>\n\t\t<\/div>\n\t\t\t\t\t\t<\/div>\n\t\t\t\t<\/div>\n\t\t\t\t\t<\/div>\n\t\t<\/div>\n\t\t\t\t\t<\/div>\n\t\t<\/section>\n\t\t\t\t<section class=\"elementor-section elementor-top-section elementor-element elementor-element-33578b5 elementor-section-boxed elementor-section-height-default elementor-section-height-default\" data-id=\"33578b5\" data-element_type=\"section\">\n\t\t\t\t\t\t<div class=\"elementor-container elementor-column-gap-default\">\n\t\t\t\t\t<div class=\"elementor-column elementor-col-100 elementor-top-column elementor-element elementor-element-43a2c64\" data-id=\"43a2c64\" data-element_type=\"column\">\n\t\t\t<div class=\"elementor-widget-wrap elementor-element-populated\">\n\t\t\t\t\t\t<div class=\"elementor-element elementor-element-d639a14 elementor-widget elementor-widget-heading\" data-id=\"d639a14\" data-element_type=\"widget\" data-widget_type=\"heading.default\">\n\t\t\t\t<div class=\"elementor-widget-container\">\n\t\t\t\t\t<h2 class=\"elementor-heading-title elementor-size-default\">Senderos y rutas de senderismo m\u00e1s recomendadas\n<\/h2>\t\t\t\t<\/div>\n\t\t\t\t<\/div>\n\t\t\t\t<div class=\"elementor-element elementor-element-9ff9ac1 elementor-widget elementor-widget-text-editor\" data-id=\"9ff9ac1\" data-element_type=\"widget\" data-widget_type=\"text-editor.default\">\n\t\t\t\t<div class=\"elementor-widget-container\">\n\t\t\t\t\t\t\t\t\t<p><span style=\"font-weight: 400;\">Existen muchas opciones para los amantes del senderismo en el Parque Natural de Pilancones, y para hacerte la vida m\u00e1s f\u00e1cil hemos creado una lista con algunas de las mejores rutas:<\/span><\/p>\t\t\t\t\t\t\t\t<\/div>\n\t\t\t\t<\/div>\n\t\t\t\t\t<\/div>\n\t\t<\/div>\n\t\t\t\t\t<\/div>\n\t\t<\/section>\n\t\t\t\t<section class=\"elementor-section elementor-top-section elementor-element elementor-element-10153cd elementor-section-boxed elementor-section-height-default elementor-section-height-default\" data-id=\"10153cd\" data-element_type=\"section\">\n\t\t\t\t\t\t<div class=\"elementor-container elementor-column-gap-default\">\n\t\t\t\t\t<div class=\"elementor-column elementor-col-33 elementor-top-column elementor-element elementor-element-3aef7d32\" data-id=\"3aef7d32\" data-element_type=\"column\">\n\t\t\t<div class=\"elementor-widget-wrap elementor-element-populated\">\n\t\t\t\t\t\t<div class=\"elementor-element elementor-element-58375bfd elementor-widget elementor-widget-heading\" data-id=\"58375bfd\" data-element_type=\"widget\" data-widget_type=\"heading.default\">\n\t\t\t\t<div class=\"elementor-widget-container\">\n\t\t\t\t\t<h3 class=\"elementor-heading-title elementor-size-default\">Pinar y Vista de Roque Nublo\n<\/h3>\t\t\t\t<\/div>\n\t\t\t\t<\/div>\n\t\t\t\t<div class=\"elementor-element elementor-element-2d526905 elementor-widget elementor-widget-text-editor\" data-id=\"2d526905\" data-element_type=\"widget\" data-widget_type=\"text-editor.default\">\n\t\t\t\t<div class=\"elementor-widget-container\">\n\t\t\t\t\t\t\t\t\t<p><span style=\"font-weight: 400;\">Una ruta circular que empieza en San Bartolom\u00e9 de Tirajana y que ofrece vistas \u00fanicas al fant\u00e1stico Roque Nublo, uno de los monumentos naturales m\u00e1s ic\u00f3nicos de la isla. No es una ruta f\u00e1cil, ya que son casi 10 kil\u00f3metros de distancia.<\/span><\/p>\t\t\t\t\t\t\t\t<\/div>\n\t\t\t\t<\/div>\n\t\t\t\t\t<\/div>\n\t\t<\/div>\n\t\t\t\t<div class=\"elementor-column elementor-col-33 elementor-top-column elementor-element elementor-element-82b40fb\" data-id=\"82b40fb\" data-element_type=\"column\">\n\t\t\t<div class=\"elementor-widget-wrap elementor-element-populated\">\n\t\t\t\t\t\t<div class=\"elementor-element elementor-element-0aea9b5 elementor-widget elementor-widget-heading\" data-id=\"0aea9b5\" data-element_type=\"widget\" data-widget_type=\"heading.default\">\n\t\t\t\t<div class=\"elementor-widget-container\">\n\t\t\t\t\t<h3 class=\"elementor-heading-title elementor-size-default\">Ayagaures - Presa de la Angostura\n<\/h3>\t\t\t\t<\/div>\n\t\t\t\t<\/div>\n\t\t\t\t<div class=\"elementor-element elementor-element-7b4eb9e elementor-widget elementor-widget-text-editor\" data-id=\"7b4eb9e\" data-element_type=\"widget\" data-widget_type=\"text-editor.default\">\n\t\t\t\t<div class=\"elementor-widget-container\">\n\t\t\t\t\t\t\t\t\t<p><span style=\"font-weight: 400;\">Esta ruta de senderismo tiene una dificultad relativamente elevada, con sus 11 kil\u00f3metros de recorrido, pero eso es ampliamente compensado por las incre\u00edbles vistas del embalse y de los barrancos de la zona (si te interesa explorar m\u00e1s, aqu\u00ed est\u00e1n los <\/span><a href=\"https:\/\/www.grancanariastays.com\/blog\/barrancos-gran-canaria\/\"><span style=\"font-weight: 400;\">10 mejores barrancos de Gran Canaria<\/span><\/a><span style=\"font-weight: 400;\">).<\/span><\/p>\t\t\t\t\t\t\t\t<\/div>\n\t\t\t\t<\/div>\n\t\t\t\t\t<\/div>\n\t\t<\/div>\n\t\t\t\t<div class=\"elementor-column elementor-col-33 elementor-top-column elementor-element elementor-element-613e7ce\" data-id=\"613e7ce\" data-element_type=\"column\">\n\t\t\t<div class=\"elementor-widget-wrap elementor-element-populated\">\n\t\t\t\t\t\t<div class=\"elementor-element elementor-element-919d69c elementor-widget elementor-widget-heading\" data-id=\"919d69c\" data-element_type=\"widget\" data-widget_type=\"heading.default\">\n\t\t\t\t<div class=\"elementor-widget-container\">\n\t\t\t\t\t<h3 class=\"elementor-heading-title elementor-size-default\">Cruz de Agustina\n<\/h3>\t\t\t\t<\/div>\n\t\t\t\t<\/div>\n\t\t\t\t<div class=\"elementor-element elementor-element-ca0cde7 elementor-widget elementor-widget-text-editor\" data-id=\"ca0cde7\" data-element_type=\"widget\" data-widget_type=\"text-editor.default\">\n\t\t\t\t<div class=\"elementor-widget-container\">\n\t\t\t\t\t\t\t\t\t<p><span style=\"font-weight: 400;\">Esta ruta con 15 kil\u00f3metros de distancia y nivel de dificultad moderado lleva a los usuarios a un lugar elevado que ofrece vistas despejadas de algunos de los barrancos del Parque Natural de Pilancones.<\/span><\/p>\t\t\t\t\t\t\t\t<\/div>\n\t\t\t\t<\/div>\n\t\t\t\t\t<\/div>\n\t\t<\/div>\n\t\t\t\t\t<\/div>\n\t\t<\/section>\n\t\t\t\t<section class=\"elementor-section elementor-top-section elementor-element elementor-element-4d22db7 elementor-section-boxed elementor-section-height-default elementor-section-height-default\" data-id=\"4d22db7\" data-element_type=\"section\">\n\t\t\t\t\t\t<div class=\"elementor-container elementor-column-gap-default\">\n\t\t\t\t\t<div class=\"elementor-column elementor-col-100 elementor-top-column elementor-element elementor-element-8782988\" data-id=\"8782988\" data-element_type=\"column\">\n\t\t\t<div class=\"elementor-widget-wrap elementor-element-populated\">\n\t\t\t\t\t\t<div class=\"elementor-element elementor-element-6bb8c86 elementor-widget elementor-widget-text-editor\" data-id=\"6bb8c86\" data-element_type=\"widget\" data-widget_type=\"text-editor.default\">\n\t\t\t\t<div class=\"elementor-widget-container\">\n\t\t\t\t\t\t\t\t\t<p><span style=\"font-weight: 400;\">No te olvides de llevar un mapa de la zona, tel\u00e9fono m\u00f3vil, agua y algo de comida, protecci\u00f3n solar y ropa y calzado adecuados para una ruta de senderismo en la monta\u00f1a.\u00a0<\/span><\/p>\t\t\t\t\t\t\t\t<\/div>\n\t\t\t\t<\/div>\n\t\t\t\t\t<\/div>\n\t\t<\/div>\n\t\t\t\t\t<\/div>\n\t\t<\/section>\n\t\t<div class=\"elementor-element elementor-element-bdff0e3 e-flex e-con-boxed e-con e-parent\" data-id=\"bdff0e3\" data-element_type=\"container\">\n\t\t\t\t\t<div class=\"e-con-inner\">\n\t\t\t\t<div class=\"elementor-element elementor-element-cdb56bc elementor-widget elementor-widget-image\" data-id=\"cdb56bc\" data-element_type=\"widget\" data-widget_type=\"image.default\">\n\t\t\t\t<div class=\"elementor-widget-container\">\n\t\t\t\t\t\t\t\t\t\t\t\t\t\t\t<img fetchpriority=\"high\" decoding=\"async\" width=\"1182\" height=\"591\" src=\"https:\/\/www.grancanariastays.com\/blog\/wp-content\/uploads\/2025\/05\/Parque-Natural-de-Pilancones-Tenerife-norte.jpg\" class=\"attachment-full size-full wp-image-6557\" alt=\"Parque-Natural-de-Pilancones-gran canaria-norte.jpg\" srcset=\"https:\/\/www.grancanariastays.com\/blog\/wp-content\/uploads\/2025\/05\/Parque-Natural-de-Pilancones-Tenerife-norte.jpg 1182w, https:\/\/www.grancanariastays.com\/blog\/wp-content\/uploads\/2025\/05\/Parque-Natural-de-Pilancones-Tenerife-norte-300x150.jpg 300w, https:\/\/www.grancanariastays.com\/blog\/wp-content\/uploads\/2025\/05\/Parque-Natural-de-Pilancones-Tenerife-norte-1024x512.jpg 1024w, https:\/\/www.grancanariastays.com\/blog\/wp-content\/uploads\/2025\/05\/Parque-Natural-de-Pilancones-Tenerife-norte-768x384.jpg 768w\" sizes=\"(max-width: 1182px) 100vw, 1182px\" \/>\t\t\t\t\t\t\t\t\t\t\t\t\t\t\t<\/div>\n\t\t\t\t<\/div>\n\t\t\t\t\t<\/div>\n\t\t\t\t<\/div>\n\t\t\t\t<section class=\"elementor-section elementor-top-section elementor-element elementor-element-6ab7015e elementor-section-boxed elementor-section-height-default elementor-section-height-default\" data-id=\"6ab7015e\" data-element_type=\"section\">\n\t\t\t\t\t\t<div class=\"elementor-container elementor-column-gap-default\">\n\t\t\t\t\t<div class=\"elementor-column elementor-col-100 elementor-top-column elementor-element elementor-element-5a188829\" data-id=\"5a188829\" data-element_type=\"column\">\n\t\t\t<div class=\"elementor-widget-wrap elementor-element-populated\">\n\t\t\t\t\t\t<div class=\"elementor-element elementor-element-709ee67d elementor-widget elementor-widget-heading\" data-id=\"709ee67d\" data-element_type=\"widget\" data-widget_type=\"heading.default\">\n\t\t\t\t<div class=\"elementor-widget-container\">\n\t\t\t\t\t<h2 class=\"elementor-heading-title elementor-size-default\">Flora y fauna que puedes encontrar en el Parque Natural de Pilancones\n<\/h2>\t\t\t\t<\/div>\n\t\t\t\t<\/div>\n\t\t\t\t<div class=\"elementor-element elementor-element-776e33c6 elementor-widget elementor-widget-text-editor\" data-id=\"776e33c6\" data-element_type=\"widget\" data-widget_type=\"text-editor.default\">\n\t\t\t\t<div class=\"elementor-widget-container\">\n\t\t\t\t\t\t\t\t\t<p><span style=\"font-weight: 400;\">El Parque Natural de Pilancones es una maravilla para la biodiversidad, ya que contiene muchas especies diferentes de plantas y animales, y un ecosistema rico y bien conservado. Si hablamos de la flora, podemos encontrar varios tipos de pinos, dragos, cardonales y tabaibales, dependiendo de la zona del parque. Si hablamos de la fauna, este es un buen lugar para encontrar el pinz\u00f3n azul de Gran Canaria, el pico picapinos y la lisa rayada de Gran Canaria, adem\u00e1s de 56 especies registradas de vertebrados de diferentes clases.<\/span><\/p><p><span style=\"font-weight: 400;\">Como puedes comprobar, es un lugar donde la naturaleza se mantiene pujante y donde es posible avistar especies que no se encuentran con facilidad en zonas m\u00e1s urbanas. Visitar el Parque Natural de Pilancones es descubrir una nueva forma de conectar con el planeta.<\/span><\/p>\t\t\t\t\t\t\t\t<\/div>\n\t\t\t\t<\/div>\n\t\t\t\t\t<\/div>\n\t\t<\/div>\n\t\t\t\t\t<\/div>\n\t\t<\/section>\n\t\t\t\t<section class=\"elementor-section elementor-top-section elementor-element elementor-element-26979d2 elementor-section-boxed elementor-section-height-default elementor-section-height-default\" data-id=\"26979d2\" data-element_type=\"section\">\n\t\t\t\t\t\t<div class=\"elementor-container elementor-column-gap-default\">\n\t\t\t\t\t<div class=\"elementor-column elementor-col-100 elementor-top-column elementor-element elementor-element-fd1cdd4\" data-id=\"fd1cdd4\" data-element_type=\"column\">\n\t\t\t<div class=\"elementor-widget-wrap elementor-element-populated\">\n\t\t\t\t\t\t<div class=\"elementor-element elementor-element-e8a5a66 elementor-widget elementor-widget-heading\" data-id=\"e8a5a66\" data-element_type=\"widget\" data-widget_type=\"heading.default\">\n\t\t\t\t<div class=\"elementor-widget-container\">\n\t\t\t\t\t<h2 class=\"elementor-heading-title elementor-size-default\">Curiosidades sobre el Parque Natural de Pilancones\n<\/h2>\t\t\t\t<\/div>\n\t\t\t\t<\/div>\n\t\t\t\t<div class=\"elementor-element elementor-element-2790a06 elementor-widget elementor-widget-text-editor\" data-id=\"2790a06\" data-element_type=\"widget\" data-widget_type=\"text-editor.default\">\n\t\t\t\t<div class=\"elementor-widget-container\">\n\t\t\t\t\t\t\t\t\t<ul><li style=\"font-weight: 400;\" aria-level=\"1\"><span style=\"font-weight: 400;\">Este parque, en la parte sur de Gran Canaria, es probablemente el paisaje m\u00e1s antiguo de la isla, \u00a1ya que cuenta con materiales geol\u00f3gicos que superan los 12 millones de a\u00f1os!\u00a0<\/span><\/li><li style=\"font-weight: 400;\" aria-level=\"1\"><span style=\"font-weight: 400;\">Fue declarado espacio protegido en 1987 y su territorio incluye los montes Ayagaures y Pilancones.\u00a0<\/span><\/li><li style=\"font-weight: 400;\" aria-level=\"1\"><span style=\"font-weight: 400;\">Sus vecinos naturales son el Parque Rural de Nublo y el Paisaje Protegido de Fataga, que tambi\u00e9n merecen una visita.<\/span><\/li><li style=\"font-weight: 400;\" aria-level=\"1\"><span style=\"font-weight: 400;\">Es una Zona de Especial Protecci\u00f3n para las Aves gracias al pinar \u00fanico que existe en la cumbre del parque.<\/span><\/li><\/ul><p>\u00a0<\/p><p><span style=\"font-weight: 400;\">\u00bfYa te han entrado ganas de visitar el Parque Natural de Pilancones?<\/span><\/p>\t\t\t\t\t\t\t\t<\/div>\n\t\t\t\t<\/div>\n\t\t\t\t\t<\/div>\n\t\t<\/div>\n\t\t\t\t\t<\/div>\n\t\t<\/section>\n\t\t<div class=\"elementor-element elementor-element-1c1869a e-flex e-con-boxed e-con e-parent\" data-id=\"1c1869a\" data-element_type=\"container\">\n\t\t\t\t\t<div class=\"e-con-inner\">\n\t\t\t\t<div class=\"elementor-element elementor-element-8eab463 elementor-widget elementor-widget-image\" data-id=\"8eab463\" data-element_type=\"widget\" data-widget_type=\"image.default\">\n\t\t\t\t<div class=\"elementor-widget-container\">\n\t\t\t\t\t\t\t\t\t\t\t\t\t\t\t<img decoding=\"async\" width=\"1238\" height=\"619\" src=\"https:\/\/www.grancanariastays.com\/blog\/wp-content\/uploads\/2025\/05\/tenerife-Parque-Natural-de-Pilancones.jpg\" class=\"attachment-full size-full wp-image-6554\" alt=\"Gran Canaria-Parque-Natural-de-Pilancones.jpg\" srcset=\"https:\/\/www.grancanariastays.com\/blog\/wp-content\/uploads\/2025\/05\/tenerife-Parque-Natural-de-Pilancones.jpg 1238w, https:\/\/www.grancanariastays.com\/blog\/wp-content\/uploads\/2025\/05\/tenerife-Parque-Natural-de-Pilancones-300x150.jpg 300w, https:\/\/www.grancanariastays.com\/blog\/wp-content\/uploads\/2025\/05\/tenerife-Parque-Natural-de-Pilancones-1024x512.jpg 1024w, https:\/\/www.grancanariastays.com\/blog\/wp-content\/uploads\/2025\/05\/tenerife-Parque-Natural-de-Pilancones-768x384.jpg 768w\" sizes=\"(max-width: 1238px) 100vw, 1238px\" \/>\t\t\t\t\t\t\t\t\t\t\t\t\t\t\t<\/div>\n\t\t\t\t<\/div>\n\t\t\t\t\t<\/div>\n\t\t\t\t<\/div>\n\t\t\t\t<section class=\"elementor-section elementor-top-section elementor-element elementor-element-8a47515 elementor-section-boxed elementor-section-height-default elementor-section-height-default\" data-id=\"8a47515\" data-element_type=\"section\">\n\t\t\t\t\t\t<div class=\"elementor-container elementor-column-gap-default\">\n\t\t\t\t\t<div class=\"elementor-column elementor-col-100 elementor-top-column elementor-element elementor-element-e9a220c\" data-id=\"e9a220c\" data-element_type=\"column\">\n\t\t\t<div class=\"elementor-widget-wrap elementor-element-populated\">\n\t\t\t\t\t\t<div class=\"elementor-element elementor-element-e038870 elementor-widget elementor-widget-heading\" data-id=\"e038870\" data-element_type=\"widget\" data-widget_type=\"heading.default\">\n\t\t\t\t<div class=\"elementor-widget-container\">\n\t\t\t\t\t<h2 class=\"elementor-heading-title elementor-size-default\">Recomendaciones y consejos para la visita\n<\/h2>\t\t\t\t<\/div>\n\t\t\t\t<\/div>\n\t\t\t\t<div class=\"elementor-element elementor-element-6ebc06c elementor-widget elementor-widget-text-editor\" data-id=\"6ebc06c\" data-element_type=\"widget\" data-widget_type=\"text-editor.default\">\n\t\t\t\t<div class=\"elementor-widget-container\">\n\t\t\t\t\t\t\t\t\t<p><span style=\"font-weight: 400;\">Para visitar el Parque Natural de Pilancones es importante tener en cuenta algunas recomendaciones importantes:<\/span><\/p><p>\u00a0<\/p><ul><li style=\"font-weight: 400;\" aria-level=\"1\"><b>Prep\u00e1rate<\/b><span style=\"font-weight: 400;\"> convenientemente para las condiciones del tiempo y para la exigencia de las rutas que quieras hacer, con snacks y agua suficientes, as\u00ed como cualquier otro equipo necesario.<\/span><\/li><li style=\"font-weight: 400;\" aria-level=\"1\"><span style=\"font-weight: 400;\">Es muy recomendable llevar <\/span><b>calzado y ropa<\/b><span style=\"font-weight: 400;\"> para senderismo, adem\u00e1s de <\/span><b>protecci\u00f3n contra el sol<\/b><span style=\"font-weight: 400;\"> (crema, gorra y gafas de sol).<\/span><\/li><li style=\"font-weight: 400;\" aria-level=\"1\"><b>Comunica tu ruta<\/b><span style=\"font-weight: 400;\"> a alguna persona de confianza para que puedan ayudarte en caso de necesidad.<\/span><\/li><li style=\"font-weight: 400;\" aria-level=\"1\"><b>Protege el ambiente<\/b><span style=\"font-weight: 400;\"> y deja el entorno de la misma forma que te gustar\u00eda encontrarlo.<\/span><\/li><\/ul><p><b>Respeta siempre las indicaciones<\/b><span style=\"font-weight: 400;\"> del parque, para evitar cualquier tipo de accidente.<\/span><\/p>\t\t\t\t\t\t\t\t<\/div>\n\t\t\t\t<\/div>\n\t\t\t\t\t<\/div>\n\t\t<\/div>\n\t\t\t\t\t<\/div>\n\t\t<\/section>\n\t\t\t\t<section class=\"elementor-section elementor-top-section elementor-element elementor-element-e881aee elementor-section-boxed elementor-section-height-default elementor-section-height-default\" data-id=\"e881aee\" data-element_type=\"section\">\n\t\t\t\t\t\t<div class=\"elementor-container elementor-column-gap-default\">\n\t\t\t\t\t<div class=\"elementor-column elementor-col-100 elementor-top-column elementor-element elementor-element-7b05541\" data-id=\"7b05541\" data-element_type=\"column\">\n\t\t\t<div class=\"elementor-widget-wrap elementor-element-populated\">\n\t\t\t\t\t\t<div class=\"elementor-element elementor-element-110b430 elementor-widget elementor-widget-heading\" data-id=\"110b430\" data-element_type=\"widget\" data-widget_type=\"heading.default\">\n\t\t\t\t<div class=\"elementor-widget-container\">\n\t\t\t\t\t<h2 class=\"elementor-heading-title elementor-size-default\">Ven a visitar el Parque Natural de Pilancones\n<\/h2>\t\t\t\t<\/div>\n\t\t\t\t<\/div>\n\t\t\t\t<div class=\"elementor-element elementor-element-7b91d62 elementor-widget elementor-widget-text-editor\" data-id=\"7b91d62\" data-element_type=\"widget\" data-widget_type=\"text-editor.default\">\n\t\t\t\t<div class=\"elementor-widget-container\">\n\t\t\t\t\t\t\t\t\t<p><span style=\"font-weight: 400;\">Hay much\u00edsimos motivos para visitar Gran Canaria y el Parque Natural de Pilancones es uno de los mejores. Aqu\u00ed encontrar\u00e1s naturaleza pura, biodiversidad, paisajes fant\u00e1sticos y un lugar perfecto para conectar verdaderamente contigo mismo y con nuestro mundo. Adem\u00e1s, es un plan que no suele estar incluido en las principales gu\u00edas tur\u00edsticas de Gran Canaria, lo cual es un garante de mayor tranquilidad. Si buscas playas, monta\u00f1as, <\/span><a href=\"https:\/\/www.grancanariastays.com\/blog\/comida-tipica-gran-canaria\/\"><span style=\"font-weight: 400;\">gastronom\u00eda<\/span><\/a><span style=\"font-weight: 400;\"> y pueblos con encanto, Gran Canaria es para ti.<\/span><\/p><p><span style=\"font-weight: 400;\">Para encontrar el alojamiento perfecto para tu estancia cerca del Parque Natural de Pilancones y otros puntos de inter\u00e9s de la isla, \u00a1visita <\/span><a href=\"https:\/\/www.grancanariastays.com\/\"><span style=\"font-weight: 400;\">Gran Canaria Stays<\/span><\/a><span style=\"font-weight: 400;\">! Encontrar\u00e1s lo que buscas, ya sea un apartamento con vistas, una casa con piscina, un peque\u00f1o estudio o una villa de lujo. Puedes reservar online con total confianza y tranquilidad. \u00a1Solo tendr\u00e1s que preocuparte por disfrutar de Gran Canaria!<\/span><\/p>\t\t\t\t\t\t\t\t<\/div>\n\t\t\t\t<\/div>\n\t\t\t\t\t<\/div>\n\t\t<\/div>\n\t\t\t\t\t<\/div>\n\t\t<\/section>\n\t\t\t\t<section class=\"elementor-section elementor-top-section elementor-element elementor-element-386802c0 elementor-section-boxed elementor-section-height-default elementor-section-height-default\" data-id=\"386802c0\" data-element_type=\"section\">\n\t\t\t\t\t\t<div class=\"elementor-container elementor-column-gap-default\">\n\t\t\t\t\t<div class=\"elementor-column elementor-col-100 elementor-top-column elementor-element elementor-element-57c91c82\" data-id=\"57c91c82\" data-element_type=\"column\">\n\t\t\t<div class=\"elementor-widget-wrap elementor-element-populated\">\n\t\t\t\t\t\t<div class=\"elementor-element elementor-element-7d797756 elementor-widget elementor-widget-shortcode\" data-id=\"7d797756\" data-element_type=\"widget\" data-widget_type=\"shortcode.default\">\n\t\t\t\t<div class=\"elementor-widget-container\">\n\t\t\t\t\t\t\t<div class=\"elementor-shortcode\">\t\t<div data-elementor-type=\"section\" data-elementor-id=\"1890\" class=\"elementor elementor-1890 elementor-2343\" data-elementor-post-type=\"elementor_library\">\n\t\t\t\t\t<section class=\"elementor-section elementor-top-section elementor-element elementor-element-556cd093 elementor-section-boxed elementor-section-height-default elementor-section-height-default\" data-id=\"556cd093\" data-element_type=\"section\">\n\t\t\t\t\t\t<div class=\"elementor-container elementor-column-gap-default\">\n\t\t\t\t\t<div class=\"elementor-column elementor-col-33 elementor-top-column elementor-element elementor-element-5ff8368d\" data-id=\"5ff8368d\" data-element_type=\"column\">\n\t\t\t<div class=\"elementor-widget-wrap elementor-element-populated\">\n\t\t\t\t\t\t<div class=\"elementor-element elementor-element-50d4d8e4 elementor-align-center elementor-widget elementor-widget-button\" data-id=\"50d4d8e4\" data-element_type=\"widget\" data-widget_type=\"button.default\">\n\t\t\t\t<div class=\"elementor-widget-container\">\n\t\t\t\t\t\t\t\t\t<div class=\"elementor-button-wrapper\">\n\t\t\t\t\t<a class=\"elementor-button elementor-button-link elementor-size-sm\" href=\"https:\/\/www.grancanariastays.com\/alquiler-vacacional-en-gran-canaria-sur\/\" target=\"_blank\">\n\t\t\t\t\t\t<span class=\"elementor-button-content-wrapper\">\n\t\t\t\t\t\t\t\t\t<span class=\"elementor-button-text\">Alquiler Gran Canaria<\/span>\n\t\t\t\t\t<\/span>\n\t\t\t\t\t<\/a>\n\t\t\t\t<\/div>\n\t\t\t\t\t\t\t\t<\/div>\n\t\t\t\t<\/div>\n\t\t\t\t\t<\/div>\n\t\t<\/div>\n\t\t\t\t<div class=\"elementor-column elementor-col-33 elementor-top-column elementor-element elementor-element-250c9d4\" data-id=\"250c9d4\" data-element_type=\"column\">\n\t\t\t<div class=\"elementor-widget-wrap elementor-element-populated\">\n\t\t\t\t\t\t<div class=\"elementor-element elementor-element-7cfdeda elementor-align-center elementor-widget elementor-widget-button\" data-id=\"7cfdeda\" data-element_type=\"widget\" data-widget_type=\"button.default\">\n\t\t\t\t<div class=\"elementor-widget-container\">\n\t\t\t\t\t\t\t\t\t<div class=\"elementor-button-wrapper\">\n\t\t\t\t\t<a class=\"elementor-button elementor-button-link elementor-size-sm\" href=\"https:\/\/www.grancanariastays.com\/alquiler\/casas-gran-canaria-c19e77\/\" target=\"_blank\">\n\t\t\t\t\t\t<span class=\"elementor-button-content-wrapper\">\n\t\t\t\t\t\t\t\t\t<span class=\"elementor-button-text\">Casas Gran Canaria<\/span>\n\t\t\t\t\t<\/span>\n\t\t\t\t\t<\/a>\n\t\t\t\t<\/div>\n\t\t\t\t\t\t\t\t<\/div>\n\t\t\t\t<\/div>\n\t\t\t\t\t<\/div>\n\t\t<\/div>\n\t\t\t\t<div class=\"elementor-column elementor-col-33 elementor-top-column elementor-element elementor-element-21b57da6\" data-id=\"21b57da6\" data-element_type=\"column\">\n\t\t\t<div class=\"elementor-widget-wrap elementor-element-populated\">\n\t\t\t\t\t\t<div class=\"elementor-element elementor-element-69ef620f elementor-align-center elementor-widget elementor-widget-button\" data-id=\"69ef620f\" data-element_type=\"widget\" data-widget_type=\"button.default\">\n\t\t\t\t<div class=\"elementor-widget-container\">\n\t\t\t\t\t\t\t\t\t<div class=\"elementor-button-wrapper\">\n\t\t\t\t\t<a class=\"elementor-button elementor-button-link elementor-size-sm\" href=\"https:\/\/www.grancanariastays.com\/villas-gran-canaria-baratas\/\" target=\"_blank\">\n\t\t\t\t\t\t<span class=\"elementor-button-content-wrapper\">\n\t\t\t\t\t\t\t\t\t<span class=\"elementor-button-text\">Villas Gran Canaria<\/span>\n\t\t\t\t\t<\/span>\n\t\t\t\t\t<\/a>\n\t\t\t\t<\/div>\n\t\t\t\t\t\t\t\t<\/div>\n\t\t\t\t<\/div>\n\t\t\t\t\t<\/div>\n\t\t<\/div>\n\t\t\t\t\t<\/div>\n\t\t<\/section>\n\t\t\t\t<\/div>\n\t\t<\/div>\n\t\t\t\t\t\t<\/div>\n\t\t\t\t<\/div>\n\t\t\t\t\t<\/div>\n\t\t<\/div>\n\t\t\t\t\t<\/div>\n\t\t<\/section>\n\t\t\t\t<\/div>\n\t\t","protected":false},"excerpt":{"rendered":"<p>Si vas a visitar Gran Canaria y quieres explorar su naturaleza m\u00e1s salvaje, terecomendamos el Parque Natural de Pilancones, en la zona sur de la isla. Este lugar id\u00edlicotiene una extensi\u00f3n de 5.794 hect\u00e1reas y es un espacio protegido donde la naturaleza tienetiempo y libertad para crecer y florecer. La fauna y la flora son [&hellip;]<\/p>\n","protected":false},"author":3,"featured_media":6560,"comment_status":"open","ping_status":"open","sticky":false,"template":"","format":"standard","meta":{"footnotes":""},"categories":[53],"tags":[],"class_list":["post-6549","post","type-post","status-publish","format-standard","has-post-thumbnail","hentry","category-actividades"],"yoast_head":"<!-- This site is optimized with the Yoast SEO plugin v25.1 - https:\/\/yoast.com\/wordpress\/plugins\/seo\/ -->\n<title>Parque Natural de Pilancones: naturaleza en estado puro - Gran Canaria | Blog<\/title>\n<meta name=\"description\" content=\"Visita el parque Natural de Pilacones en Gran Canaria, donde podr\u00e1s hacer rutas y admirar la belleza volc\u00e1nica de la isla.\" \/>\n<meta name=\"robots\" content=\"index, follow, max-snippet:-1, max-image-preview:large, max-video-preview:-1\" \/>\n<link rel=\"canonical\" href=\"https:\/\/www.grancanariastays.com\/blog\/parque-natural-pilancones\/\" \/>\n<meta property=\"og:locale\" content=\"es_ES\" \/>\n<meta property=\"og:type\" content=\"article\" \/>\n<meta property=\"og:title\" content=\"Parque Natural de Pilancones: naturaleza en estado puro - Gran Canaria | Blog\" \/>\n<meta property=\"og:description\" content=\"Visita el parque Natural de Pilacones en Gran Canaria, donde podr\u00e1s hacer rutas y admirar la belleza volc\u00e1nica de la isla.\" \/>\n<meta property=\"og:url\" content=\"https:\/\/www.grancanariastays.com\/blog\/parque-natural-pilancones\/\" \/>\n<meta property=\"og:site_name\" content=\"Gran Canaria | Blog\" \/>\n<meta property=\"article:publisher\" content=\"https:\/\/www.facebook.com\/Grancanariastays\" \/>\n<meta property=\"article:published_time\" content=\"2025-05-21T13:30:25+00:00\" \/>\n<meta property=\"article:modified_time\" content=\"2025-05-29T10:09:00+00:00\" \/>\n<meta property=\"og:image\" content=\"https:\/\/www.grancanariastays.com\/blog\/wp-content\/uploads\/2025\/05\/Parque-Natural-de-Pilancones.jpg\" \/>\n\t<meta property=\"og:image:width\" content=\"2388\" \/>\n\t<meta property=\"og:image:height\" content=\"796\" \/>\n\t<meta property=\"og:image:type\" content=\"image\/jpeg\" \/>\n<meta name=\"author\" content=\"digitalservices@avantio.com\" \/>\n<meta name=\"twitter:card\" content=\"summary_large_image\" \/>\n<meta name=\"twitter:label1\" content=\"Written by\" \/>\n\t<meta name=\"twitter:data1\" content=\"digitalservices@avantio.com\" \/>\n\t<meta name=\"twitter:label2\" content=\"Est. reading time\" \/>\n\t<meta name=\"twitter:data2\" content=\"6 minutes\" \/>\n<script type=\"application\/ld+json\" class=\"yoast-schema-graph\">{\"@context\":\"https:\/\/schema.org\",\"@graph\":[{\"@type\":\"Article\",\"@id\":\"https:\/\/www.grancanariastays.com\/blog\/parque-natural-pilancones\/#article\",\"isPartOf\":{\"@id\":\"https:\/\/www.grancanariastays.com\/blog\/parque-natural-pilancones\/\"},\"author\":{\"name\":\"digitalservices@avantio.com\",\"@id\":\"https:\/\/www.grancanariastays.com\/blog\/#\/schema\/person\/35f7856bb384d1ebae2b3aa592e46d5f\"},\"headline\":\"Parque Natural de Pilancones: naturaleza en estado puro\",\"datePublished\":\"2025-05-21T13:30:25+00:00\",\"dateModified\":\"2025-05-29T10:09:00+00:00\",\"mainEntityOfPage\":{\"@id\":\"https:\/\/www.grancanariastays.com\/blog\/parque-natural-pilancones\/\"},\"wordCount\":1069,\"commentCount\":0,\"publisher\":{\"@id\":\"https:\/\/www.grancanariastays.com\/blog\/#organization\"},\"image\":{\"@id\":\"https:\/\/www.grancanariastays.com\/blog\/parque-natural-pilancones\/#primaryimage\"},\"thumbnailUrl\":\"https:\/\/www.grancanariastays.com\/blog\/wp-content\/uploads\/2025\/05\/Parque-Natural-de-Pilancones.jpg\",\"articleSection\":[\"Actividades\"],\"inLanguage\":\"es\",\"potentialAction\":[{\"@type\":\"CommentAction\",\"name\":\"Comment\",\"target\":[\"https:\/\/www.grancanariastays.com\/blog\/parque-natural-pilancones\/#respond\"]}]},{\"@type\":\"WebPage\",\"@id\":\"https:\/\/www.grancanariastays.com\/blog\/parque-natural-pilancones\/\",\"url\":\"https:\/\/www.grancanariastays.com\/blog\/parque-natural-pilancones\/\",\"name\":\"Parque Natural de Pilancones: naturaleza en estado puro - Gran Canaria | Blog\",\"isPartOf\":{\"@id\":\"https:\/\/www.grancanariastays.com\/blog\/#website\"},\"primaryImageOfPage\":{\"@id\":\"https:\/\/www.grancanariastays.com\/blog\/parque-natural-pilancones\/#primaryimage\"},\"image\":{\"@id\":\"https:\/\/www.grancanariastays.com\/blog\/parque-natural-pilancones\/#primaryimage\"},\"thumbnailUrl\":\"https:\/\/www.grancanariastays.com\/blog\/wp-content\/uploads\/2025\/05\/Parque-Natural-de-Pilancones.jpg\",\"datePublished\":\"2025-05-21T13:30:25+00:00\",\"dateModified\":\"2025-05-29T10:09:00+00:00\",\"description\":\"Visita el parque Natural de Pilacones en Gran Canaria, donde podr\u00e1s hacer rutas y admirar la belleza volc\u00e1nica de la isla.\",\"breadcrumb\":{\"@id\":\"https:\/\/www.grancanariastays.com\/blog\/parque-natural-pilancones\/#breadcrumb\"},\"inLanguage\":\"es\",\"potentialAction\":[{\"@type\":\"ReadAction\",\"target\":[\"https:\/\/www.grancanariastays.com\/blog\/parque-natural-pilancones\/\"]}]},{\"@type\":\"ImageObject\",\"inLanguage\":\"es\",\"@id\":\"https:\/\/www.grancanariastays.com\/blog\/parque-natural-pilancones\/#primaryimage\",\"url\":\"https:\/\/www.grancanariastays.com\/blog\/wp-content\/uploads\/2025\/05\/Parque-Natural-de-Pilancones.jpg\",\"contentUrl\":\"https:\/\/www.grancanariastays.com\/blog\/wp-content\/uploads\/2025\/05\/Parque-Natural-de-Pilancones.jpg\",\"width\":2388,\"height\":796,\"caption\":\"Pines at dawn with cloudy sky, natural park of Pilancones, Canary Islands\"},{\"@type\":\"BreadcrumbList\",\"@id\":\"https:\/\/www.grancanariastays.com\/blog\/parque-natural-pilancones\/#breadcrumb\",\"itemListElement\":[{\"@type\":\"ListItem\",\"position\":1,\"name\":\"Portada\",\"item\":\"https:\/\/www.grancanariastays.com\/blog\/\"},{\"@type\":\"ListItem\",\"position\":2,\"name\":\"Parque Natural de Pilancones: naturaleza en estado puro\"}]},{\"@type\":\"WebSite\",\"@id\":\"https:\/\/www.grancanariastays.com\/blog\/#website\",\"url\":\"https:\/\/www.grancanariastays.com\/blog\/\",\"name\":\"Gran Canaria Stays\",\"description\":\"\",\"publisher\":{\"@id\":\"https:\/\/www.grancanariastays.com\/blog\/#organization\"},\"potentialAction\":[{\"@type\":\"SearchAction\",\"target\":{\"@type\":\"EntryPoint\",\"urlTemplate\":\"https:\/\/www.grancanariastays.com\/blog\/?s={search_term_string}\"},\"query-input\":{\"@type\":\"PropertyValueSpecification\",\"valueRequired\":true,\"valueName\":\"search_term_string\"}}],\"inLanguage\":\"es\"},{\"@type\":\"Organization\",\"@id\":\"https:\/\/www.grancanariastays.com\/blog\/#organization\",\"name\":\"Gran Canaria Stays\",\"url\":\"https:\/\/www.grancanariastays.com\/blog\/\",\"logo\":{\"@type\":\"ImageObject\",\"inLanguage\":\"es\",\"@id\":\"https:\/\/www.grancanariastays.com\/blog\/#\/schema\/logo\/image\/\",\"url\":\"https:\/\/www.grancanariastays.com\/blog\/wp-content\/uploads\/2024\/01\/logo-gran-canaria-stays.png\",\"contentUrl\":\"https:\/\/www.grancanariastays.com\/blog\/wp-content\/uploads\/2024\/01\/logo-gran-canaria-stays.png\",\"width\":300,\"height\":112,\"caption\":\"Gran Canaria Stays\"},\"image\":{\"@id\":\"https:\/\/www.grancanariastays.com\/blog\/#\/schema\/logo\/image\/\"},\"sameAs\":[\"https:\/\/www.facebook.com\/Grancanariastays\",\"https:\/\/www.instagram.com\/grancanariastays\/\"]},{\"@type\":\"Person\",\"@id\":\"https:\/\/www.grancanariastays.com\/blog\/#\/schema\/person\/35f7856bb384d1ebae2b3aa592e46d5f\",\"name\":\"digitalservices@avantio.com\",\"image\":{\"@type\":\"ImageObject\",\"inLanguage\":\"es\",\"@id\":\"https:\/\/www.grancanariastays.com\/blog\/#\/schema\/person\/image\/\",\"url\":\"https:\/\/secure.gravatar.com\/avatar\/af30f88a1904294c1f3eb09a9d7903eec4ffa18fa2cf40c28a8681014ecdfc20?s=96&d=mm&r=g\",\"contentUrl\":\"https:\/\/secure.gravatar.com\/avatar\/af30f88a1904294c1f3eb09a9d7903eec4ffa18fa2cf40c28a8681014ecdfc20?s=96&d=mm&r=g\",\"caption\":\"digitalservices@avantio.com\"},\"url\":\"https:\/\/www.grancanariastays.com\/blog\/author\/digitalservicesavantio-com\/\"}]}<\/script>\n<!-- \/ Yoast SEO plugin. -->","yoast_head_json":{"title":"Parque Natural de Pilancones: naturaleza en estado puro - Gran Canaria | Blog","description":"Visita el parque Natural de Pilacones en Gran Canaria, donde podr\u00e1s hacer rutas y admirar la belleza volc\u00e1nica de la isla.","robots":{"index":"index","follow":"follow","max-snippet":"max-snippet:-1","max-image-preview":"max-image-preview:large","max-video-preview":"max-video-preview:-1"},"canonical":"https:\/\/www.grancanariastays.com\/blog\/parque-natural-pilancones\/","og_locale":"es_ES","og_type":"article","og_title":"Parque Natural de Pilancones: naturaleza en estado puro - Gran Canaria | Blog","og_description":"Visita el parque Natural de Pilacones en Gran Canaria, donde podr\u00e1s hacer rutas y admirar la belleza volc\u00e1nica de la isla.","og_url":"https:\/\/www.grancanariastays.com\/blog\/parque-natural-pilancones\/","og_site_name":"Gran Canaria | Blog","article_publisher":"https:\/\/www.facebook.com\/Grancanariastays","article_published_time":"2025-05-21T13:30:25+00:00","article_modified_time":"2025-05-29T10:09:00+00:00","og_image":[{"width":2388,"height":796,"url":"https:\/\/www.grancanariastays.com\/blog\/wp-content\/uploads\/2025\/05\/Parque-Natural-de-Pilancones.jpg","type":"image\/jpeg"}],"author":"digitalservices@avantio.com","twitter_card":"summary_large_image","twitter_misc":{"Written by":"digitalservices@avantio.com","Est. reading time":"6 minutes"},"schema":{"@context":"https:\/\/schema.org","@graph":[{"@type":"Article","@id":"https:\/\/www.grancanariastays.com\/blog\/parque-natural-pilancones\/#article","isPartOf":{"@id":"https:\/\/www.grancanariastays.com\/blog\/parque-natural-pilancones\/"},"author":{"name":"digitalservices@avantio.com","@id":"https:\/\/www.grancanariastays.com\/blog\/#\/schema\/person\/35f7856bb384d1ebae2b3aa592e46d5f"},"headline":"Parque Natural de Pilancones: naturaleza en estado puro","datePublished":"2025-05-21T13:30:25+00:00","dateModified":"2025-05-29T10:09:00+00:00","mainEntityOfPage":{"@id":"https:\/\/www.grancanariastays.com\/blog\/parque-natural-pilancones\/"},"wordCount":1069,"commentCount":0,"publisher":{"@id":"https:\/\/www.grancanariastays.com\/blog\/#organization"},"image":{"@id":"https:\/\/www.grancanariastays.com\/blog\/parque-natural-pilancones\/#primaryimage"},"thumbnailUrl":"https:\/\/www.grancanariastays.com\/blog\/wp-content\/uploads\/2025\/05\/Parque-Natural-de-Pilancones.jpg","articleSection":["Actividades"],"inLanguage":"es","potentialAction":[{"@type":"CommentAction","name":"Comment","target":["https:\/\/www.grancanariastays.com\/blog\/parque-natural-pilancones\/#respond"]}]},{"@type":"WebPage","@id":"https:\/\/www.grancanariastays.com\/blog\/parque-natural-pilancones\/","url":"https:\/\/www.grancanariastays.com\/blog\/parque-natural-pilancones\/","name":"Parque Natural de Pilancones: naturaleza en estado puro - Gran Canaria | Blog","isPartOf":{"@id":"https:\/\/www.grancanariastays.com\/blog\/#website"},"primaryImageOfPage":{"@id":"https:\/\/www.grancanariastays.com\/blog\/parque-natural-pilancones\/#primaryimage"},"image":{"@id":"https:\/\/www.grancanariastays.com\/blog\/parque-natural-pilancones\/#primaryimage"},"thumbnailUrl":"https:\/\/www.grancanariastays.com\/blog\/wp-content\/uploads\/2025\/05\/Parque-Natural-de-Pilancones.jpg","datePublished":"2025-05-21T13:30:25+00:00","dateModified":"2025-05-29T10:09:00+00:00","description":"Visita el parque Natural de Pilacones en Gran Canaria, donde podr\u00e1s hacer rutas y admirar la belleza volc\u00e1nica de la isla.","breadcrumb":{"@id":"https:\/\/www.grancanariastays.com\/blog\/parque-natural-pilancones\/#breadcrumb"},"inLanguage":"es","potentialAction":[{"@type":"ReadAction","target":["https:\/\/www.grancanariastays.com\/blog\/parque-natural-pilancones\/"]}]},{"@type":"ImageObject","inLanguage":"es","@id":"https:\/\/www.grancanariastays.com\/blog\/parque-natural-pilancones\/#primaryimage","url":"https:\/\/www.grancanariastays.com\/blog\/wp-content\/uploads\/2025\/05\/Parque-Natural-de-Pilancones.jpg","contentUrl":"https:\/\/www.grancanariastays.com\/blog\/wp-content\/uploads\/2025\/05\/Parque-Natural-de-Pilancones.jpg","width":2388,"height":796,"caption":"Pines at dawn with cloudy sky, natural park of Pilancones, Canary Islands"},{"@type":"BreadcrumbList","@id":"https:\/\/www.grancanariastays.com\/blog\/parque-natural-pilancones\/#breadcrumb","itemListElement":[{"@type":"ListItem","position":1,"name":"Portada","item":"https:\/\/www.grancanariastays.com\/blog\/"},{"@type":"ListItem","position":2,"name":"Parque Natural de Pilancones: naturaleza en estado puro"}]},{"@type":"WebSite","@id":"https:\/\/www.grancanariastays.com\/blog\/#website","url":"https:\/\/www.grancanariastays.com\/blog\/","name":"Gran Canaria Stays","description":"","publisher":{"@id":"https:\/\/www.grancanariastays.com\/blog\/#organization"},"potentialAction":[{"@type":"SearchAction","target":{"@type":"EntryPoint","urlTemplate":"https:\/\/www.grancanariastays.com\/blog\/?s={search_term_string}"},"query-input":{"@type":"PropertyValueSpecification","valueRequired":true,"valueName":"search_term_string"}}],"inLanguage":"es"},{"@type":"Organization","@id":"https:\/\/www.grancanariastays.com\/blog\/#organization","name":"Gran Canaria Stays","url":"https:\/\/www.grancanariastays.com\/blog\/","logo":{"@type":"ImageObject","inLanguage":"es","@id":"https:\/\/www.grancanariastays.com\/blog\/#\/schema\/logo\/image\/","url":"https:\/\/www.grancanariastays.com\/blog\/wp-content\/uploads\/2024\/01\/logo-gran-canaria-stays.png","contentUrl":"https:\/\/www.grancanariastays.com\/blog\/wp-content\/uploads\/2024\/01\/logo-gran-canaria-stays.png","width":300,"height":112,"caption":"Gran Canaria Stays"},"image":{"@id":"https:\/\/www.grancanariastays.com\/blog\/#\/schema\/logo\/image\/"},"sameAs":["https:\/\/www.facebook.com\/Grancanariastays","https:\/\/www.instagram.com\/grancanariastays\/"]},{"@type":"Person","@id":"https:\/\/www.grancanariastays.com\/blog\/#\/schema\/person\/35f7856bb384d1ebae2b3aa592e46d5f","name":"digitalservices@avantio.com","image":{"@type":"ImageObject","inLanguage":"es","@id":"https:\/\/www.grancanariastays.com\/blog\/#\/schema\/person\/image\/","url":"https:\/\/secure.gravatar.com\/avatar\/af30f88a1904294c1f3eb09a9d7903eec4ffa18fa2cf40c28a8681014ecdfc20?s=96&d=mm&r=g","contentUrl":"https:\/\/secure.gravatar.com\/avatar\/af30f88a1904294c1f3eb09a9d7903eec4ffa18fa2cf40c28a8681014ecdfc20?s=96&d=mm&r=g","caption":"digitalservices@avantio.com"},"url":"https:\/\/www.grancanariastays.com\/blog\/author\/digitalservicesavantio-com\/"}]}},"_links":{"self":[{"href":"https:\/\/www.grancanariastays.com\/blog\/wp-json\/wp\/v2\/posts\/6549","targetHints":{"allow":["GET"]}}],"collection":[{"href":"https:\/\/www.grancanariastays.com\/blog\/wp-json\/wp\/v2\/posts"}],"about":[{"href":"https:\/\/www.grancanariastays.com\/blog\/wp-json\/wp\/v2\/types\/post"}],"author":[{"embeddable":true,"href":"https:\/\/www.grancanariastays.com\/blog\/wp-json\/wp\/v2\/users\/3"}],"replies":[{"embeddable":true,"href":"https:\/\/www.grancanariastays.com\/blog\/wp-json\/wp\/v2\/comments?post=6549"}],"version-history":[{"count":5,"href":"https:\/\/www.grancanariastays.com\/blog\/wp-json\/wp\/v2\/posts\/6549\/revisions"}],"predecessor-version":[{"id":6566,"href":"https:\/\/www.grancanariastays.com\/blog\/wp-json\/wp\/v2\/posts\/6549\/revisions\/6566"}],"wp:featuredmedia":[{"embeddable":true,"href":"https:\/\/www.grancanariastays.com\/blog\/wp-json\/wp\/v2\/media\/6560"}],"wp:attachment":[{"href":"https:\/\/www.grancanariastays.com\/blog\/wp-json\/wp\/v2\/media?parent=6549"}],"wp:term":[{"taxonomy":"category","embeddable":true,"href":"https:\/\/www.grancanariastays.com\/blog\/wp-json\/wp\/v2\/categories?post=6549"},{"taxonomy":"post_tag","embeddable":true,"href":"https:\/\/www.grancanariastays.com\/blog\/wp-json\/wp\/v2\/tags?post=6549"}],"curies":[{"name":"wp","href":"https:\/\/api.w.org\/{rel}","templated":true}]}}